{"id":64087,"date":"2025-09-10T00:03:51","date_gmt":"2025-09-10T06:03:51","guid":{"rendered":"https:\/\/noticiasveracruz.com\/?p=64087"},"modified":"2025-09-09T23:50:33","modified_gmt":"2025-09-10T05:50:33","slug":"dialogo-historico-entre-el-ejecutivo-y-el-poder-judicial-fortalece-la-justicia-en-veracruz","status":"publish","type":"post","link":"https:\/\/noticiasveracruz.com\/index.php\/2025\/09\/10\/dialogo-historico-entre-el-ejecutivo-y-el-poder-judicial-fortalece-la-justicia-en-veracruz\/","title":{"rendered":"Di\u00e1logo hist\u00f3rico entre el Ejecutivo y el Poder Judicial fortalece la justicia en Veracruz"},"content":{"rendered":"<p>La gobernadora Roc\u00edo Nahle Garc\u00eda recibi\u00f3 al presidente de la Suprema Corte de Justicia de la Naci\u00f3n (SCJN), Hugo Aguilar Hern\u00e1ndez, y a la presidenta del Tribunal Superior de Justicia, Rosalba Hern\u00e1ndez Hern\u00e1ndez, en un encuentro marcado por el respeto entre ambos Poderes.<\/p>\n<p>&nbsp;<\/p>\n<p>Destac\u00f3 que este di\u00e1logo es hist\u00f3rico, ya que por primera vez los m\u00e1ximos representantes del Poder Judicial fueron elegidos por voto popular, un hecho sin precedentes a nivel mundial.<\/p>\n<p>&nbsp;<\/p>\n<p>Refrend\u00f3 el compromiso del Estado para trabajar de manera conjunta en la construcci\u00f3n de una impartici\u00f3n de justicia con igualdad, enfoque social y atenci\u00f3n a los grupos m\u00e1s vulnerables.<\/p>\n<p>&nbsp;<\/p>\n<p>En este marco, resalt\u00f3 los programas Veracruzana Protegida y Amiga, yo te ayudo, que han auxiliado a m\u00e1s de 800 mujeres. Veracruzana Protegida permite pedir ayuda inmediata mediante una app y c\u00f3digo QR, mientras que Amiga, yo te ayudo brinda asesor\u00eda y representaci\u00f3n jur\u00eddica gratuita a v\u00edctimas de violencia econ\u00f3mica.<\/p>\n<p>&nbsp;<\/p>\n<p>De igual forma, valor\u00f3 la iniciativa del Presiente de la SCJN de implementar sesiones itinerantes, acercando la justicia a pueblos ind\u00edgenas, mujeres y personas LGBTIQ+.<\/p>\n","protected":false},"excerpt":{"rendered":"<p>La gobernadora Roc\u00edo Nahle Garc\u00eda recibi\u00f3 al presidente de la Suprema Corte de Justicia de la Naci\u00f3n (SCJN), Hugo Aguilar<\/p>\n","protected":false},"author":4,"featured_media":64088,"comment_status":"closed","ping_status":"closed","sticky":false,"template":"","format":"standard","meta":{"colormag_page_container_layout":"default_layout","colormag_page_sidebar_layout":"default_layout","_jetpack_memberships_contains_paid_content":false,"footnotes":"","jetpack_publicize_message":"","jetpack_publicize_feature_enabled":true,"jetpack_social_post_already_shared":true,"jetpack_social_options":{"image_generator_settings":{"template":"highway","default_image_id":0,"font":"","enabled":false},"version":2}},"categories":[356],"tags":[],"class_list":["post-64087","post","type-post","status-publish","format-standard","has-post-thumbnail","hentry","category-veracruz"],"jetpack_publicize_connections":[],"jetpack_featured_media_url":"https:\/\/noticiasveracruz.com\/wp-content\/uploads\/2025\/09\/WhatsApp-Image-2025-09-08-at-19.45.30-scaled.jpeg","jetpack_sharing_enabled":true,"publishpress_future_action":{"enabled":false,"date":"2026-05-04 09:17:33","action":"change-status","newStatus":"draft","terms":[],"taxonomy":"category","extraData":[]},"publishpress_future_workflow_manual_trigger":{"enabledWorkflows":[]},"_links":{"self":[{"href":"https:\/\/noticiasveracruz.com\/index.php\/wp-json\/wp\/v2\/posts\/64087","targetHints":{"allow":["GET"]}}],"collection":[{"href":"https:\/\/noticiasveracruz.com\/index.php\/wp-json\/wp\/v2\/posts"}],"about":[{"href":"https:\/\/noticiasveracruz.com\/index.php\/wp-json\/wp\/v2\/types\/post"}],"author":[{"embeddable":true,"href":"https:\/\/noticiasveracruz.com\/index.php\/wp-json\/wp\/v2\/users\/4"}],"replies":[{"embeddable":true,"href":"https:\/\/noticiasveracruz.com\/index.php\/wp-json\/wp\/v2\/comments?post=64087"}],"version-history":[{"count":0,"href":"https:\/\/noticiasveracruz.com\/index.php\/wp-json\/wp\/v2\/posts\/64087\/revisions"}],"wp:featuredmedia":[{"embeddable":true,"href":"https:\/\/noticiasveracruz.com\/index.php\/wp-json\/wp\/v2\/media\/64088"}],"wp:attachment":[{"href":"https:\/\/noticiasveracruz.com\/index.php\/wp-json\/wp\/v2\/media?parent=64087"}],"wp:term":[{"taxonomy":"category","embeddable":true,"href":"https:\/\/noticiasveracruz.com\/index.php\/wp-json\/wp\/v2\/categories?post=64087"},{"taxonomy":"post_tag","embeddable":true,"href":"https:\/\/noticiasveracruz.com\/index.php\/wp-json\/wp\/v2\/tags?post=64087"}],"curies":[{"name":"wp","href":"https:\/\/api.w.org\/{rel}","templated":true}]}}