{"id":64084,"date":"2025-09-10T00:02:59","date_gmt":"2025-09-10T06:02:59","guid":{"rendered":"https:\/\/noticiasveracruz.com\/?p=64084"},"modified":"2025-09-09T23:49:29","modified_gmt":"2025-09-10T05:49:29","slug":"veracruz-y-tabasco-firman-convenio-de-seguridad-para-blindar-la-frontera-sur","status":"publish","type":"post","link":"https:\/\/noticiasveracruz.com\/index.php\/2025\/09\/10\/veracruz-y-tabasco-firman-convenio-de-seguridad-para-blindar-la-frontera-sur\/","title":{"rendered":"Veracruz y Tabasco firman convenio de seguridad para blindar la frontera sur"},"content":{"rendered":"<p>La gobernadora Roc\u00edo Nahle Garc\u00eda y su hom\u00f3logo de Tabasco, Javier May Rodr\u00edguez, signaron el Convenio de Coordinaci\u00f3n y Colaboraci\u00f3n de Seguridad, con el que Veracruz refuerza de manera integral la protecci\u00f3n en todas sus fronteras y consolida un frente regional en el sur-sureste del pa\u00eds.<\/p>\n<p>Este acuerdo se suma a los ya suscritos con Chiapas, Oaxaca, Puebla e Hidalgo, en cumplimiento a los lineamientos del Plan Nacional de Construcci\u00f3n de Paz impulsado por la presidenta de M\u00e9xico, Claudia Sheinbaum Pardo.<\/p>\n<p>La Gobernadora destac\u00f3 que la seguridad es una tarea que requiere cooperaci\u00f3n plena entre entidades vecinas y con las fuerzas federales por lo que la colaboraci\u00f3n incluye intercambio de informaci\u00f3n, operativos conjuntos y el respaldo de instituciones como las secretar\u00edas de la Defensa Nacional, Marina y Guardia Nacional, adem\u00e1s de las fiscal\u00edas estatales y la Fiscal\u00eda General de la Rep\u00fablica.<\/p>\n<p>El gobernador reconoci\u00f3 la hospitalidad de Veracruz y subray\u00f3 la importancia de convertir los l\u00edmites territoriales en oportunidades de cooperaci\u00f3n: \u201cla seguridad y la paz no reconocen fronteras; queremos que la relaci\u00f3n entre Veracruz y Tabasco sea un espacio de desarrollo y de paz, y no un refugio para quienes da\u00f1an a su gente\u201d.<\/p>\n<p>A\u00f1adi\u00f3 que el convenio permitir\u00e1 vigilar ductos, carreteras, instalaciones estrat\u00e9gicas y zonas de tr\u00e1nsito comercial, cerrando el paso a la delincuencia organizada, \u201cla seguridad se construye mejor cuando se trabaja en equipo. En Tabasco, Veracruz encontrar\u00e1 siempre un aliado dispuesto a sumar esfuerzos para garantizar paz y tranquilidad en esta regi\u00f3n estrat\u00e9gica del sur-sureste de M\u00e9xico\u201d.<\/p>\n<p>El acuerdo con Tabasco se alinea a la estrategia nacional basada en cuatro ejes fundamentales, la atenci\u00f3n a las causas sociales para atacar la ra\u00edz de la violencia; la consolidaci\u00f3n de la Guardia Nacional con despliegue en todo el pa\u00eds; el fortalecimiento de inteligencia e investigaci\u00f3n para reducir la impunidad y la coordinaci\u00f3n efectiva entre Federaci\u00f3n y entidades federativas.<\/p>\n<p>En la firma del convenio participaron autoridades federales y estatales de seguridad, procuraci\u00f3n de justicia y fuerzas armadas de ambas entidades.<\/p>\n","protected":false},"excerpt":{"rendered":"<p>La gobernadora Roc\u00edo Nahle Garc\u00eda y su hom\u00f3logo de Tabasco, Javier May Rodr\u00edguez, signaron el Convenio de Coordinaci\u00f3n y Colaboraci\u00f3n<\/p>\n","protected":false},"author":4,"featured_media":64085,"comment_status":"closed","ping_status":"closed","sticky":false,"template":"","format":"standard","meta":{"colormag_page_container_layout":"default_layout","colormag_page_sidebar_layout":"default_layout","_jetpack_memberships_contains_paid_content":false,"footnotes":"","jetpack_publicize_message":"","jetpack_publicize_feature_enabled":true,"jetpack_social_post_already_shared":true,"jetpack_social_options":{"image_generator_settings":{"template":"highway","default_image_id":0,"font":"","enabled":false},"version":2}},"categories":[356],"tags":[],"class_list":["post-64084","post","type-post","status-publish","format-standard","has-post-thumbnail","hentry","category-veracruz"],"jetpack_publicize_connections":[],"jetpack_featured_media_url":"https:\/\/noticiasveracruz.com\/wp-content\/uploads\/2025\/09\/WhatsApp-Image-2025-09-08-at-12.30.04-2.jpg","jetpack_sharing_enabled":true,"publishpress_future_action":{"enabled":false,"date":"2026-05-04 11:51:45","action":"change-status","newStatus":"draft","terms":[],"taxonomy":"category","extraData":[]},"publishpress_future_workflow_manual_trigger":{"enabledWorkflows":[]},"_links":{"self":[{"href":"https:\/\/noticiasveracruz.com\/index.php\/wp-json\/wp\/v2\/posts\/64084","targetHints":{"allow":["GET"]}}],"collection":[{"href":"https:\/\/noticiasveracruz.com\/index.php\/wp-json\/wp\/v2\/posts"}],"about":[{"href":"https:\/\/noticiasveracruz.com\/index.php\/wp-json\/wp\/v2\/types\/post"}],"author":[{"embeddable":true,"href":"https:\/\/noticiasveracruz.com\/index.php\/wp-json\/wp\/v2\/users\/4"}],"replies":[{"embeddable":true,"href":"https:\/\/noticiasveracruz.com\/index.php\/wp-json\/wp\/v2\/comments?post=64084"}],"version-history":[{"count":0,"href":"https:\/\/noticiasveracruz.com\/index.php\/wp-json\/wp\/v2\/posts\/64084\/revisions"}],"wp:featuredmedia":[{"embeddable":true,"href":"https:\/\/noticiasveracruz.com\/index.php\/wp-json\/wp\/v2\/media\/64085"}],"wp:attachment":[{"href":"https:\/\/noticiasveracruz.com\/index.php\/wp-json\/wp\/v2\/media?parent=64084"}],"wp:term":[{"taxonomy":"category","embeddable":true,"href":"https:\/\/noticiasveracruz.com\/index.php\/wp-json\/wp\/v2\/categories?post=64084"},{"taxonomy":"post_tag","embeddable":true,"href":"https:\/\/noticiasveracruz.com\/index.php\/wp-json\/wp\/v2\/tags?post=64084"}],"curies":[{"name":"wp","href":"https:\/\/api.w.org\/{rel}","templated":true}]}}