{"id":64081,"date":"2025-09-10T00:01:45","date_gmt":"2025-09-10T06:01:45","guid":{"rendered":"https:\/\/noticiasveracruz.com\/?p=64081"},"modified":"2025-09-09T23:48:23","modified_gmt":"2025-09-10T05:48:23","slug":"entrega-sev-mas-de-500-basificaciones-a-personal-de-apoyo-y-asistencia-a-la-educacion","status":"publish","type":"post","link":"https:\/\/noticiasveracruz.com\/index.php\/2025\/09\/10\/entrega-sev-mas-de-500-basificaciones-a-personal-de-apoyo-y-asistencia-a-la-educacion\/","title":{"rendered":"Entrega SEV m\u00e1s de 500 basificaciones a personal de Apoyo y Asistencia a la Educaci\u00f3n"},"content":{"rendered":"<p>La Secretar\u00eda de Educaci\u00f3n de Veracruz (SEV) entreg\u00f3 561 constancias de basificaci\u00f3n a personal de Apoyo y Asistencia a la Educaci\u00f3n, en un acto de justicia social que garantiza estabilidad laboral y reconoce d\u00e9cadas de compromiso con el sistema educativo.<\/p>\n<p>&nbsp;<\/p>\n<p>Durante la ceremonia realizada en la explanada de las oficinas centrales, la titular de la SEV, Claudia Tello Espinosa, otorg\u00f3 este beneficio a trabajadores que en algunos casos llevaban m\u00e1s de 35 a\u00f1os laborando bajo esquemas eventuales o temporales.<\/p>\n<p>&nbsp;<\/p>\n<p>Este paso representa certeza laboral, acceso pleno a prestaciones sociales, desarrollo profesional dentro del servicio p\u00fablico y, sobre todo, el reconocimiento al esfuerzo de toda una vida dedicada a la educaci\u00f3n, subray\u00f3.<\/p>\n<p>&nbsp;<\/p>\n<p>La funcionaria agradeci\u00f3 el respaldo de la gobernadora Roc\u00edo Nahle Garc\u00eda, al destacar que la transformaci\u00f3n en Veracruz se construye con hechos y decisiones responsables que dignifican la vida de las personas.<\/p>\n<p>&nbsp;<\/p>\n<p>Acompa\u00f1ada por el oficial mayor, Jos\u00e9 Ram\u00f3n Cardona Mendoza, y la titular del \u00d3rgano Interno de Control, Magdiel Mart\u00ednez Monge, Tello Espinosa enfatiz\u00f3 que el personal de Apoyo y Asistencia a la Educaci\u00f3n constituye un pilar esencial en el engranaje que impulsa la calidad del servicio educativo en el estado.<\/p>\n<p>&nbsp;<\/p>\n<p>Con esta acci\u00f3n, el Gobierno de Veracruz reafirma su compromiso con la justicia laboral, la equidad y el fortalecimiento del sistema educativo, garantizando condiciones s\u00f3lidas y humanas para su personal.<\/p>\n","protected":false},"excerpt":{"rendered":"<p>La Secretar\u00eda de Educaci\u00f3n de Veracruz (SEV) entreg\u00f3 561 constancias de basificaci\u00f3n a personal de Apoyo y Asistencia a la<\/p>\n","protected":false},"author":4,"featured_media":64082,"comment_status":"closed","ping_status":"closed","sticky":false,"template":"","format":"standard","meta":{"colormag_page_container_layout":"default_layout","colormag_page_sidebar_layout":"default_layout","_jetpack_memberships_contains_paid_content":false,"footnotes":"","jetpack_publicize_message":"","jetpack_publicize_feature_enabled":true,"jetpack_social_post_already_shared":true,"jetpack_social_options":{"image_generator_settings":{"template":"highway","default_image_id":0,"font":"","enabled":false},"version":2}},"categories":[356],"tags":[],"class_list":["post-64081","post","type-post","status-publish","format-standard","has-post-thumbnail","hentry","category-veracruz"],"jetpack_publicize_connections":[],"jetpack_featured_media_url":"https:\/\/noticiasveracruz.com\/wp-content\/uploads\/2025\/09\/WhatsApp-Image-2025-09-08-at-19.45.54.jpeg","jetpack_sharing_enabled":true,"publishpress_future_action":{"enabled":false,"date":"2026-05-06 01:20:38","action":"change-status","newStatus":"draft","terms":[],"taxonomy":"category","extraData":[]},"publishpress_future_workflow_manual_trigger":{"enabledWorkflows":[]},"_links":{"self":[{"href":"https:\/\/noticiasveracruz.com\/index.php\/wp-json\/wp\/v2\/posts\/64081","targetHints":{"allow":["GET"]}}],"collection":[{"href":"https:\/\/noticiasveracruz.com\/index.php\/wp-json\/wp\/v2\/posts"}],"about":[{"href":"https:\/\/noticiasveracruz.com\/index.php\/wp-json\/wp\/v2\/types\/post"}],"author":[{"embeddable":true,"href":"https:\/\/noticiasveracruz.com\/index.php\/wp-json\/wp\/v2\/users\/4"}],"replies":[{"embeddable":true,"href":"https:\/\/noticiasveracruz.com\/index.php\/wp-json\/wp\/v2\/comments?post=64081"}],"version-history":[{"count":0,"href":"https:\/\/noticiasveracruz.com\/index.php\/wp-json\/wp\/v2\/posts\/64081\/revisions"}],"wp:featuredmedia":[{"embeddable":true,"href":"https:\/\/noticiasveracruz.com\/index.php\/wp-json\/wp\/v2\/media\/64082"}],"wp:attachment":[{"href":"https:\/\/noticiasveracruz.com\/index.php\/wp-json\/wp\/v2\/media?parent=64081"}],"wp:term":[{"taxonomy":"category","embeddable":true,"href":"https:\/\/noticiasveracruz.com\/index.php\/wp-json\/wp\/v2\/categories?post=64081"},{"taxonomy":"post_tag","embeddable":true,"href":"https:\/\/noticiasveracruz.com\/index.php\/wp-json\/wp\/v2\/tags?post=64081"}],"curies":[{"name":"wp","href":"https:\/\/api.w.org\/{rel}","templated":true}]}}