{"id":6402,"date":"2022-07-22T15:25:32","date_gmt":"2022-07-22T20:25:32","guid":{"rendered":"https:\/\/noticiasveracruz.com\/?p=6402"},"modified":"2022-07-22T15:25:32","modified_gmt":"2022-07-22T20:25:32","slug":"defendiendo-al-verdugo","status":"publish","type":"post","link":"https:\/\/noticiasveracruz.com\/index.php\/2022\/07\/22\/defendiendo-al-verdugo\/","title":{"rendered":"Defendiendo al verdugo"},"content":{"rendered":"<p>&nbsp;<\/p>\n<p class=\"p1\"><strong><span style=\"font-size: 18pt;\">Por Laura Cevallos\u00a0<\/span><\/strong><\/p>\n<p class=\"p1\"><span style=\"font-size: 14pt;\">No puede ser la vileza, lo que marque el ritmo de comportamiento y tendencia de las noticias, pero sobre todo, no puede marcar la l\u00ednea de pensamiento y comunicaci\u00f3n de las personas que sabemos que la dignidad y la decencia son el ingrediente principal en todas las relaciones humanas y pol\u00edticas.<\/span><\/p>\n<p class=\"p1\"><span style=\"font-size: 14pt;\"><span style=\"font-size: 18pt;\"><strong>Nos hemos soplado varios audios en los que el presidente nacional del PRI, Alejandro Moreno, no solo hace un despliegue del arsenal de vulgaridades con que habitualmente habla. Sabemos que la gente de la costa es malcriadona, pero de ah\u00ed a la coprolalia que lo caracteriza, hay un universo de diferencia.<\/strong> <\/span>Y siendo adultos, digamos que no nos espanta -aunque nos asquea- la voz y las palabrotas de Moreno, aunque lo que en realidad es repugnante, es la forma en que se refiere de otras personas de su c\u00edrculo cercano: de empresarios con los que hac\u00eda negocio y de los que se ha hecho bastante millonario; de los pol\u00edticos con quienes ha tejido redes de alta corrupci\u00f3n que podr\u00edan casi considerarse de nepotismo; de personas inc\u00f3modas a las que, si lo decide, les destruye la reputaci\u00f3n con una publicaci\u00f3n en peri\u00f3dico local (o a la mam\u00e1, si es que la resistencia es m\u00e1s grave).<\/span><\/p>\n<p class=\"p1\"><span style=\"font-size: 18pt;\"><strong>Sobre los periodistas, a quienes asegura que para mantenerlos a raya hay que matarlos de hambre, nos hace entender que tiene a sus consentidos a quienes hace felices con su \u201camistad\u201d profunda, tanto, que hasta los tiene de sus <span style=\"color: #e42d33;\">brothers<\/span>; y a los de alta alcurnia los tiene bajo la ley de los billetes o los ataques salvajes.<\/strong><\/span><\/p>\n<p><img loading=\"lazy\" decoding=\"async\" class=\"aligncenter wp-image-8088 size-large\" src=\"https:\/\/politicosaldesnudo.com.mx\/wp-content\/uploads\/2022\/07\/P-BROTHERS-ALITO-1024x573.png\" alt=\"\" width=\"800\" height=\"448\" \/><\/p>\n<p>&nbsp;<\/p>\n<p class=\"p1\"><span style=\"font-size: 14pt;\"><span style=\"font-size: 18pt;\"><strong>En el \u00faltimo audio, pas\u00f3 a traer a las vacas sagradas del periodismo en M\u00e9xico, poniendo a <span style=\"color: #e42d33;\">L\u00f3pez D\u00f3riga<\/span> como un pelele manipulable y a <span style=\"color: #e42d33;\">Ciro G\u00f3mez Leyva<\/span> y <span style=\"color: #e42d33;\">Carlos Marin<\/span>, en plan s\u00faper amigos a sus \u00f3rdenes y a los medios como Proceso y Milenio<\/strong><\/span>, como agencias dispuestas a publicar a favor de Alito o en contra de sus enemigos, seg\u00fan requiriera. Pero, m\u00e1s all\u00e1 de lo que se oy\u00f3 el martes, desde hace algunas publicaciones hemos atestiguado que otros comunicadores han hecho lo posible por apaciguar las aguas alrededor de su amigo, ayudando a difundir el bulo de que el gobierno de L\u00f3pez Obrador es persecutor y ha generado la polarizaci\u00f3n con el gremio, ya que es \u00e9l, quien a diario ataca a los periodistas. <\/span><\/p>\n<p class=\"p1\"><span style=\"font-size: 18pt;\"><strong>Tambi\u00e9n escuchamos a una <span style=\"color: #e42d33;\">Adela Micha <\/span>que embisti\u00f3 contra Layda diciendo que c\u00f3mo era posible que una mujer se atreviera a atacar a otras mujeres (en referencia a las diputadas de las fotograf\u00edas imp\u00fadicas, del PRI), y que recordara que ella misma ten\u00eda hijas que pod\u00edan sufrir ataques similares. A<span style=\"color: #e42d33;\"> Ciro G\u00f3mez<\/span>, lo o\u00edmos deslindarse de esta supuesta amistad, alegando que solamente lo ha visto una vez y acaso le habr\u00e1 contestado alg\u00fan mensaje pero nunca una amistad como la que <span style=\"color: #e42d33;\">Alito<\/span> presume. <span style=\"color: #e42d33;\">L\u00f3pez D\u00f3riga<\/span> acab\u00f3 diciendo que es un miserable y que por supuesto rechazaba cualquier tipo de relaci\u00f3n que traspasara de lo estrictamente profesional )hasta mostr\u00f3 pantallazos de su-no-relaci\u00f3n, y <span style=\"color: #e42d33;\">Carlos Mar\u00edn<\/span> volte\u00f3 cualquier tipo de acusaci\u00f3n en contra de Layda burl\u00e1ndose del color de su cabello diciendo que el vestido que utiliz\u00f3 para conmemorar a los 43 de Ayotzinapa hab\u00eda sido comprado con cargo al erario y se\u00f1alando que adem\u00e1s, era un vestido de p\u00e9simo gusto, haciendo gala de total misoginia con palabras burdas, como \u00e9l es.<\/strong><\/span><\/p>\n<p><img loading=\"lazy\" decoding=\"async\" class=\"aligncenter wp-image-6403 size-large\" src=\"http:\/\/noticiasveracruz.com\/wp-content\/uploads\/2022\/07\/P-WHATSAPP-ALITO-1024x573.png\" alt=\"\" width=\"800\" height=\"448\" srcset=\"https:\/\/noticiasveracruz.com\/wp-content\/uploads\/2022\/07\/P-WHATSAPP-ALITO-1024x573.png 1024w, https:\/\/noticiasveracruz.com\/wp-content\/uploads\/2022\/07\/P-WHATSAPP-ALITO-300x168.png 300w, https:\/\/noticiasveracruz.com\/wp-content\/uploads\/2022\/07\/P-WHATSAPP-ALITO-768x430.png 768w, https:\/\/noticiasveracruz.com\/wp-content\/uploads\/2022\/07\/P-WHATSAPP-ALITO-1536x859.png 1536w, https:\/\/noticiasveracruz.com\/wp-content\/uploads\/2022\/07\/P-WHATSAPP-ALITO-600x336.png 600w, https:\/\/noticiasveracruz.com\/wp-content\/uploads\/2022\/07\/P-WHATSAPP-ALITO.png 1816w\" sizes=\"auto, (max-width: 800px) 100vw, 800px\" \/><\/p>\n<p>&nbsp;<\/p>\n<p class=\"p1\"><span style=\"font-size: 14pt;\">En resumen, todos se defendieron o atacaron al Layda, pero nadie ha tenido el valor civil de reconocer que los audios no son un ataque en s\u00ed mismos, sino la exhibici\u00f3n de la podredumbre de Alejandro Moreno; y <span style=\"font-size: 18pt;\"><b>lejos de ejercer su labor period\u00edstica para indagar los lazos de corrupci\u00f3n que se han presentado en dichos audios, se han convertido en los defensistas principales de su propio verdugo<\/b>.<\/span> Curiosa cosa que no se atrevan a tocar al autor de estas conversaciones y los supuestos delitos en los que pueda haber incurrido y, en cambio, les parezca de lo m\u00e1s indigno la reproducci\u00f3n de conversaciones que todos sabemos que pueden ser ciertas, y se pueden comprobar con las posesiones que ostenta y que no coinciden con los sueldos y salarios que ha ganado en toda su vida laboral.<\/span><\/p>\n<p class=\"p1\"><span style=\"font-size: 14pt;\">Lo que es inaudito y estaremos pendientes para ver qu\u00e9 sucede, es esa protecci\u00f3n que unos le prodigan y que lo hacen parecer inmune a una realidad que a cualquier otra persona le habr\u00eda costado, de menos, perder el puesto de presidente de un partido pol\u00edtico. \u00bfQu\u00e9 le deben a Alito? \u00bfCon qu\u00e9 los tiene tan sumisos e inermes dentro de su partido? La acci\u00f3n de la justicia promovida por Layda Sansores en su calidad de gobernadora del estado de Campeche, siguiendo correctamente el rumbo que marcan las leyes, est\u00e1 apenas iniciando y con las muchas horas de audios y los cientos de capturas de pantalla de WhatsApp los peritos tendr\u00e1n que determinar de cu\u00e1ntos delitos es responsable, as\u00ed como el grado de participaci\u00f3n en los mismos, junto con las personas de su confianza, que van desde su mam\u00e1, su esposa y su arquitecto consentido, hasta algunos servidores p\u00fablicos que fungieron como su prestanombres o ejecutores de conductas que les quedaban c\u00f3modas dados los puestos de servidores que ocupaban en ese entonces.<\/span><\/p>\n<p class=\"p1\"><span style=\"font-size: 18pt;\"><strong>Probablemente no escucharemos m\u00e1s audios en algunas semanas, pero eso no significa que no estaremos en apoyo a la exigencia de justicia del pueblo de Campeche a trav\u00e9s de su gobernador. La justicia llegar\u00e1.<\/strong><\/span><\/p>\n<p>&nbsp;<\/p>\n<p>&nbsp;<\/p>\n<p><span style=\"font-size: 18pt;\"><strong>Twitter: <a href=\"http:\/\/www.twitter.com\/cevalloslaura\">@cevalloslaura<\/a><\/strong><\/span><\/p>\n<p>&nbsp;<\/p>\n<p><span style=\"font-size: 18pt; color: #e42d33;\"><em><strong>**Las columnas firmadas en este medio son responsabilidad de quienes las firman**<\/strong><\/em><\/span><\/p>\n<p>&nbsp;<\/p>\n<p>&nbsp;<\/p>\n<p>&nbsp;<\/p>\n","protected":false},"excerpt":{"rendered":"<p>&nbsp; Por Laura Cevallos\u00a0 No puede ser la vileza, lo que marque el ritmo de comportamiento y tendencia de las<\/p>\n","protected":false},"author":4,"featured_media":3193,"comment_status":"closed","ping_status":"closed","sticky":false,"template":"","format":"standard","meta":{"colormag_page_container_layout":"default_layout","colormag_page_sidebar_layout":"default_layout","_jetpack_memberships_contains_paid_content":false,"footnotes":"","jetpack_publicize_message":"","jetpack_publicize_feature_enabled":true,"jetpack_social_post_already_shared":false,"jetpack_social_options":{"image_generator_settings":{"template":"highway","default_image_id":0,"font":"","enabled":false},"version":2}},"categories":[6],"tags":[276,1137,1135,684,1136],"class_list":["post-6402","post","type-post","status-publish","format-standard","has-post-thumbnail","hentry","category-columnistas","tag-alito","tag-brothers","tag-ciro-gomez","tag-layda-sansores","tag-lopez-doriga"],"jetpack_publicize_connections":[],"jetpack_featured_media_url":"https:\/\/noticiasveracruz.com\/wp-content\/uploads\/2022\/04\/CABEZAL-OPINIO\u0301N-NV-LAURACEVALLOS.png","jetpack_sharing_enabled":true,"publishpress_future_action":{"enabled":false,"date":"2026-05-04 22:25:15","action":"change-status","newStatus":"draft","terms":[],"taxonomy":"category","extraData":[]},"publishpress_future_workflow_manual_trigger":{"enabledWorkflows":[]},"_links":{"self":[{"href":"https:\/\/noticiasveracruz.com\/index.php\/wp-json\/wp\/v2\/posts\/6402","targetHints":{"allow":["GET"]}}],"collection":[{"href":"https:\/\/noticiasveracruz.com\/index.php\/wp-json\/wp\/v2\/posts"}],"about":[{"href":"https:\/\/noticiasveracruz.com\/index.php\/wp-json\/wp\/v2\/types\/post"}],"author":[{"embeddable":true,"href":"https:\/\/noticiasveracruz.com\/index.php\/wp-json\/wp\/v2\/users\/4"}],"replies":[{"embeddable":true,"href":"https:\/\/noticiasveracruz.com\/index.php\/wp-json\/wp\/v2\/comments?post=6402"}],"version-history":[{"count":0,"href":"https:\/\/noticiasveracruz.com\/index.php\/wp-json\/wp\/v2\/posts\/6402\/revisions"}],"wp:featuredmedia":[{"embeddable":true,"href":"https:\/\/noticiasveracruz.com\/index.php\/wp-json\/wp\/v2\/media\/3193"}],"wp:attachment":[{"href":"https:\/\/noticiasveracruz.com\/index.php\/wp-json\/wp\/v2\/media?parent=6402"}],"wp:term":[{"taxonomy":"category","embeddable":true,"href":"https:\/\/noticiasveracruz.com\/index.php\/wp-json\/wp\/v2\/categories?post=6402"},{"taxonomy":"post_tag","embeddable":true,"href":"https:\/\/noticiasveracruz.com\/index.php\/wp-json\/wp\/v2\/tags?post=6402"}],"curies":[{"name":"wp","href":"https:\/\/api.w.org\/{rel}","templated":true}]}}