{"id":6376,"date":"2022-07-21T08:11:14","date_gmt":"2022-07-21T13:11:14","guid":{"rendered":"https:\/\/noticiasveracruz.com\/?p=6376"},"modified":"2022-07-21T08:39:15","modified_gmt":"2022-07-21T13:39:15","slug":"dif-tuxpan-lleva-cursos-y-talleres-de-emprendimiento-a-colonias-y-comunidades","status":"publish","type":"post","link":"https:\/\/noticiasveracruz.com\/index.php\/2022\/07\/21\/dif-tuxpan-lleva-cursos-y-talleres-de-emprendimiento-a-colonias-y-comunidades\/","title":{"rendered":"DIF Tuxpan lleva cursos y talleres de emprendimiento a colonias y comunidades"},"content":{"rendered":"<p>&nbsp;<\/p>\n<p class=\"p1\"><span style=\"font-size: 14pt;\"><em><strong>TUXPAN, Ver.<\/strong> <\/em>Con el <strong>prop\u00f3sito de impulsar la econom\u00eda familiar y empoderar a mujeres emprendedoras y jefas de familia<\/strong>, el DIF Tuxpan est\u00e1 realizando cursos y talleres para fomentar el <strong>autoempleo en comunidades y colonias.<\/strong><\/span><\/p>\n<p class=\"p1\"><span style=\"font-size: 18pt;\"><strong>La presidenta del DIF Municipal, Lic. Pamela Morales de Pozos impulsa el desarrollo humano por medio de cursos que les brindan nuevas oportunidades para salir adelante. <\/strong><\/span><\/p>\n<p class=\"p1\"><span style=\"font-size: 14pt;\">Este mi\u00e9rcoles concluy\u00f3 el Taller de Bisuter\u00eda en la comunidad de Juana Moza, donde un grupo de se\u00f1oras y ni\u00f1os aprendieron hacer porta cubrebocas.<\/span><\/p>\n<p><img loading=\"lazy\" decoding=\"async\" class=\"aligncenter wp-image-8043 size-large\" src=\"https:\/\/politicosaldesnudo.com.mx\/wp-content\/uploads\/2022\/07\/P-TUXPAN-DIF2-1024x573.png\" alt=\"\" width=\"800\" height=\"448\" \/><\/p>\n<p>&nbsp;<\/p>\n<p class=\"p1\"><span style=\"font-size: 18pt;\"><strong>Los participantes agradecieron a la Presidenta del DIF Municipal estos talleres gratuitos que son fundamental para generar bienestar y devolver la esperanza a las familias.<\/strong><\/span><\/p>\n<blockquote>\n<p class=\"p1\"><span style=\"font-size: 14pt;\"> Estos talleres se seguir\u00e1n impartiendo en colonias y comunidades como lo ha instruido nuestro alcalde Jos\u00e9 Manuel Pozos Castro\u201d, inform\u00f3 la Lic. Pamela Morales de Pozos.<\/span><\/p>\n<\/blockquote>\n<p class=\"p1\"><span style=\"font-size: 18pt;\"><strong>Reiter\u00f3 su compromiso de continuar apoyando a la mujeres y darles las herramientas necesarias para que tengan su propio emprendimiento.<\/strong><\/span><\/p>\n<p><img loading=\"lazy\" decoding=\"async\" class=\"aligncenter wp-image-8044 size-large\" src=\"https:\/\/politicosaldesnudo.com.mx\/wp-content\/uploads\/2022\/07\/P-TUXPAN-DIF3-1024x573.png\" alt=\"\" width=\"800\" height=\"448\" \/><\/p>\n<p>&nbsp;<\/p>\n<p>&nbsp;<\/p>\n<p>&nbsp;<\/p>\n<p>&nbsp;<\/p>\n","protected":false},"excerpt":{"rendered":"<p>&nbsp; TUXPAN, Ver. Con el prop\u00f3sito de impulsar la econom\u00eda familiar y empoderar a mujeres emprendedoras y jefas de familia,<\/p>\n","protected":false},"author":4,"featured_media":6377,"comment_status":"closed","ping_status":"closed","sticky":false,"template":"","format":"standard","meta":{"colormag_page_container_layout":"default_layout","colormag_page_sidebar_layout":"default_layout","_jetpack_memberships_contains_paid_content":false,"footnotes":"","jetpack_publicize_message":"","jetpack_publicize_feature_enabled":true,"jetpack_social_post_already_shared":false,"jetpack_social_options":{"image_generator_settings":{"template":"highway","default_image_id":0,"font":"","enabled":false},"version":2}},"categories":[356],"tags":[1023,1127,1128,72,73],"class_list":["post-6376","post","type-post","status-publish","format-standard","has-post-thumbnail","hentry","category-veracruz","tag-dif","tag-emprendedoras","tag-pamela-pozos","tag-tuxpan","tag-veracruz"],"jetpack_publicize_connections":[],"jetpack_featured_media_url":"https:\/\/noticiasveracruz.com\/wp-content\/uploads\/2022\/07\/P-TUXPAN-DIF1.png","jetpack_sharing_enabled":true,"publishpress_future_action":{"enabled":false,"date":"2026-05-08 07:26:02","action":"change-status","newStatus":"draft","terms":[],"taxonomy":"category","extraData":[]},"publishpress_future_workflow_manual_trigger":{"enabledWorkflows":[]},"_links":{"self":[{"href":"https:\/\/noticiasveracruz.com\/index.php\/wp-json\/wp\/v2\/posts\/6376","targetHints":{"allow":["GET"]}}],"collection":[{"href":"https:\/\/noticiasveracruz.com\/index.php\/wp-json\/wp\/v2\/posts"}],"about":[{"href":"https:\/\/noticiasveracruz.com\/index.php\/wp-json\/wp\/v2\/types\/post"}],"author":[{"embeddable":true,"href":"https:\/\/noticiasveracruz.com\/index.php\/wp-json\/wp\/v2\/users\/4"}],"replies":[{"embeddable":true,"href":"https:\/\/noticiasveracruz.com\/index.php\/wp-json\/wp\/v2\/comments?post=6376"}],"version-history":[{"count":0,"href":"https:\/\/noticiasveracruz.com\/index.php\/wp-json\/wp\/v2\/posts\/6376\/revisions"}],"wp:featuredmedia":[{"embeddable":true,"href":"https:\/\/noticiasveracruz.com\/index.php\/wp-json\/wp\/v2\/media\/6377"}],"wp:attachment":[{"href":"https:\/\/noticiasveracruz.com\/index.php\/wp-json\/wp\/v2\/media?parent=6376"}],"wp:term":[{"taxonomy":"category","embeddable":true,"href":"https:\/\/noticiasveracruz.com\/index.php\/wp-json\/wp\/v2\/categories?post=6376"},{"taxonomy":"post_tag","embeddable":true,"href":"https:\/\/noticiasveracruz.com\/index.php\/wp-json\/wp\/v2\/tags?post=6376"}],"curies":[{"name":"wp","href":"https:\/\/api.w.org\/{rel}","templated":true}]}}