{"id":63689,"date":"2025-09-03T00:16:30","date_gmt":"2025-09-03T06:16:30","guid":{"rendered":"https:\/\/noticiasveracruz.com\/?p=63689"},"modified":"2025-09-03T00:16:30","modified_gmt":"2025-09-03T06:16:30","slug":"la-magia-del-cine-infantil-en-la-osx-orquesta-encantada-con-videomapping","status":"publish","type":"post","link":"https:\/\/noticiasveracruz.com\/index.php\/2025\/09\/03\/la-magia-del-cine-infantil-en-la-osx-orquesta-encantada-con-videomapping\/","title":{"rendered":"La magia del cine infantil en la OSX: \u201cOrquesta Encantada\u201d con videomapping"},"content":{"rendered":"<ul>\n<li>Dos fechas: viernes 5 y s\u00e1bado 6 de septiembre<\/li>\n<li>Videomapping inmersivo, por primera vez con la OSX<\/li>\n<li>Laura Reyes, directora invitada\n<p>Xalapa, Ver. 01 de septiembre de 2025. La Orquesta Sinf\u00f3nica de Xalapa de la UV abre septiembre con su primer programa especial de la temporada. Dedicado a los m\u00e1s peque\u00f1os del hogar, \u201cOrquesta Encantada\u201d, promete ser una experiencia musical \u00fanica, en donde las paredes de Tlaqn\u00e1, Centro Cultural se transformar\u00e1n gracias al uso de la t\u00e9cnica visual de videomapping.<br \/>\nNi\u00f1os, adolescentes y hasta adultos podr\u00e1n disfrutar de las escenas de las pel\u00edculas infantiles m\u00e1s famosas en el mundo, mientras la OSX interpreta la m\u00fasica que las inmortaliz\u00f3 en los recuerdos de m\u00faltiples generaciones. El programa musical incluir\u00e1 las suites de pel\u00edculas como: \u201cEl Rey Le\u00f3n\u201d, \u201cMul\u00e1n\u201d, \u201cLa Bella y la Bestia\u201d, \u201cEl Viaje de Chihiro\u201d, \u201cFrozen\u201d, y mucho m\u00e1s.<\/li>\n<\/ul>\n<p><img loading=\"lazy\" decoding=\"async\" class=\"alignnone size-medium wp-image-63690\" src=\"http:\/\/noticiasveracruz.com\/wp-content\/uploads\/2025\/09\/Laura-Reyes--200x300.jpg\" alt=\"\" width=\"200\" height=\"300\" srcset=\"https:\/\/noticiasveracruz.com\/wp-content\/uploads\/2025\/09\/Laura-Reyes--200x300.jpg 200w, https:\/\/noticiasveracruz.com\/wp-content\/uploads\/2025\/09\/Laura-Reyes--683x1024.jpg 683w, https:\/\/noticiasveracruz.com\/wp-content\/uploads\/2025\/09\/Laura-Reyes--768x1151.jpg 768w, https:\/\/noticiasveracruz.com\/wp-content\/uploads\/2025\/09\/Laura-Reyes--1024x1536.jpg 1024w, https:\/\/noticiasveracruz.com\/wp-content\/uploads\/2025\/09\/Laura-Reyes--1366x2048.jpg 1366w, https:\/\/noticiasveracruz.com\/wp-content\/uploads\/2025\/09\/Laura-Reyes--scaled.jpg 1707w\" sizes=\"auto, (max-width: 200px) 100vw, 200px\" \/><\/p>\n<p>Con Sergio Ledesma, a cargo del videomapping; y Laura Reyes, directora invitada. Este concierto se realizar\u00e1 el viernes 5 y s\u00e1bado 6 de septiembre a las 20:00 h desde Tlaqn\u00e1, Centro Cultural.<\/p>\n<p>&nbsp;<\/p>\n<p>El videomapping es una t\u00e9cnica audiovisual que proyecta im\u00e1genes y animaciones sobre superficies tridimensionales, para crear ilusiones \u00f3pticas y efectos din\u00e1micos que parecen transformar la estructura y generan situaciones inmersivas. A trav\u00e9s de esta t\u00e9cnica, disfrutar\u00e1s de una experiencia sin precedentes en Tlaqn\u00e1, con la magia de la m\u00fasica y el cine cautivando todos tus sentidos.<\/p>\n<p><img loading=\"lazy\" decoding=\"async\" class=\"alignnone size-medium wp-image-63691\" src=\"http:\/\/noticiasveracruz.com\/wp-content\/uploads\/2025\/09\/Orquesta-Encantada-06-240x300.jpg\" alt=\"\" width=\"240\" height=\"300\" srcset=\"https:\/\/noticiasveracruz.com\/wp-content\/uploads\/2025\/09\/Orquesta-Encantada-06-240x300.jpg 240w, https:\/\/noticiasveracruz.com\/wp-content\/uploads\/2025\/09\/Orquesta-Encantada-06-819x1024.jpg 819w, https:\/\/noticiasveracruz.com\/wp-content\/uploads\/2025\/09\/Orquesta-Encantada-06-768x960.jpg 768w, https:\/\/noticiasveracruz.com\/wp-content\/uploads\/2025\/09\/Orquesta-Encantada-06-1229x1536.jpg 1229w, https:\/\/noticiasveracruz.com\/wp-content\/uploads\/2025\/09\/Orquesta-Encantada-06-1638x2048.jpg 1638w, https:\/\/noticiasveracruz.com\/wp-content\/uploads\/2025\/09\/Orquesta-Encantada-06-scaled.jpg 2048w\" sizes=\"auto, (max-width: 240px) 100vw, 240px\" \/><\/p>\n<p>&nbsp;<\/p>\n<p>Laura Reyes, directora invitada, fue directora asistente de la Mason Symphony Orchestra, la Seven Hills Community Orchestra, y la Orquesta de C\u00e1mara de Cincinnati al finalizar sus estudios en el College-Conservatory of Music, de la Universidad de Cincinnati. Exbecaria Fulbright-Garc\u00eda Robles, ha sido tambi\u00e9n creadora esc\u00e9nica del Sistema de Apoyos a la creaci\u00f3n y proyectos culturales con el proyecto \u201cEcos del M\u00e9xico del siglo XIX\u201d. Actualmente es Directora musical en Cinema Concert Orchestra y Directora art\u00edstica de la Orquesta Symphonia de la Universidad de las Am\u00e9ricas Puebla.<\/p>\n<p>&nbsp;<\/p>\n<p>Puedes comprar tus boletos en l\u00ednea en www.orquestasinfonicadexalapa.com, Tienda UV, Tienda UV Museo de Antropolog\u00eda y Taquilla Tlaqn\u00e1.<\/p>\n<p>Correo electr\u00f3nico: mercadotecnia.osx@gmail.com.<\/p>\n","protected":false},"excerpt":{"rendered":"<p>Dos fechas: viernes 5 y s\u00e1bado 6 de septiembre Videomapping inmersivo, por primera vez con la OSX Laura Reyes, directora<\/p>\n","protected":false},"author":4,"featured_media":63692,"comment_status":"closed","ping_status":"closed","sticky":false,"template":"","format":"standard","meta":{"colormag_page_container_layout":"default_layout","colormag_page_sidebar_layout":"default_layout","_jetpack_memberships_contains_paid_content":false,"footnotes":"","jetpack_publicize_message":"","jetpack_publicize_feature_enabled":true,"jetpack_social_post_already_shared":true,"jetpack_social_options":{"image_generator_settings":{"template":"highway","default_image_id":0,"font":"","enabled":false},"version":2}},"categories":[358,145,356],"tags":[],"class_list":["post-63689","post","type-post","status-publish","format-standard","has-post-thumbnail","hentry","category-cultura","category-estados","category-veracruz"],"jetpack_publicize_connections":[],"jetpack_featured_media_url":"https:\/\/noticiasveracruz.com\/wp-content\/uploads\/2025\/09\/IMDS-scaled.jpg","jetpack_sharing_enabled":true,"publishpress_future_action":{"enabled":false,"date":"2026-05-07 22:23:12","action":"change-status","newStatus":"draft","terms":[],"taxonomy":"category","extraData":[]},"publishpress_future_workflow_manual_trigger":{"enabledWorkflows":[]},"_links":{"self":[{"href":"https:\/\/noticiasveracruz.com\/index.php\/wp-json\/wp\/v2\/posts\/63689","targetHints":{"allow":["GET"]}}],"collection":[{"href":"https:\/\/noticiasveracruz.com\/index.php\/wp-json\/wp\/v2\/posts"}],"about":[{"href":"https:\/\/noticiasveracruz.com\/index.php\/wp-json\/wp\/v2\/types\/post"}],"author":[{"embeddable":true,"href":"https:\/\/noticiasveracruz.com\/index.php\/wp-json\/wp\/v2\/users\/4"}],"replies":[{"embeddable":true,"href":"https:\/\/noticiasveracruz.com\/index.php\/wp-json\/wp\/v2\/comments?post=63689"}],"version-history":[{"count":0,"href":"https:\/\/noticiasveracruz.com\/index.php\/wp-json\/wp\/v2\/posts\/63689\/revisions"}],"wp:featuredmedia":[{"embeddable":true,"href":"https:\/\/noticiasveracruz.com\/index.php\/wp-json\/wp\/v2\/media\/63692"}],"wp:attachment":[{"href":"https:\/\/noticiasveracruz.com\/index.php\/wp-json\/wp\/v2\/media?parent=63689"}],"wp:term":[{"taxonomy":"category","embeddable":true,"href":"https:\/\/noticiasveracruz.com\/index.php\/wp-json\/wp\/v2\/categories?post=63689"},{"taxonomy":"post_tag","embeddable":true,"href":"https:\/\/noticiasveracruz.com\/index.php\/wp-json\/wp\/v2\/tags?post=63689"}],"curies":[{"name":"wp","href":"https:\/\/api.w.org\/{rel}","templated":true}]}}