{"id":6366,"date":"2022-07-20T16:14:31","date_gmt":"2022-07-20T21:14:31","guid":{"rendered":"https:\/\/noticiasveracruz.com\/?p=6366"},"modified":"2022-07-20T16:14:31","modified_gmt":"2022-07-20T21:14:31","slug":"solicitado-por-la-union-europea-espana-se-niega-recortar-su-consumo-de-gas","status":"publish","type":"post","link":"https:\/\/noticiasveracruz.com\/index.php\/2022\/07\/20\/solicitado-por-la-union-europea-espana-se-niega-recortar-su-consumo-de-gas\/","title":{"rendered":"Solicitado por la Uni\u00f3n Europea, Espa\u00f1a se niega recortar su consumo de gas"},"content":{"rendered":"<p>&nbsp;<\/p>\n<p class=\"p1\"><span style=\"font-size: 14pt;\"><b><i>MADRID, Espa\u00f1a. <\/i><\/b>El <strong>Gobierno de Espa\u00f1a se niega a recortar en un 15% el consumo de gas de acuerdo con la propuesta de Bruselas<\/strong>, comunic\u00f3 la vicepresidenta de Transici\u00f3n Ecol\u00f3gica, Teresa Ribera. <strong>La dependencia de la UE del gas ruso se ha convertido en un tema de pol\u00e9mica entre los pa\u00edses miembros del bloque.<\/strong><\/span><\/p>\n<p class=\"p1\"><span style=\"font-size: 18pt;\"><strong>La ministra asegur\u00f3 que Espa\u00f1a ser\u00e1 solidaria con Europa, pero que no lo ser\u00e1 \u201ca costa de los consumidores\u201d. Seg\u00fan Teresa Ribera, \u201clas familias espa\u00f1olas no van a sufrir cortes de gas ni luz en sus casas\u201d.<\/strong><\/span><\/p>\n<p><img loading=\"lazy\" decoding=\"async\" class=\"aligncenter wp-image-8027 size-large\" src=\"https:\/\/politicosaldesnudo.com.mx\/wp-content\/uploads\/2022\/07\/P-GAS-ESPAN\u0303A1-1024x573.png\" alt=\"\" width=\"800\" height=\"448\" \/><\/p>\n<p>&nbsp;<\/p>\n<p class=\"p1\"><span style=\"font-size: 14pt;\"><span style=\"font-size: 18pt;\"><strong>Teresa Ribera <\/strong><\/span>inst\u00f3 a los socios europeos a analizar las mejores maneras de apoyarse al respecto, <strong><span style=\"font-size: 18pt;\">destacando que Espa\u00f1a \u201ces la puerta de entrada de m\u00e1s del 30% de gas natural licuado a Europa\u201d.<\/span><\/strong><\/span><\/p>\n<blockquote>\n<p class=\"p1\"><span style=\"font-size: 14pt;\">Defendemos los valores europeos, pero no podemos asumir un sacrificio desproporcionado sobre el que ni siquiera nos han pedido opini\u00f3n previa. <\/span><span style=\"font-size: 14pt;\">Espa\u00f1a est\u00e1 en contra de la imposici\u00f3n de exigencias que exceden la parte de las obligaciones que nos corresponden\u201d<\/span><\/p>\n<\/blockquote>\n<p class=\"p1\"><span style=\"font-size: 18pt;\"><strong>Lament\u00f3 profundamente la \u201cfalta de di\u00e1logo\u201d de la Comisi\u00f3n Europea con los Estados miembros y pidi\u00f3 a los ministros de Energ\u00eda que resolvieran las diferencias en una reuni\u00f3n en Bruselas dentro de una semana.<\/strong><\/span><\/p>\n<p class=\"p1\"><span style=\"font-size: 14pt;\">Asegur\u00f3 que el Gobierno defender\u00e1 los intereses del empresariado del pa\u00eds, ya que la reducci\u00f3n del uso del gas podr\u00eda suponer una \u201cgrave p\u00e9rdida de competitividad\u201d para la industria espa\u00f1ola.<\/span><\/p>\n<p class=\"p1\"><span style=\"font-size: 18pt;\"><strong>Como dej\u00f3 claro Ribera, pase lo que pase los espa\u00f1oles no se ver\u00e1n afectados por una reducci\u00f3n del suministro, dadas las reservas y la capacidad de Espa\u00f1a para importar gas natural licuado.<\/strong><\/span><\/p>\n<p class=\"p1\"><span style=\"font-size: 14pt;\">Teresa Ribera tambi\u00e9n dijo que apuesta por el ahorro y la eficiencia en el consumo de gas.<\/span><\/p>\n<p class=\"p1\"><span style=\"font-size: 14pt;\">La Comisi\u00f3n Europea public\u00f3 el 20 de julio un documento en el que se indica que los pa\u00edses de la UE deben presentar planes para reducir voluntariamente el consumo de gas en un 15% antes de finales de septiembre, hasta el 31 de marzo de 2023. <\/span><\/p>\n<p class=\"p1\"><span style=\"font-size: 14pt;\">Bruselas no descarta un probable corte total del gas ruso y pide que se inicien los preparativos manteniendo la unidad de la UE.<\/span><\/p>\n<p>&nbsp;<\/p>\n<p>&nbsp;<\/p>\n<p>&nbsp;<\/p>\n<p>&nbsp;<\/p>\n<p>&nbsp;<\/p>\n","protected":false},"excerpt":{"rendered":"<p>&nbsp; MADRID, Espa\u00f1a. El Gobierno de Espa\u00f1a se niega a recortar en un 15% el consumo de gas de acuerdo<\/p>\n","protected":false},"author":4,"featured_media":6367,"comment_status":"closed","ping_status":"closed","sticky":false,"template":"","format":"standard","meta":{"colormag_page_container_layout":"default_layout","colormag_page_sidebar_layout":"default_layout","_jetpack_memberships_contains_paid_content":false,"footnotes":"","jetpack_publicize_message":"","jetpack_publicize_feature_enabled":true,"jetpack_social_post_already_shared":false,"jetpack_social_options":{"image_generator_settings":{"template":"highway","default_image_id":0,"font":"","enabled":false},"version":2}},"categories":[355],"tags":[545,756,1125,966],"class_list":["post-6366","post","type-post","status-publish","format-standard","has-post-thumbnail","hentry","category-internacional","tag-espana","tag-gas","tag-teresa-ribera","tag-union-europea"],"jetpack_publicize_connections":[],"jetpack_featured_media_url":"https:\/\/noticiasveracruz.com\/wp-content\/uploads\/2022\/07\/P-GAS-ESPAN\u0303A.png","jetpack_sharing_enabled":true,"publishpress_future_action":{"enabled":false,"date":"2026-05-08 05:55:57","action":"change-status","newStatus":"draft","terms":[],"taxonomy":"category","extraData":[]},"publishpress_future_workflow_manual_trigger":{"enabledWorkflows":[]},"_links":{"self":[{"href":"https:\/\/noticiasveracruz.com\/index.php\/wp-json\/wp\/v2\/posts\/6366","targetHints":{"allow":["GET"]}}],"collection":[{"href":"https:\/\/noticiasveracruz.com\/index.php\/wp-json\/wp\/v2\/posts"}],"about":[{"href":"https:\/\/noticiasveracruz.com\/index.php\/wp-json\/wp\/v2\/types\/post"}],"author":[{"embeddable":true,"href":"https:\/\/noticiasveracruz.com\/index.php\/wp-json\/wp\/v2\/users\/4"}],"replies":[{"embeddable":true,"href":"https:\/\/noticiasveracruz.com\/index.php\/wp-json\/wp\/v2\/comments?post=6366"}],"version-history":[{"count":0,"href":"https:\/\/noticiasveracruz.com\/index.php\/wp-json\/wp\/v2\/posts\/6366\/revisions"}],"wp:featuredmedia":[{"embeddable":true,"href":"https:\/\/noticiasveracruz.com\/index.php\/wp-json\/wp\/v2\/media\/6367"}],"wp:attachment":[{"href":"https:\/\/noticiasveracruz.com\/index.php\/wp-json\/wp\/v2\/media?parent=6366"}],"wp:term":[{"taxonomy":"category","embeddable":true,"href":"https:\/\/noticiasveracruz.com\/index.php\/wp-json\/wp\/v2\/categories?post=6366"},{"taxonomy":"post_tag","embeddable":true,"href":"https:\/\/noticiasveracruz.com\/index.php\/wp-json\/wp\/v2\/tags?post=6366"}],"curies":[{"name":"wp","href":"https:\/\/api.w.org\/{rel}","templated":true}]}}