{"id":6345,"date":"2022-07-20T05:07:00","date_gmt":"2022-07-20T10:07:00","guid":{"rendered":"https:\/\/noticiasveracruz.com\/?p=6345"},"modified":"2022-07-20T07:10:27","modified_gmt":"2022-07-20T12:10:27","slug":"el-pais-donde-no-importa-la-ley","status":"publish","type":"post","link":"https:\/\/noticiasveracruz.com\/index.php\/2022\/07\/20\/el-pais-donde-no-importa-la-ley\/","title":{"rendered":"El pa\u00eds donde no importa la ley"},"content":{"rendered":"<p>&nbsp;<\/p>\n<p class=\"p1\"><strong><span style=\"font-size: 18pt;\">Por Aurelio Contreras Moreno<\/span><\/strong><\/p>\n<p class=\"p1\"><span style=\"font-size: 14pt;\">Pocas veces se hab\u00eda visto tal desfachatez y cinismo para abiertamente violar la ley desde el poder como durante el actual sexenio.<\/span><\/p>\n<p class=\"p1\"><span style=\"font-size: 14pt;\">Es absoluto el desprecio que el r\u00e9gimen de la pretendida \u201cCuarta Transformaci\u00f3n\u201d tiene por la legalidad plasmada en normas jur\u00eddicas. Si le estorba, simplemente la ignora y la quebranta, cuando no puede cambiarla o desaparecerla. Y claro, lo hace as\u00ed porque campea una impunidad verdaderamente asquerosa.<\/span><\/p>\n<p class=\"p1\"><span style=\"font-size: 14pt;\">Y no es que en anteriores gobiernos fueran muy respetuosos de las normas. Al contrario, en buena medida eso provoc\u00f3 su ca\u00edda y la ruptura del sistema. Empero, el r\u00e9gimen que encabeza Andr\u00e9s Manuel L\u00f3pez Obrador y todos a su alrededor han llevado a grados superlativos lo que podr\u00edamos definir como la \u201ccultura de la ilegalidad\u201d.<\/span><\/p>\n<p class=\"p1\"><span style=\"font-size: 14pt;\">En repetidas ocasiones hemos atestiguado la manera como a lo largo del sexenio los gobernantes y pol\u00edticos de la \u201c4T\u201d han pasado por encima de amparos, de candados legales, de acuerdos comerciales y de prohibiciones legales. Muchas incluso promovidas por ellos mismos cuando eran oposici\u00f3n, pero que ahora como gobierno les estorban, engolosinados como est\u00e1n con el poder.<\/span><\/p>\n<p class=\"p1\"><span style=\"font-size: 14pt;\">Solo recordar la manera burda y pedestre como desde el r\u00e9gimen se dilapidaron miles de millones de pesos en consultas absurdas y que terminaron por ser completamente in\u00fatiles, pues a pesar del derroche, en ning\u00fan caso lograron que la poblaci\u00f3n las validara con el porcentaje m\u00ednimo de votaci\u00f3n requerido. Estos ejercicios fueron promovidos, abierta e ilegalmente, por autoridades de todos los \u00f3rdenes de gobierno militantes, afines o sometidos a Morena, el nuevo partido oficial.<\/span><\/p>\n<p class=\"p1\"><span style=\"font-size: 14pt;\">Ahora baste mirar el nuevo arrebato del gobierno de L\u00f3pez Obrador al pasar por encima del amparo que suspendi\u00f3 las obras del Tren Maya en los tramos 5 y 6 por las afectaciones ambientales que conlleva, reanudando \u201ca chaleco\u201d los trabajos luego de decretar a la elefanti\u00e1sica obra como de \u201cseguridad nacional\u201d, banalizando adem\u00e1s los asuntos que realmente merecen ser considerados de esa manera.<\/span><\/p>\n<p class=\"p1\"><span style=\"font-size: 14pt;\">Como \u00e9sos, abundan los actos ilegales del r\u00e9gimen, los abusos de poder que ni siquiera se intentan esconder porque se creen intocables. Tenemos a una Fiscal\u00eda General de la Rep\u00fablica siendo usada como instrumento de las venganzas personales y hasta familiares de su titular; es p\u00fablico el tr\u00e1fico de influencias para manipular a un Poder Judicial cada vez m\u00e1s sumiso y servil con el Ejecutivo; se cuentan por cientos los contratos millonarios de obra p\u00fablica por adjudicaci\u00f3n directa a empresas \u201cconsentidas\u201d; se difunde sin freno informaci\u00f3n privada de los supuestos \u201cadversarios\u201d del r\u00e9gimen para intimidarlos; sin verg\u00fcenza se celebran c\u00ednicos actos anticipados de campa\u00f1a en los que incurren todos los aspirantes del morenato a ser candidatos; y por supuesto, asquea la \u201cguerra de excremento\u201d contra quienes representan un obst\u00e1culo para los objetivos de un gobierno autoritario que se acerca a pasos agigantados a equipararse con los peores del PRI, de donde provienen casi todos sus cuadros dirigentes.<\/span><\/p>\n<p class=\"p1\"><span style=\"font-size: 14pt;\">Si a nivel federal la impunidad es atroz y total, pues en los estados se reproduce como la peste. Como en Veracruz, donde la Fiscal\u00eda inventa delitos para encarcelar adversarios pol\u00edticos; o en Campeche, donde la gobernadora se pasa por \u201cel arco del triunfo\u201d un amparo, a sabiendas de que nadie va a proceder en su contra.<\/span><\/p>\n<p class=\"p1\"><span style=\"font-size: 14pt;\">Esa manera aut\u00f3crata de concebir el ejercicio del poder, que deja en total indefensi\u00f3n a los ciudadanos de a pie ante cualquier abuso de la autoridad, la sintetiz\u00f3 el propio presidente L\u00f3pez Obrador con aquella frase que sirvi\u00f3 de mensaje para el Poder Judicial: \u201cno me vengan con que la ley es la ley\u201d.<\/span><\/p>\n<p class=\"p1\"><span style=\"font-size: 14pt;\">En M\u00e9xico, la \u201c4T\u201d convirti\u00f3 la ley en papel higi\u00e9nico.<\/span><\/p>\n<p>&nbsp;<\/p>\n<p class=\"p1\"><span style=\"font-size: 18pt; color: #e42d33;\"><b>APESTADO<\/b><\/span><\/p>\n<p class=\"p1\"><span style=\"font-size: 14pt;\">Por m\u00e1s circo que haga, por m\u00e1s que se aferre, Alejandro Moreno C\u00e1rdenas es totalmente insostenible como dirigente nacional del PRI y como su representante ante la coalici\u00f3n opositora, a la que est\u00e1 arrastrando en su estrepitosa ca\u00edda al abismo.<\/span><\/p>\n<p>&nbsp;<\/p>\n<p>&nbsp;<\/p>\n<p class=\"p1\"><span style=\"font-size: 18pt;\"><strong>Correo: <a href=\"mailto:aureliocontreras@gmail.com\">aureliocontreras@gmail.com<\/a><\/strong><\/span><\/p>\n<p class=\"p1\"><span style=\"font-size: 18pt;\"><strong>Twitter: <a href=\"http:\/\/www.twitter.com\/yeyocontreras\">@yeyocontreras<\/a><\/strong><\/span><\/p>\n<p>&nbsp;<\/p>\n<p><span style=\"font-size: 18pt; color: #e42d33;\"><em><strong>**Las columnas firmadas en este medio son responsabilidad de quienes las firman**<\/strong><\/em><\/span><\/p>\n<p>&nbsp;<\/p>\n<p>&nbsp;<\/p>\n<p>&nbsp;<\/p>\n<p>&nbsp;<\/p>\n","protected":false},"excerpt":{"rendered":"<p>&nbsp; Por Aurelio Contreras Moreno Pocas veces se hab\u00eda visto tal desfachatez y cinismo para abiertamente violar la ley desde<\/p>\n","protected":false},"author":4,"featured_media":3578,"comment_status":"closed","ping_status":"closed","sticky":false,"template":"","format":"standard","meta":{"colormag_page_container_layout":"default_layout","colormag_page_sidebar_layout":"default_layout","_jetpack_memberships_contains_paid_content":false,"footnotes":"","jetpack_publicize_message":"","jetpack_publicize_feature_enabled":true,"jetpack_social_post_already_shared":false,"jetpack_social_options":{"image_generator_settings":{"template":"highway","default_image_id":0,"font":"","enabled":false},"version":2}},"categories":[6],"tags":[],"class_list":["post-6345","post","type-post","status-publish","format-standard","has-post-thumbnail","hentry","category-columnistas"],"jetpack_publicize_connections":[],"jetpack_featured_media_url":"https:\/\/noticiasveracruz.com\/wp-content\/uploads\/2022\/04\/P-AURELIO-CONTRERAS.png","jetpack_sharing_enabled":true,"publishpress_future_action":{"enabled":false,"date":"2026-05-08 04:05:26","action":"change-status","newStatus":"draft","terms":[],"taxonomy":"category","extraData":[]},"publishpress_future_workflow_manual_trigger":{"enabledWorkflows":[]},"_links":{"self":[{"href":"https:\/\/noticiasveracruz.com\/index.php\/wp-json\/wp\/v2\/posts\/6345","targetHints":{"allow":["GET"]}}],"collection":[{"href":"https:\/\/noticiasveracruz.com\/index.php\/wp-json\/wp\/v2\/posts"}],"about":[{"href":"https:\/\/noticiasveracruz.com\/index.php\/wp-json\/wp\/v2\/types\/post"}],"author":[{"embeddable":true,"href":"https:\/\/noticiasveracruz.com\/index.php\/wp-json\/wp\/v2\/users\/4"}],"replies":[{"embeddable":true,"href":"https:\/\/noticiasveracruz.com\/index.php\/wp-json\/wp\/v2\/comments?post=6345"}],"version-history":[{"count":0,"href":"https:\/\/noticiasveracruz.com\/index.php\/wp-json\/wp\/v2\/posts\/6345\/revisions"}],"wp:featuredmedia":[{"embeddable":true,"href":"https:\/\/noticiasveracruz.com\/index.php\/wp-json\/wp\/v2\/media\/3578"}],"wp:attachment":[{"href":"https:\/\/noticiasveracruz.com\/index.php\/wp-json\/wp\/v2\/media?parent=6345"}],"wp:term":[{"taxonomy":"category","embeddable":true,"href":"https:\/\/noticiasveracruz.com\/index.php\/wp-json\/wp\/v2\/categories?post=6345"},{"taxonomy":"post_tag","embeddable":true,"href":"https:\/\/noticiasveracruz.com\/index.php\/wp-json\/wp\/v2\/tags?post=6345"}],"curies":[{"name":"wp","href":"https:\/\/api.w.org\/{rel}","templated":true}]}}