{"id":6328,"date":"2022-07-19T20:31:07","date_gmt":"2022-07-20T01:31:07","guid":{"rendered":"https:\/\/noticiasveracruz.com\/?p=6328"},"modified":"2022-07-19T21:30:03","modified_gmt":"2022-07-20T02:30:03","slug":"aprenden-servidores-publicos-de-tuxpan-lengua-de-senas-mexicana","status":"publish","type":"post","link":"https:\/\/noticiasveracruz.com\/index.php\/2022\/07\/19\/aprenden-servidores-publicos-de-tuxpan-lengua-de-senas-mexicana\/","title":{"rendered":"Aprenden servidores p\u00fablicos de Tuxpan Lengua de Se\u00f1as Mexicana"},"content":{"rendered":"<p>&nbsp;<\/p>\n<p><span style=\"font-size: 18pt;\"><strong>&lt;&lt; El objetivo es fomentar la inclusi\u00f3n, la igualdad y la interacci\u00f3n con quienes tienen discapacidad auditiva &gt;&gt;<\/strong><\/span><\/p>\n<p>&nbsp;<\/p>\n<p>&nbsp;<\/p>\n<p class=\"p1\"><span style=\"font-size: 14pt;\"><b><i>TUXPAN, Ver. <\/i><\/b>Se llev\u00f3 a cabo la <strong>clausura del Curso de Lengua de Se\u00f1as Mexicana B\u00e1sico 1<\/strong>, impartido a servidores p\u00fablicos municipales con el <strong>objetivo de fomentar la inclusi\u00f3n<\/strong>, <strong>la igualdad y la interacci\u00f3n con quienes tienen discapacidad auditiva.<\/strong><\/span><\/p>\n<p class=\"p1\"><span style=\"font-size: 18pt;\"><strong>El personal que se capacit\u00f3 en este curso aprendi\u00f3, a lo largo de cinco sesiones, a comunicarse a trav\u00e9s de la combinaci\u00f3n del movimiento de manos, expresiones faciales y corporales.<\/strong><\/span><\/p>\n<p><img loading=\"lazy\" decoding=\"async\" class=\"aligncenter wp-image-7976 size-large\" src=\"https:\/\/politicosaldesnudo.com.mx\/wp-content\/uploads\/2022\/07\/P-LENGUAJESEN\u0303AS-TUXPAN3-1024x573.png\" alt=\"\" width=\"800\" height=\"448\" \/><\/p>\n<p>&nbsp;<\/p>\n<p class=\"p1\"><span style=\"font-size: 14pt;\">La clausura estuvo encabezada por el<span class=\"Apple-converted-space\">\u00a0 <\/span>Secretario T\u00e9cnico, <strong>Daniel Cortina Mart\u00ednez<\/strong> en representaci\u00f3n del alcalde <strong>Jos\u00e9 Manuel Pozos Castro<\/strong>.<\/span><\/p>\n<p class=\"p1\"><span style=\"font-size: 18pt;\"><strong>En su mensaje, Daniel Cortina felicit\u00f3 a quienes acreditaron este curso, pues demostraron un gran compromiso y solidaridad con este sector de la poblaci\u00f3n. <\/strong><\/span><span style=\"font-size: 18pt;\"><strong>Tambi\u00e9n destac\u00f3 que lo aprendido les ayudar\u00e1 a prestar un mejor servicio. <\/strong><\/span><\/p>\n<p class=\"p1\"><span style=\"font-size: 18pt;\"><strong>A\u00f1adi\u00f3 que Tuxpan es un gran ejemplo,<span class=\"Apple-converted-space\">\u00a0 <\/span>porque se pretende que un mayor n\u00famero de servidores p\u00fablicos sea capaz de de comunicarse con las personas con discapacidad auditiva.<\/strong><\/span><\/p>\n<p><img loading=\"lazy\" decoding=\"async\" class=\"aligncenter wp-image-7974 size-large\" src=\"https:\/\/politicosaldesnudo.com.mx\/wp-content\/uploads\/2022\/07\/P-LENGUAJESEN\u0303AS-TUXPAN1-1024x573.png\" alt=\"\" width=\"800\" height=\"448\" \/><\/p>\n<p>&nbsp;<\/p>\n<p class=\"p1\"><span style=\"font-size: 14pt;\">Hizo un reconocimiento al DIF Municipal de Tuxpan que encabeza la Lic. Pamela Morales de Pozos,<span class=\"Apple-converted-space\">\u00a0 <\/span>a los trabajadores<span class=\"Apple-converted-space\">\u00a0 <\/span>que tomaron el curso y al licenciado en Educaci\u00f3n Especial Heriberto del \u00c1ngel Cruz, por sus ense\u00f1anzas.<\/span><\/p>\n<p class=\"p1\"><span style=\"font-size: 14pt;\">Recalc\u00f3 que solo cuando todos los ciudadanos tengan las mismas oportunidades para salir adelante, se podr\u00e1 decir que somos una sociedad justa y equitativa. Por lo anterior, siempre se debe ser incluyente.<\/span><\/p>\n<p class=\"p1\"><span style=\"font-size: 18pt;\"><strong>Mencion\u00f3 que debemos trabajar para fomentar una cultura incluyente y de respeto a la dignidad humana, porque solo as\u00ed se tutela el derecho a la no discriminaci\u00f3n.<\/strong><\/span><\/p>\n<p>&nbsp;<\/p>\n<p><img loading=\"lazy\" decoding=\"async\" class=\"aligncenter wp-image-7977 size-large\" src=\"https:\/\/politicosaldesnudo.com.mx\/wp-content\/uploads\/2022\/07\/P-LENGUAJESEN\u0303AS-TUXPAN4-1024x573.png\" alt=\"\" width=\"800\" height=\"448\" \/><\/p>\n<p>&nbsp;<\/p>\n<p>&nbsp;<\/p>\n<p>&nbsp;<\/p>\n<p>&nbsp;<\/p>\n","protected":false},"excerpt":{"rendered":"<p>&nbsp; &lt;&lt; El objetivo es fomentar la inclusi\u00f3n, la igualdad y la interacci\u00f3n con quienes tienen discapacidad auditiva &gt;&gt; &nbsp;<\/p>\n","protected":false},"author":4,"featured_media":6330,"comment_status":"closed","ping_status":"closed","sticky":false,"template":"","format":"standard","meta":{"colormag_page_container_layout":"default_layout","colormag_page_sidebar_layout":"default_layout","_jetpack_memberships_contains_paid_content":false,"footnotes":"","jetpack_publicize_message":"","jetpack_publicize_feature_enabled":true,"jetpack_social_post_already_shared":false,"jetpack_social_options":{"image_generator_settings":{"template":"highway","default_image_id":0,"font":"","enabled":false},"version":2}},"categories":[356],"tags":[1111,1110,1112,72,73],"class_list":["post-6328","post","type-post","status-publish","format-standard","has-post-thumbnail","hentry","category-veracruz","tag-curso","tag-lenguaje-de-senas","tag-servidores-publicos","tag-tuxpan","tag-veracruz"],"jetpack_publicize_connections":[],"jetpack_featured_media_url":"https:\/\/noticiasveracruz.com\/wp-content\/uploads\/2022\/07\/P-LENGUAJESEN\u0303AS-TUXPAN2.png","jetpack_sharing_enabled":true,"publishpress_future_action":{"enabled":false,"date":"2026-05-07 11:39:56","action":"change-status","newStatus":"draft","terms":[],"taxonomy":"category","extraData":[]},"publishpress_future_workflow_manual_trigger":{"enabledWorkflows":[]},"_links":{"self":[{"href":"https:\/\/noticiasveracruz.com\/index.php\/wp-json\/wp\/v2\/posts\/6328","targetHints":{"allow":["GET"]}}],"collection":[{"href":"https:\/\/noticiasveracruz.com\/index.php\/wp-json\/wp\/v2\/posts"}],"about":[{"href":"https:\/\/noticiasveracruz.com\/index.php\/wp-json\/wp\/v2\/types\/post"}],"author":[{"embeddable":true,"href":"https:\/\/noticiasveracruz.com\/index.php\/wp-json\/wp\/v2\/users\/4"}],"replies":[{"embeddable":true,"href":"https:\/\/noticiasveracruz.com\/index.php\/wp-json\/wp\/v2\/comments?post=6328"}],"version-history":[{"count":0,"href":"https:\/\/noticiasveracruz.com\/index.php\/wp-json\/wp\/v2\/posts\/6328\/revisions"}],"wp:featuredmedia":[{"embeddable":true,"href":"https:\/\/noticiasveracruz.com\/index.php\/wp-json\/wp\/v2\/media\/6330"}],"wp:attachment":[{"href":"https:\/\/noticiasveracruz.com\/index.php\/wp-json\/wp\/v2\/media?parent=6328"}],"wp:term":[{"taxonomy":"category","embeddable":true,"href":"https:\/\/noticiasveracruz.com\/index.php\/wp-json\/wp\/v2\/categories?post=6328"},{"taxonomy":"post_tag","embeddable":true,"href":"https:\/\/noticiasveracruz.com\/index.php\/wp-json\/wp\/v2\/tags?post=6328"}],"curies":[{"name":"wp","href":"https:\/\/api.w.org\/{rel}","templated":true}]}}