{"id":6323,"date":"2022-07-19T20:05:29","date_gmt":"2022-07-20T01:05:29","guid":{"rendered":"https:\/\/noticiasveracruz.com\/?p=6323"},"modified":"2022-07-19T20:05:29","modified_gmt":"2022-07-20T01:05:29","slug":"amlo-plan-de-salud-para-el-bienestar-nacionalizara-el-sistema","status":"publish","type":"post","link":"https:\/\/noticiasveracruz.com\/index.php\/2022\/07\/19\/amlo-plan-de-salud-para-el-bienestar-nacionalizara-el-sistema\/","title":{"rendered":"AMLO: Plan de Salud para el Bienestar nacionalizar\u00e1 el sistema"},"content":{"rendered":"<p>&nbsp;<\/p>\n<p class=\"p1\"><span style=\"font-size: 14pt;\"><em><strong>CIUDAD DE M\u00c9XICO.<\/strong><\/em> El\u00a0<strong>Plan de Salud para el Bienestar\u00a0<\/strong>que lleva a cabo el Gobierno de la Cuarta Transformaci\u00f3n, tiene el objetivo de nacionalizar el sistema, regresarlo a lo p\u00fablico, afirm\u00f3 el <strong>presidente Andr\u00e9s Manuel L\u00f3pez Obrador<\/strong>.<\/span><\/p>\n<blockquote>\n<p class=\"p1\"><span style=\"font-size: 14pt;\">Esto que estamos haciendo con la salud p\u00fablica tiene que ver con los que no tienen seguridad social. (\u2026) Vamos avanzando y el prop\u00f3sito es que el a\u00f1o pr\u00f3ximo ya tengamos un sistema de salud p\u00fablica de primera en todo el pa\u00eds. Estamos consiguiendo los m\u00e9dicos; rehabilitando centros de salud, hospitales; equipando, abasteciendo centros de salud, hospitales con medicamentos; que se garantice el derecho constitucional a la salud a todo el pueblo\u201d<\/span><\/p>\n<\/blockquote>\n<p><img loading=\"lazy\" decoding=\"async\" class=\"aligncenter wp-image-7969\" src=\"https:\/\/politicosaldesnudo.com.mx\/wp-content\/uploads\/2022\/07\/P-GOBIERNO-SALUDBIENESTAR-300x262.png\" alt=\"\" width=\"900\" height=\"787\" \/><\/p>\n<p>&nbsp;<\/p>\n<p class=\"p1\"><span style=\"font-size: 18pt;\"><strong>Andr\u00e9s Manuel L\u00f3pez Obrador record\u00f3 que en sexenios anteriores se subrogaron los servicios en el sector; la formaci\u00f3n de m\u00e9dicos generales y especialistas estaba rezagada y las unidades m\u00e9dicas se encontraban en condiciones deplorables y carec\u00edan de medicamentos.<\/strong><\/span><\/p>\n<blockquote>\n<p class=\"p1\"><span style=\"font-size: 14pt;\">Llegaron al extremo de inaugurar hospitales sin equipos, la fachada. (\u2026) Nos quedamos sin m\u00e9dicos, no se prepararon m\u00e9dicos y tenemos un d\u00e9ficit de m\u00e9dicos generales y especialistas. Ahora tenemos las plazas, las vacantes, pero no hay postulantes, un da\u00f1o terrible, tremendo a la salud p\u00fablica, entonces estamos levantando el sistema de salud p\u00fablica\u201d <\/span><\/p>\n<\/blockquote>\n<p class=\"p1\"><span style=\"font-size: 18pt;\"><strong>Por su parte, el director general del\u00a0Instituto Mexicano del Seguro Social, Zo\u00e9 Robledo Aburto, anunci\u00f3 que el 25 de julio iniciar\u00e1 en Guerrero el levantamiento de un censo en mil 51 centros m\u00e9dicos y hospitales para hacer un diagn\u00f3stico de necesidades luego de la adhesi\u00f3n de esta entidad al modelo IMSS Bienestar.<\/strong><\/span><\/p>\n<p>&nbsp;<\/p>\n<p>&nbsp;<\/p>\n<p>&nbsp;<\/p>\n","protected":false},"excerpt":{"rendered":"<p>&nbsp; CIUDAD DE M\u00c9XICO. El\u00a0Plan de Salud para el Bienestar\u00a0que lleva a cabo el Gobierno de la Cuarta Transformaci\u00f3n, tiene<\/p>\n","protected":false},"author":4,"featured_media":6325,"comment_status":"closed","ping_status":"closed","sticky":false,"template":"","format":"standard","meta":{"colormag_page_container_layout":"default_layout","colormag_page_sidebar_layout":"default_layout","_jetpack_memberships_contains_paid_content":false,"footnotes":"","jetpack_publicize_message":"","jetpack_publicize_feature_enabled":true,"jetpack_social_post_already_shared":false,"jetpack_social_options":{"image_generator_settings":{"template":"highway","default_image_id":0,"font":"","enabled":false},"version":2}},"categories":[4],"tags":[65,1109,663],"class_list":["post-6323","post","type-post","status-publish","format-standard","has-post-thumbnail","hentry","category-nacional","tag-andres-manuel-lopez-obrador","tag-imss-bienestar","tag-plan-de-salud"],"jetpack_publicize_connections":[],"jetpack_featured_media_url":"https:\/\/noticiasveracruz.com\/wp-content\/uploads\/2022\/07\/P-GOBIERNO-SALUDBIENESTAR2.png","jetpack_sharing_enabled":true,"publishpress_future_action":{"enabled":false,"date":"2026-05-07 11:06:40","action":"change-status","newStatus":"draft","terms":[],"taxonomy":"category","extraData":[]},"publishpress_future_workflow_manual_trigger":{"enabledWorkflows":[]},"_links":{"self":[{"href":"https:\/\/noticiasveracruz.com\/index.php\/wp-json\/wp\/v2\/posts\/6323","targetHints":{"allow":["GET"]}}],"collection":[{"href":"https:\/\/noticiasveracruz.com\/index.php\/wp-json\/wp\/v2\/posts"}],"about":[{"href":"https:\/\/noticiasveracruz.com\/index.php\/wp-json\/wp\/v2\/types\/post"}],"author":[{"embeddable":true,"href":"https:\/\/noticiasveracruz.com\/index.php\/wp-json\/wp\/v2\/users\/4"}],"replies":[{"embeddable":true,"href":"https:\/\/noticiasveracruz.com\/index.php\/wp-json\/wp\/v2\/comments?post=6323"}],"version-history":[{"count":0,"href":"https:\/\/noticiasveracruz.com\/index.php\/wp-json\/wp\/v2\/posts\/6323\/revisions"}],"wp:featuredmedia":[{"embeddable":true,"href":"https:\/\/noticiasveracruz.com\/index.php\/wp-json\/wp\/v2\/media\/6325"}],"wp:attachment":[{"href":"https:\/\/noticiasveracruz.com\/index.php\/wp-json\/wp\/v2\/media?parent=6323"}],"wp:term":[{"taxonomy":"category","embeddable":true,"href":"https:\/\/noticiasveracruz.com\/index.php\/wp-json\/wp\/v2\/categories?post=6323"},{"taxonomy":"post_tag","embeddable":true,"href":"https:\/\/noticiasveracruz.com\/index.php\/wp-json\/wp\/v2\/tags?post=6323"}],"curies":[{"name":"wp","href":"https:\/\/api.w.org\/{rel}","templated":true}]}}