{"id":6308,"date":"2022-07-19T08:01:51","date_gmt":"2022-07-19T13:01:51","guid":{"rendered":"https:\/\/noticiasveracruz.com\/?p=6308"},"modified":"2022-07-19T08:01:51","modified_gmt":"2022-07-19T13:01:51","slug":"presidente-pide-redoblar-esfuerzo-para-enfrentar-sequia-en-nl","status":"publish","type":"post","link":"https:\/\/noticiasveracruz.com\/index.php\/2022\/07\/19\/presidente-pide-redoblar-esfuerzo-para-enfrentar-sequia-en-nl\/","title":{"rendered":"Presidente pide redoblar esfuerzo para enfrentar sequ\u00eda en NL"},"content":{"rendered":"<p class=\"p1\">\n<p class=\"p1\"><span style=\"font-size: 14pt;\"><em><strong>CIUDAD DE M\u00c9XICO.<\/strong><\/em> El presidente <strong>Andr\u00e9s Manuel L\u00f3pez Obrador<\/strong> <strong>llam\u00f3 a empresarios a redoblar esfuerzos<\/strong> para reducir al m\u00ednimo la producci\u00f3n en algunas industrias de Nuevo Le\u00f3n con el <strong>objetivo de enfrentar la sequ\u00eda que se registra en la zona conurbada de la entidad.<\/strong><\/span><\/p>\n<blockquote>\n<p class=\"p1\"><span style=\"font-size: 14pt;\">Por ejemplo: las cerveceras y las refresqueras que, en el caso de Nuevo Le\u00f3n, en estos d\u00edas ya tomen la decisi\u00f3n de no consumir agua para cerveza, para refrescos y se destine toda el agua para uso dom\u00e9stico, que nos ayuden en eso, es una petici\u00f3n\u201d<\/span><\/p>\n<\/blockquote>\n<p class=\"p1\"><span style=\"font-size: 18pt;\"><strong>Andr\u00e9s Manuel L\u00f3pez Obrador reiter\u00f3 su apoyo a las empresas que decidan aportar agua a la poblaci\u00f3n.<\/strong><\/span><\/p>\n<p><img loading=\"lazy\" decoding=\"async\" class=\"aligncenter wp-image-7951 size-large\" src=\"https:\/\/politicosaldesnudo.com.mx\/wp-content\/uploads\/2022\/07\/P-SEQUI\u0301A-NL1-1024x573.png\" alt=\"\" width=\"800\" height=\"448\" \/><\/p>\n<p>&nbsp;<\/p>\n<blockquote>\n<p class=\"p1\"><span style=\"font-size: 14pt;\">Aprovecho para hacer un llamado a que se siga ayudando, cooperando. No niego que est\u00e9n ayudando, lo est\u00e1n haciendo, pero hace falta m\u00e1s y tomar decisiones de fondo. Es un llamado a quienes tienen agua y la est\u00e1n usando con otros prop\u00f3sitos; el agua es un derecho humano fundamental\u201d<\/span><\/p>\n<\/blockquote>\n<p class=\"p1\"><span style=\"font-size: 14pt;\">Refiri\u00f3 que hay empresas, como las acereras, que no pueden parar su producci\u00f3n porque el reinicio de actividades tardar\u00eda hasta un a\u00f1o. Sin embargo, existen otras que pueden contribuir.<\/span><\/p>\n<blockquote>\n<p class=\"p1\"><span style=\"font-size: 14pt;\">Van a ser apoyadas por nosotros, o sea, podemos llegar a acuerdos para que no se vean tan afectadas. (\u2026) Entonces llamar\u00eda a todos para que ayudaran. Si se complica m\u00e1s la situaci\u00f3n, hay que seguir aportando, incluso, detener la producci\u00f3n y dedicar toda el agua que se requiere a la gente\u201d.<\/span><\/p>\n<\/blockquote>\n<p class=\"p1\"><span style=\"font-size: 18pt;\"><strong>En el Sal\u00f3n de la Tesorer\u00eda de Palacio Nacional, Andr\u00e9s Manuel L\u00f3pez Obrador inform\u00f3 que el\u00a0secretario de Gobernaci\u00f3n, Ad\u00e1n Augusto L\u00f3pez Hern\u00e1ndez, se reuni\u00f3 con representantes de la iniciativa privada a fin de solucionar la crisis de forma conjunta.<\/strong><\/span><\/p>\n<blockquote>\n<p class=\"p1\"><span style=\"font-size: 14pt;\">Lo cierto es que s\u00ed est\u00e1n ayudando, pero es grave la situaci\u00f3n en Monterrey y en toda la zona conurbada. Vamos a seguir pidiendo m\u00e1s apoyo, tanto de quienes tienen agua para riego que ayuden, que se solidaricen con la poblaci\u00f3n que necesita el agua en las ciudades, en la zona metropolitana y tambi\u00e9n que se sumen todas las empresas\u201d<\/span><\/p>\n<\/blockquote>\n<p>&nbsp;<\/p>\n<p>&nbsp;<\/p>\n","protected":false},"excerpt":{"rendered":"<p>CIUDAD DE M\u00c9XICO. El presidente Andr\u00e9s Manuel L\u00f3pez Obrador llam\u00f3 a empresarios a redoblar esfuerzos para reducir al m\u00ednimo la<\/p>\n","protected":false},"author":4,"featured_media":6310,"comment_status":"closed","ping_status":"closed","sticky":false,"template":"","format":"standard","meta":{"colormag_page_container_layout":"default_layout","colormag_page_sidebar_layout":"default_layout","_jetpack_memberships_contains_paid_content":false,"footnotes":"","jetpack_publicize_message":"","jetpack_publicize_feature_enabled":true,"jetpack_social_post_already_shared":false,"jetpack_social_options":{"image_generator_settings":{"template":"highway","default_image_id":0,"font":"","enabled":false},"version":2}},"categories":[4],"tags":[206,65,218,430],"class_list":["post-6308","post","type-post","status-publish","format-standard","has-post-thumbnail","hentry","category-nacional","tag-agua","tag-andres-manuel-lopez-obrador","tag-nuevo-leon","tag-sequia"],"jetpack_publicize_connections":[],"jetpack_featured_media_url":"https:\/\/noticiasveracruz.com\/wp-content\/uploads\/2022\/07\/P-SEQUI\u0301A-NL2.png","jetpack_sharing_enabled":true,"publishpress_future_action":{"enabled":false,"date":"2026-05-07 08:58:39","action":"change-status","newStatus":"draft","terms":[],"taxonomy":"category","extraData":[]},"publishpress_future_workflow_manual_trigger":{"enabledWorkflows":[]},"_links":{"self":[{"href":"https:\/\/noticiasveracruz.com\/index.php\/wp-json\/wp\/v2\/posts\/6308","targetHints":{"allow":["GET"]}}],"collection":[{"href":"https:\/\/noticiasveracruz.com\/index.php\/wp-json\/wp\/v2\/posts"}],"about":[{"href":"https:\/\/noticiasveracruz.com\/index.php\/wp-json\/wp\/v2\/types\/post"}],"author":[{"embeddable":true,"href":"https:\/\/noticiasveracruz.com\/index.php\/wp-json\/wp\/v2\/users\/4"}],"replies":[{"embeddable":true,"href":"https:\/\/noticiasveracruz.com\/index.php\/wp-json\/wp\/v2\/comments?post=6308"}],"version-history":[{"count":0,"href":"https:\/\/noticiasveracruz.com\/index.php\/wp-json\/wp\/v2\/posts\/6308\/revisions"}],"wp:featuredmedia":[{"embeddable":true,"href":"https:\/\/noticiasveracruz.com\/index.php\/wp-json\/wp\/v2\/media\/6310"}],"wp:attachment":[{"href":"https:\/\/noticiasveracruz.com\/index.php\/wp-json\/wp\/v2\/media?parent=6308"}],"wp:term":[{"taxonomy":"category","embeddable":true,"href":"https:\/\/noticiasveracruz.com\/index.php\/wp-json\/wp\/v2\/categories?post=6308"},{"taxonomy":"post_tag","embeddable":true,"href":"https:\/\/noticiasveracruz.com\/index.php\/wp-json\/wp\/v2\/tags?post=6308"}],"curies":[{"name":"wp","href":"https:\/\/api.w.org\/{rel}","templated":true}]}}