{"id":6296,"date":"2022-07-19T06:51:48","date_gmt":"2022-07-19T11:51:48","guid":{"rendered":"https:\/\/noticiasveracruz.com\/?p=6296"},"modified":"2022-07-19T06:52:15","modified_gmt":"2022-07-19T11:52:15","slug":"los-manchados-de-mc-que-salieron-tiznados","status":"publish","type":"post","link":"https:\/\/noticiasveracruz.com\/index.php\/2022\/07\/19\/los-manchados-de-mc-que-salieron-tiznados\/","title":{"rendered":"Los manchados de MC que salieron tiznados"},"content":{"rendered":"<p>&nbsp;<\/p>\n<p class=\"p1\"><span style=\"font-size: 18pt;\"><strong>Por Luis Ram\u00edrez Baqueiro<\/strong><\/span><\/p>\n<p>&nbsp;<\/p>\n<p class=\"p1\" style=\"text-align: center;\"><em><span style=\"font-size: 18pt;\"><strong>\u201cNo es vergonzoso cambiar de opini\u00f3n: es vergonzoso cambiar de opini\u00f3n por inter\u00e9s\u201d <\/strong><\/span><\/em><\/p>\n<p class=\"p1\" style=\"text-align: center;\"><span style=\"font-size: 18pt;\">\u2013 V\u00edctor Hugo \u2013\u00a0<\/span><\/p>\n<p>&nbsp;<\/p>\n<p class=\"p1\"><span style=\"font-size: 14pt;\">Se lo venimos diciendo ya desde hace algunos meses, la renovaci\u00f3n gubernamental en el a\u00f1o 2024, ha puesto nerviosos a muchos, al menos a nivel estatal.<\/span><\/p>\n<p class=\"p1\"><span style=\"font-size: 14pt;\">As\u00ed podr\u00eda sintetizarse la m\u00e1s reciente declaraci\u00f3n del presidente del Comit\u00e9 Directivo Estatal de Movimiento Ciudadano (MC), Sergio Gil Rull\u00e1n, quien empleando una conferencia de prensa intent\u00f3 lanzar una bombita a la administraci\u00f3n estatal en funciones, sin considerar que, en la dependencia encargada del manejo financiero, est\u00e1 un verdadero talento financiero.<\/span><\/p>\n<p class=\"p1\"><span style=\"font-size: 14pt;\">La m\u00e1s reciente entrega del periodista Iv\u00e1n Calder\u00f3n sintetiza puntualmente la gran charada, pues explica pormenorizadamente una de las principales fortalezas del Gobierno de Cuitl\u00e1huac Garc\u00eda Jim\u00e9nez, el pulcro manejo financiero de su gobierno, mismo que bajo la conducci\u00f3n de Jos\u00e9 Luis Lima Franco, ha permitido que las m\u00e1s importantes calificadoras del mundo financiero voltearon sus ojos al que podr\u00edamos llamar como \u201cmilagro veracruzano\u201d.\u00a0<\/span><\/p>\n<p class=\"p1\"><span style=\"font-size: 14pt;\">El propio Calder\u00f3n desgrana uno a uno los m\u00e1s importantes logros obtenidos por el joven secretario de Finanzas: liquidaci\u00f3n de compromisos econ\u00f3micos con el IPE, pago de deuda hist\u00f3rica de la Universidad Veracruzana (UV), reestructuraci\u00f3n de la deuda, solventando los cr\u00e9ditos adquiridos, as\u00ed como mejorando las calificaciones del delicado ranking financiero.<\/span><\/p>\n<p class=\"p1\"><span style=\"font-size: 14pt;\">\u201cLos 3 indicadores del sem\u00e1foro de alerta de la SHCP desde hace 8 trimestres est\u00e1n en verde, los saldos no se han incrementado, y se han disminuido pasivos por primera vez en 2 d\u00e9cadas\u201d, afirma Iv\u00e1n Calder\u00f3n.<\/span><\/p>\n<p class=\"p1\"><span style=\"font-size: 14pt;\">Pero entonces \u00bfCu\u00e1les fueron las razones reales de lanzar dicho misil contra el gobierno Cuitlahuista? \u00bfQu\u00e9 es realmente lo que los ha puesto tan nerviosos como para crear una nueva distracci\u00f3n medi\u00e1tica que intenta confrontar a la sociedad con el gobierno?<\/span><\/p>\n<p class=\"p1\"><span style=\"font-size: 14pt;\">La respuesta es simple, las mediciones demosc\u00f3picas de cara a la sucesi\u00f3n gubernamental.<\/span><\/p>\n<p class=\"p1\"><span style=\"font-size: 14pt;\">Si, pareciera ser algo insignificante, pero es cierto, y es que resulta que la m\u00e1s reciente encuesta realizada por TResearch bajo la direcci\u00f3n General de Carlos Penna Charolet del As\u00ed Van Rumbo al 2024 en Veracruz al mes de julio de este a\u00f1o indican que Morena acapara el 38.3% de la intenci\u00f3n del voto para gobernador, lo que evidencia el nulo trabajo pol\u00edtico y de impacto de los partidos de oposici\u00f3n en la entidad.\u00a0<\/span><\/p>\n<p class=\"p1\"><span style=\"font-size: 14pt;\">Ah\u00ed es donde MC encontr\u00f3 un resquicio en su intento por garantizar la idea de poder arrebatar Veracruz \u2013tercer basti\u00f3n electoral del pa\u00eds- para el proceso sucesorio, en ese juego por dem\u00e1s inmoral que trae su l\u00edder nacional y senador Dante Alfonso Delgado Rannauro y el senador Morenista Ricardo Monreal \u00c1vila, quien pretenden a como d\u00e9 lugar ser el proyecto alterno para el pa\u00eds y para el estado.<\/span><\/p>\n<p><img loading=\"lazy\" decoding=\"async\" class=\"aligncenter wp-image-7932 size-large\" src=\"https:\/\/politicosaldesnudo.com.mx\/wp-content\/uploads\/2022\/07\/P-ENCUESTAS-VERACRUZ-1024x573.png\" alt=\"\" width=\"800\" height=\"448\" \/><\/p>\n<p>&nbsp;<\/p>\n<p class=\"p1\"><span style=\"font-size: 14pt;\">La encuesta presentada por TResearch confirma tambi\u00e9n lo que ya es sabido, solo el Partido Acci\u00f3n Nacional (PAN) estar\u00eda en posibilidades de poder llegar el momento buscar disputar el poder, al reportar 25.9% de la intenci\u00f3n del voto.<\/span><\/p>\n<p class=\"p1\"><span style=\"font-size: 14pt;\">Pero lo que resulta de risa, y no cont\u00f3 en su conferencia de prensa el l\u00edder de MC, Sergio Gil Rull\u00e1n es que su partido alcanza la insignificante cifra de 5% en la intenci\u00f3n del voto, cantidad que ni yendo a bailar a Chalma le sirve para poder derrotar a Morena en el 2024.<\/span><\/p>\n<p class=\"p1\"><span style=\"font-size: 14pt;\">Vaya, ni sumando a toda la oposici\u00f3n veracruzana les alcanza para desbancar a Morena.<\/span><\/p>\n<p class=\"p1\"><span style=\"font-size: 14pt;\">Ah\u00ed el trasfondo del misil lanzado la ma\u00f1ana de este lunes, que inclusive provoc\u00f3 que el propio Gobernador Cuitl\u00e1huac Garc\u00eda en conferencia de prensa a modo de sorna se\u00f1alar\u00e1 \u201cNo manchen, no nos llevamos as\u00ed; ofenden\u2026 no hagan esas comparaciones\u201d tras haber sido comparado con Javier Duarte en un intento por pretender ganar reflectores, cuando es de todos evidente, que MC en Veracruz no tiene, ni el arrastre, ni el alcance para poder desbancar a Morena en la pr\u00f3xima elecci\u00f3n.<\/span><\/p>\n<p class=\"p1\"><span style=\"font-size: 14pt;\">Como dice el dicho popular \u201clas cosas como son\u201d y los manchados esta vez s\u00ed fueron los dirigentes de MC, que salieron m\u00e1s tiznados en su intento de enga\u00f1ar a la sociedad.<\/span><\/p>\n<p class=\"p1\"><span style=\"font-size: 18pt;\"><strong>Al tiempo.<\/strong><\/span><\/p>\n<p>&nbsp;<\/p>\n<p class=\"p1\"><span style=\"font-size: 18pt;\"><strong>Correo: <a href=\"mailto:astrolabiopoliticomx@gmail.com\">astrolabiopoliticomx@gmail.com<\/a><\/strong><\/span><\/p>\n<p class=\"p1\"><span style=\"font-size: 18pt;\"><strong>Twitter: <a href=\"http:\/\/www.twitter.com\/LuisBaqueiro_mx\">@LuisBaqueiro_mx<\/a><\/strong><\/span><\/p>\n<p>&nbsp;<\/p>\n<p><span style=\"font-size: 18pt; color: #319eca;\"><em><strong>**Las columnas firmadas en este medio son responsabilidad de quienes las firman**<\/strong><\/em><\/span><\/p>\n<p>&nbsp;<\/p>\n<p>&nbsp;<\/p>\n<p>&nbsp;<\/p>\n<p>&nbsp;<\/p>\n","protected":false},"excerpt":{"rendered":"<p>&nbsp; Por Luis Ram\u00edrez Baqueiro &nbsp; \u201cNo es vergonzoso cambiar de opini\u00f3n: es vergonzoso cambiar de opini\u00f3n por inter\u00e9s\u201d \u2013<\/p>\n","protected":false},"author":4,"featured_media":3572,"comment_status":"closed","ping_status":"closed","sticky":false,"template":"","format":"standard","meta":{"colormag_page_container_layout":"default_layout","colormag_page_sidebar_layout":"default_layout","_jetpack_memberships_contains_paid_content":false,"footnotes":"","jetpack_publicize_message":"","jetpack_publicize_feature_enabled":true,"jetpack_social_post_already_shared":false,"jetpack_social_options":{"image_generator_settings":{"template":"highway","default_image_id":0,"font":"","enabled":false},"version":2}},"categories":[6],"tags":[],"class_list":["post-6296","post","type-post","status-publish","format-standard","has-post-thumbnail","hentry","category-columnistas"],"jetpack_publicize_connections":[],"jetpack_featured_media_url":"https:\/\/noticiasveracruz.com\/wp-content\/uploads\/2022\/04\/LUIS-RAMI\u0301REZ-BAQUEIRO.png","jetpack_sharing_enabled":true,"publishpress_future_action":{"enabled":false,"date":"2026-05-07 05:52:59","action":"change-status","newStatus":"draft","terms":[],"taxonomy":"category","extraData":[]},"publishpress_future_workflow_manual_trigger":{"enabledWorkflows":[]},"_links":{"self":[{"href":"https:\/\/noticiasveracruz.com\/index.php\/wp-json\/wp\/v2\/posts\/6296","targetHints":{"allow":["GET"]}}],"collection":[{"href":"https:\/\/noticiasveracruz.com\/index.php\/wp-json\/wp\/v2\/posts"}],"about":[{"href":"https:\/\/noticiasveracruz.com\/index.php\/wp-json\/wp\/v2\/types\/post"}],"author":[{"embeddable":true,"href":"https:\/\/noticiasveracruz.com\/index.php\/wp-json\/wp\/v2\/users\/4"}],"replies":[{"embeddable":true,"href":"https:\/\/noticiasveracruz.com\/index.php\/wp-json\/wp\/v2\/comments?post=6296"}],"version-history":[{"count":0,"href":"https:\/\/noticiasveracruz.com\/index.php\/wp-json\/wp\/v2\/posts\/6296\/revisions"}],"wp:featuredmedia":[{"embeddable":true,"href":"https:\/\/noticiasveracruz.com\/index.php\/wp-json\/wp\/v2\/media\/3572"}],"wp:attachment":[{"href":"https:\/\/noticiasveracruz.com\/index.php\/wp-json\/wp\/v2\/media?parent=6296"}],"wp:term":[{"taxonomy":"category","embeddable":true,"href":"https:\/\/noticiasveracruz.com\/index.php\/wp-json\/wp\/v2\/categories?post=6296"},{"taxonomy":"post_tag","embeddable":true,"href":"https:\/\/noticiasveracruz.com\/index.php\/wp-json\/wp\/v2\/tags?post=6296"}],"curies":[{"name":"wp","href":"https:\/\/api.w.org\/{rel}","templated":true}]}}