{"id":62944,"date":"2025-08-21T22:40:27","date_gmt":"2025-08-22T04:40:27","guid":{"rendered":"https:\/\/noticiasveracruz.com\/?p=62944"},"modified":"2025-08-21T22:40:27","modified_gmt":"2025-08-22T04:40:27","slug":"morena-y-la-tentacion-de-eternizarse-en-el-poder-interno","status":"publish","type":"post","link":"https:\/\/noticiasveracruz.com\/index.php\/2025\/08\/21\/morena-y-la-tentacion-de-eternizarse-en-el-poder-interno\/","title":{"rendered":"Morena y la tentaci\u00f3n de eternizarse en el poder interno"},"content":{"rendered":"<p style=\"font-weight: 400;\">En pol\u00edtica, hemos visto que las pr\u00f3rrogas casi nunca son inocentes. Detr\u00e1s de cada extensi\u00f3n de mandato, ya sea en un sindicato, un rector, una universidad o un partido pol\u00edtico, suele esconderse un mensaje inequ\u00edvoco: la desconfianza hacia las urnas, el temor al relevo y la pulsi\u00f3n por controlar lo que, por estatutos, deber\u00eda pertenecer a la militancia.<\/p>\n<p style=\"font-weight: 400;\">Ahora es Morena, el partido que se presume guardi\u00e1n de la democracia, quien se mira en ese espejo. El Consejo Nacional discute la extensi\u00f3n del mandato de las 32 dirigencias estatales hasta octubre de 2027. El argumento oficial: garantizar la \u201ccontinuidad operativa\u201d rumbo a las elecciones intermedias, donde estar\u00e1n en juego 17 gubernaturas, congresos locales y ayuntamientos.<\/p>\n<p style=\"font-weight: 400;\">Suena razonable a primera vista: nadie quiere un partido descabezado en plena contienda. Pero en el fondo se trata de una contradicci\u00f3n monumental. El mismo instituto que naci\u00f3 con la promesa de erradicar los vicios de la pol\u00edtica tradicional \u2014el dedazo, la imposici\u00f3n, el corporativismo\u2014, hoy reproduce la vieja pr\u00e1ctica priista de prolongar mandatos a conveniencia del centro.<\/p>\n<p style=\"font-weight: 400;\">Los documentos internos de Morena son claros: las dirigencias estatales deben renovarse cada tres a\u00f1os. Sin embargo, con este acuerdo 27 de ellas conservar\u00edan funciones por cinco a\u00f1os. La justificaci\u00f3n es que se trata de una \u201cmedida extraordinaria, proporcional y limitada en el tiempo\u201d. Una manera elegante de decir: rompemos la regla, pero lo hacemos en nombre de la eficacia.<\/p>\n<p style=\"font-weight: 400;\">La pregunta es: \u00bfdesde cu\u00e1ndo la eficacia operativa se coloca por encima de la legalidad estatutaria? El estatuto no es un adorno. Es la constituci\u00f3n interna del partido, la carta de navegaci\u00f3n que debe respetarse para que Morena no se convierta en aquello que tanto critic\u00f3. Salt\u00e1rselo por conveniencia electoral es un mal precedente.<\/p>\n<p style=\"font-weight: 400;\">No olvidemos el contexto hist\u00f3rico. El PRI domin\u00f3 por d\u00e9cadas gracias, entre otras cosas, a la perpetuaci\u00f3n de sus caciques locales. Gobernadores, l\u00edderes sindicales y dirigentes partidistas se manten\u00edan en el cargo m\u00e1s all\u00e1 de los plazos formales. El resultado fue un sistema cerrado, autoritario, incapaz de oxigenarse con nuevas voces.<\/p>\n<p style=\"font-weight: 400;\">Morena parece caminar por esa misma senda. Extender los mandatos significa asegurar que los actuales dirigentes \u2014designados en su mayor\u00eda con el aval de la dirigencia nacional\u2014 permanezcan como operadores leales al centro hasta despu\u00e9s de 2027. En otras palabras: se privilegia la disciplina pol\u00edtica sobre la democracia interna.<\/p>\n<p style=\"font-weight: 400;\">Es cierto, la pr\u00f3rroga se vende como una medida \u201ctemporal\u201d. Pero la historia pol\u00edtica mexicana est\u00e1 llena de medidas temporales que terminaron normaliz\u00e1ndose. Basta recordar que la reelecci\u00f3n indefinida en el porfiriato comenz\u00f3 tambi\u00e9n como un \u201cajuste excepcional\u201d.<\/p>\n<p style=\"font-weight: 400;\">El riesgo es claro: si Morena justifica hoy que la continuidad es m\u00e1s importante que la renovaci\u00f3n, ma\u00f1ana podr\u00eda aplicar la misma l\u00f3gica en otros niveles, incluso en el plano legislativo o gubernamental. La democracia no se defiende con discursos grandilocuentes, sino con reglas claras y respetadas.<\/p>\n<p style=\"font-weight: 400;\">Conviene subrayar que el partido oficial no s\u00f3lo busca administrar candidaturas en los pr\u00f3ximos dos a\u00f1os, sino tambi\u00e9n llegar a 2027 con un aparato territorial intacto. Ese a\u00f1o se definir\u00e1 el futuro inmediato del proyecto de la llamada Cuarta Transformaci\u00f3n. Las dirigencias estatales son piezas clave: controlan padrones, filtran aspirantes, deciden alianzas locales y, en la pr\u00e1ctica, inclinan la balanza en procesos internos.<\/p>\n<p style=\"font-weight: 400;\">Por eso la pr\u00f3rroga no es un detalle menor, sino un movimiento estrat\u00e9gico para blindar al partido en la antesala de la sucesi\u00f3n presidencial de 2030.<\/p>\n<p style=\"font-weight: 400;\">Morena deber\u00eda preguntarse si puede exigir transparencia, democracia y respeto a la ley en el pa\u00eds, cuando internamente se acomoda la norma a conveniencia. Es la vieja esquizofrenia pol\u00edtica: hablar de democracia hacia afuera, practicar la disciplina autoritaria hacia adentro.<\/p>\n<p style=\"font-weight: 400;\">La militancia que apost\u00f3 por un cambio aut\u00e9ntico tiene derecho a preguntarse: \u00bfd\u00f3nde qued\u00f3 la promesa de no repetir las viejas ma\u00f1as del sistema que tanto se critic\u00f3?<\/p>\n<p style=\"font-weight: 400;\">Lo que est\u00e1 en juego no es s\u00f3lo la permanencia de unas dirigencias estatales. Se trata del ADN democr\u00e1tico del partido en el poder. Extender mandatos sin consultar a la base ni respetar los estatutos equivale a minar la confianza en el propio movimiento.<\/p>\n<p style=\"font-weight: 400;\">La democracia se fortalece con reglas claras, alternancia y participaci\u00f3n. Lo contrario \u2014el centralismo, la imposici\u00f3n, la pr\u00f3rroga indefinida\u2014 lleva al desgaste, a la apat\u00eda y, tarde o temprano, a la fractura interna.<\/p>\n<p style=\"font-weight: 400;\">En pol\u00edtica, como en la vida, lo extraordinario tiende a convertirse en rutina. Y cuando las excepciones se vuelven regla, la democracia se convierte en simulacro. \u00bfVerdad Mart\u00edn?<\/p>\n<p><img loading=\"lazy\" decoding=\"async\" class=\"alignnone wp-image-62851 size-full\" src=\"http:\/\/noticiasveracruz.com\/wp-content\/uploads\/2025\/08\/FIRMA-EDITORIAL-PD-5.jpg\" alt=\"\" width=\"1024\" height=\"125\" srcset=\"https:\/\/noticiasveracruz.com\/wp-content\/uploads\/2025\/08\/FIRMA-EDITORIAL-PD-5.jpg 1024w, https:\/\/noticiasveracruz.com\/wp-content\/uploads\/2025\/08\/FIRMA-EDITORIAL-PD-5-300x37.jpg 300w, https:\/\/noticiasveracruz.com\/wp-content\/uploads\/2025\/08\/FIRMA-EDITORIAL-PD-5-768x94.jpg 768w\" sizes=\"auto, (max-width: 1024px) 100vw, 1024px\" \/><\/p>\n","protected":false},"excerpt":{"rendered":"<p>En pol\u00edtica, hemos visto que las pr\u00f3rrogas casi nunca son inocentes. Detr\u00e1s de cada extensi\u00f3n de mandato, ya sea en<\/p>\n","protected":false},"author":4,"featured_media":29037,"comment_status":"closed","ping_status":"closed","sticky":false,"template":"","format":"standard","meta":{"colormag_page_container_layout":"default_layout","colormag_page_sidebar_layout":"default_layout","_jetpack_memberships_contains_paid_content":false,"footnotes":"","jetpack_publicize_message":"","jetpack_publicize_feature_enabled":true,"jetpack_social_post_already_shared":true,"jetpack_social_options":{"image_generator_settings":{"template":"highway","default_image_id":0,"font":"","enabled":false},"version":2}},"categories":[6],"tags":[],"class_list":["post-62944","post","type-post","status-publish","format-standard","has-post-thumbnail","hentry","category-columnistas"],"jetpack_publicize_connections":[],"jetpack_featured_media_url":"https:\/\/noticiasveracruz.com\/wp-content\/uploads\/2024\/04\/BANNER-cristiani-NV.jpg","jetpack_sharing_enabled":true,"publishpress_future_action":{"enabled":false,"date":"2026-05-05 22:06:24","action":"change-status","newStatus":"draft","terms":[],"taxonomy":"category","extraData":[]},"publishpress_future_workflow_manual_trigger":{"enabledWorkflows":[]},"_links":{"self":[{"href":"https:\/\/noticiasveracruz.com\/index.php\/wp-json\/wp\/v2\/posts\/62944","targetHints":{"allow":["GET"]}}],"collection":[{"href":"https:\/\/noticiasveracruz.com\/index.php\/wp-json\/wp\/v2\/posts"}],"about":[{"href":"https:\/\/noticiasveracruz.com\/index.php\/wp-json\/wp\/v2\/types\/post"}],"author":[{"embeddable":true,"href":"https:\/\/noticiasveracruz.com\/index.php\/wp-json\/wp\/v2\/users\/4"}],"replies":[{"embeddable":true,"href":"https:\/\/noticiasveracruz.com\/index.php\/wp-json\/wp\/v2\/comments?post=62944"}],"version-history":[{"count":0,"href":"https:\/\/noticiasveracruz.com\/index.php\/wp-json\/wp\/v2\/posts\/62944\/revisions"}],"wp:featuredmedia":[{"embeddable":true,"href":"https:\/\/noticiasveracruz.com\/index.php\/wp-json\/wp\/v2\/media\/29037"}],"wp:attachment":[{"href":"https:\/\/noticiasveracruz.com\/index.php\/wp-json\/wp\/v2\/media?parent=62944"}],"wp:term":[{"taxonomy":"category","embeddable":true,"href":"https:\/\/noticiasveracruz.com\/index.php\/wp-json\/wp\/v2\/categories?post=62944"},{"taxonomy":"post_tag","embeddable":true,"href":"https:\/\/noticiasveracruz.com\/index.php\/wp-json\/wp\/v2\/tags?post=62944"}],"curies":[{"name":"wp","href":"https:\/\/api.w.org\/{rel}","templated":true}]}}