{"id":62868,"date":"2025-08-21T20:14:50","date_gmt":"2025-08-22T02:14:50","guid":{"rendered":"https:\/\/noticiasveracruz.com\/?p=62868"},"modified":"2025-08-21T20:14:50","modified_gmt":"2025-08-22T02:14:50","slug":"las-jornadas-multidisciplinarias-de-la-sindicatura-unica-con-sus-talleres-cortes-de-cabello-y-servicios-oftalmologicos-son-un-gran-apoyo-para-familias-tuxpenas","status":"publish","type":"post","link":"https:\/\/noticiasveracruz.com\/index.php\/2025\/08\/21\/las-jornadas-multidisciplinarias-de-la-sindicatura-unica-con-sus-talleres-cortes-de-cabello-y-servicios-oftalmologicos-son-un-gran-apoyo-para-familias-tuxpenas\/","title":{"rendered":"Las Jornadas Multidisciplinarias de la Sindicatura \u00danica, con sus talleres, cortes de cabello y servicios oftalmol\u00f3gicos, son un gran apoyo para familias tuxpe\u00f1as"},"content":{"rendered":"<p>Tuxpan, Ver., 21 de agosto de 2025.- En el marco de las Jornadas Multidisciplinarias que realiza la s\u00edndica \u00fanica, Mtra. Beatriz Pi\u00f1a Vergara, se llev\u00f3 a cabo una exposici\u00f3n de art\u00edculos elaborados en los talleres de pintura en cer\u00e1mica y bisuter\u00eda que imparte el ICATVER Tuxpan.<\/p>\n<p><img loading=\"lazy\" decoding=\"async\" class=\"alignnone size-medium wp-image-62875\" src=\"http:\/\/noticiasveracruz.com\/wp-content\/uploads\/2025\/08\/WhatsApp-Image-2025-08-21-at-18.16.40-3-300x225.jpeg\" alt=\"\" width=\"300\" height=\"225\" srcset=\"https:\/\/noticiasveracruz.com\/wp-content\/uploads\/2025\/08\/WhatsApp-Image-2025-08-21-at-18.16.40-3-300x225.jpeg 300w, https:\/\/noticiasveracruz.com\/wp-content\/uploads\/2025\/08\/WhatsApp-Image-2025-08-21-at-18.16.40-3-1024x768.jpeg 1024w, https:\/\/noticiasveracruz.com\/wp-content\/uploads\/2025\/08\/WhatsApp-Image-2025-08-21-at-18.16.40-3-768x576.jpeg 768w, https:\/\/noticiasveracruz.com\/wp-content\/uploads\/2025\/08\/WhatsApp-Image-2025-08-21-at-18.16.40-3.jpeg 1280w\" sizes=\"auto, (max-width: 300px) 100vw, 300px\" \/> <img loading=\"lazy\" decoding=\"async\" class=\"alignnone size-medium wp-image-62874\" src=\"http:\/\/noticiasveracruz.com\/wp-content\/uploads\/2025\/08\/WhatsApp-Image-2025-08-21-at-18.16.40-2-300x230.jpeg\" alt=\"\" width=\"300\" height=\"230\" srcset=\"https:\/\/noticiasveracruz.com\/wp-content\/uploads\/2025\/08\/WhatsApp-Image-2025-08-21-at-18.16.40-2-300x230.jpeg 300w, https:\/\/noticiasveracruz.com\/wp-content\/uploads\/2025\/08\/WhatsApp-Image-2025-08-21-at-18.16.40-2-1024x783.jpeg 1024w, https:\/\/noticiasveracruz.com\/wp-content\/uploads\/2025\/08\/WhatsApp-Image-2025-08-21-at-18.16.40-2-768x588.jpeg 768w, https:\/\/noticiasveracruz.com\/wp-content\/uploads\/2025\/08\/WhatsApp-Image-2025-08-21-at-18.16.40-2-1536x1175.jpeg 1536w, https:\/\/noticiasveracruz.com\/wp-content\/uploads\/2025\/08\/WhatsApp-Image-2025-08-21-at-18.16.40-2.jpeg 1600w\" sizes=\"auto, (max-width: 300px) 100vw, 300px\" \/><\/p>\n<p>Del mismo modo, se expusieron manualidades de list\u00f3n creadas en el curso de Flores Eternas, de la fundaci\u00f3n Sin Miedo a Trabajar Contigo.<\/p>\n<p>Dichos talleres han fomentado el aprendizaje pr\u00e1ctico, la creatividad y la interacci\u00f3n entre la comunidad que asiste cada jueves a estos cursos.<\/p>\n<p><img loading=\"lazy\" decoding=\"async\" class=\"alignnone size-medium wp-image-62873\" src=\"http:\/\/noticiasveracruz.com\/wp-content\/uploads\/2025\/08\/WhatsApp-Image-2025-08-21-at-18.16.40-1-300x169.jpeg\" alt=\"\" width=\"300\" height=\"169\" srcset=\"https:\/\/noticiasveracruz.com\/wp-content\/uploads\/2025\/08\/WhatsApp-Image-2025-08-21-at-18.16.40-1-300x169.jpeg 300w, https:\/\/noticiasveracruz.com\/wp-content\/uploads\/2025\/08\/WhatsApp-Image-2025-08-21-at-18.16.40-1-1024x576.jpeg 1024w, https:\/\/noticiasveracruz.com\/wp-content\/uploads\/2025\/08\/WhatsApp-Image-2025-08-21-at-18.16.40-1-768x432.jpeg 768w, https:\/\/noticiasveracruz.com\/wp-content\/uploads\/2025\/08\/WhatsApp-Image-2025-08-21-at-18.16.40-1-1536x864.jpeg 1536w, https:\/\/noticiasveracruz.com\/wp-content\/uploads\/2025\/08\/WhatsApp-Image-2025-08-21-at-18.16.40-1.jpeg 1600w\" sizes=\"auto, (max-width: 300px) 100vw, 300px\" \/> <img loading=\"lazy\" decoding=\"async\" class=\"alignnone size-medium wp-image-62872\" src=\"http:\/\/noticiasveracruz.com\/wp-content\/uploads\/2025\/08\/WhatsApp-Image-2025-08-21-at-18.16.39-300x169.jpeg\" alt=\"\" width=\"300\" height=\"169\" srcset=\"https:\/\/noticiasveracruz.com\/wp-content\/uploads\/2025\/08\/WhatsApp-Image-2025-08-21-at-18.16.39-300x169.jpeg 300w, https:\/\/noticiasveracruz.com\/wp-content\/uploads\/2025\/08\/WhatsApp-Image-2025-08-21-at-18.16.39-1024x576.jpeg 1024w, https:\/\/noticiasveracruz.com\/wp-content\/uploads\/2025\/08\/WhatsApp-Image-2025-08-21-at-18.16.39-768x432.jpeg 768w, https:\/\/noticiasveracruz.com\/wp-content\/uploads\/2025\/08\/WhatsApp-Image-2025-08-21-at-18.16.39-1536x864.jpeg 1536w, https:\/\/noticiasveracruz.com\/wp-content\/uploads\/2025\/08\/WhatsApp-Image-2025-08-21-at-18.16.39.jpeg 1600w\" sizes=\"auto, (max-width: 300px) 100vw, 300px\" \/><\/p>\n<p>Tambi\u00e9n se realizaron cortes de cabello por parte de estilistas profesionales del Instituto de Belleza The Queens.<\/p>\n<p>As\u00ed mismo, el Grupo \u00d3ptico del Totonacapan practic\u00f3 revisiones visuales para la detecci\u00f3n de problemas oft\u00e1lmicos. Incluyeron tambi\u00e9n la venta de lentes graduados, con una gran variedad de armazones, a costos accesibles.<\/p>\n<p><img loading=\"lazy\" decoding=\"async\" class=\"alignnone size-medium wp-image-62871\" src=\"http:\/\/noticiasveracruz.com\/wp-content\/uploads\/2025\/08\/WhatsApp-Image-2025-08-21-at-18.16.39-3-300x185.jpeg\" alt=\"\" width=\"300\" height=\"185\" srcset=\"https:\/\/noticiasveracruz.com\/wp-content\/uploads\/2025\/08\/WhatsApp-Image-2025-08-21-at-18.16.39-3-300x185.jpeg 300w, https:\/\/noticiasveracruz.com\/wp-content\/uploads\/2025\/08\/WhatsApp-Image-2025-08-21-at-18.16.39-3-1024x630.jpeg 1024w, https:\/\/noticiasveracruz.com\/wp-content\/uploads\/2025\/08\/WhatsApp-Image-2025-08-21-at-18.16.39-3-768x472.jpeg 768w, https:\/\/noticiasveracruz.com\/wp-content\/uploads\/2025\/08\/WhatsApp-Image-2025-08-21-at-18.16.39-3-1536x945.jpeg 1536w, https:\/\/noticiasveracruz.com\/wp-content\/uploads\/2025\/08\/WhatsApp-Image-2025-08-21-at-18.16.39-3.jpeg 1600w\" sizes=\"auto, (max-width: 300px) 100vw, 300px\" \/> <img loading=\"lazy\" decoding=\"async\" class=\"alignnone size-medium wp-image-62870\" src=\"http:\/\/noticiasveracruz.com\/wp-content\/uploads\/2025\/08\/WhatsApp-Image-2025-08-21-at-18.16.39-2-300x225.jpeg\" alt=\"\" width=\"300\" height=\"225\" srcset=\"https:\/\/noticiasveracruz.com\/wp-content\/uploads\/2025\/08\/WhatsApp-Image-2025-08-21-at-18.16.39-2-300x225.jpeg 300w, https:\/\/noticiasveracruz.com\/wp-content\/uploads\/2025\/08\/WhatsApp-Image-2025-08-21-at-18.16.39-2-1024x767.jpeg 1024w, https:\/\/noticiasveracruz.com\/wp-content\/uploads\/2025\/08\/WhatsApp-Image-2025-08-21-at-18.16.39-2-768x575.jpeg 768w, https:\/\/noticiasveracruz.com\/wp-content\/uploads\/2025\/08\/WhatsApp-Image-2025-08-21-at-18.16.39-2-1536x1150.jpeg 1536w, https:\/\/noticiasveracruz.com\/wp-content\/uploads\/2025\/08\/WhatsApp-Image-2025-08-21-at-18.16.39-2.jpeg 1600w\" sizes=\"auto, (max-width: 300px) 100vw, 300px\" \/><\/p>\n<p>Es importante mencionar que todos los servicios que se brindan en estas jornadas son gratuitos.<\/p>\n<p><img loading=\"lazy\" decoding=\"async\" class=\"alignnone size-medium wp-image-62869\" src=\"http:\/\/noticiasveracruz.com\/wp-content\/uploads\/2025\/08\/WhatsApp-Image-2025-08-21-at-18.16.39-1-300x200.jpeg\" alt=\"\" width=\"300\" height=\"200\" srcset=\"https:\/\/noticiasveracruz.com\/wp-content\/uploads\/2025\/08\/WhatsApp-Image-2025-08-21-at-18.16.39-1-300x200.jpeg 300w, https:\/\/noticiasveracruz.com\/wp-content\/uploads\/2025\/08\/WhatsApp-Image-2025-08-21-at-18.16.39-1-1024x682.jpeg 1024w, https:\/\/noticiasveracruz.com\/wp-content\/uploads\/2025\/08\/WhatsApp-Image-2025-08-21-at-18.16.39-1-768x512.jpeg 768w, https:\/\/noticiasveracruz.com\/wp-content\/uploads\/2025\/08\/WhatsApp-Image-2025-08-21-at-18.16.39-1-1536x1023.jpeg 1536w, https:\/\/noticiasveracruz.com\/wp-content\/uploads\/2025\/08\/WhatsApp-Image-2025-08-21-at-18.16.39-1.jpeg 1600w\" sizes=\"auto, (max-width: 300px) 100vw, 300px\" \/><\/p>\n<p>La s\u00edndica Bety Pi\u00f1a mencion\u00f3 que estas acciones tienen como prop\u00f3sito apoyar a la ciudadan\u00eda, y fomentar el desarrollo de habilidades pr\u00e1cticas, por lo que reiter\u00f3 la invitaci\u00f3n a la poblaci\u00f3n para que asista a la planta baja de presidencia municipal todos los jueves, de 10:00 a 14:00 horas, y aprovechen estos beneficios.<\/p>\n","protected":false},"excerpt":{"rendered":"<p>Tuxpan, Ver., 21 de agosto de 2025.- En el marco de las Jornadas Multidisciplinarias que realiza la s\u00edndica \u00fanica, Mtra.<\/p>\n","protected":false},"author":4,"featured_media":62876,"comment_status":"closed","ping_status":"closed","sticky":false,"template":"","format":"standard","meta":{"colormag_page_container_layout":"default_layout","colormag_page_sidebar_layout":"default_layout","_jetpack_memberships_contains_paid_content":false,"footnotes":"","jetpack_publicize_message":"","jetpack_publicize_feature_enabled":true,"jetpack_social_post_already_shared":true,"jetpack_social_options":{"image_generator_settings":{"template":"highway","default_image_id":0,"font":"","enabled":false},"version":2}},"categories":[3372,356],"tags":[],"class_list":["post-62868","post","type-post","status-publish","format-standard","has-post-thumbnail","hentry","category-gobierno-tuxpan","category-veracruz"],"jetpack_publicize_connections":[],"jetpack_featured_media_url":"https:\/\/noticiasveracruz.com\/wp-content\/uploads\/2025\/08\/WhatsApp-Image-2025-08-21-at-18.16.40.jpeg","jetpack_sharing_enabled":true,"publishpress_future_action":{"enabled":false,"date":"2026-05-05 21:29:38","action":"change-status","newStatus":"draft","terms":[],"taxonomy":"category","extraData":[]},"publishpress_future_workflow_manual_trigger":{"enabledWorkflows":[]},"_links":{"self":[{"href":"https:\/\/noticiasveracruz.com\/index.php\/wp-json\/wp\/v2\/posts\/62868","targetHints":{"allow":["GET"]}}],"collection":[{"href":"https:\/\/noticiasveracruz.com\/index.php\/wp-json\/wp\/v2\/posts"}],"about":[{"href":"https:\/\/noticiasveracruz.com\/index.php\/wp-json\/wp\/v2\/types\/post"}],"author":[{"embeddable":true,"href":"https:\/\/noticiasveracruz.com\/index.php\/wp-json\/wp\/v2\/users\/4"}],"replies":[{"embeddable":true,"href":"https:\/\/noticiasveracruz.com\/index.php\/wp-json\/wp\/v2\/comments?post=62868"}],"version-history":[{"count":0,"href":"https:\/\/noticiasveracruz.com\/index.php\/wp-json\/wp\/v2\/posts\/62868\/revisions"}],"wp:featuredmedia":[{"embeddable":true,"href":"https:\/\/noticiasveracruz.com\/index.php\/wp-json\/wp\/v2\/media\/62876"}],"wp:attachment":[{"href":"https:\/\/noticiasveracruz.com\/index.php\/wp-json\/wp\/v2\/media?parent=62868"}],"wp:term":[{"taxonomy":"category","embeddable":true,"href":"https:\/\/noticiasveracruz.com\/index.php\/wp-json\/wp\/v2\/categories?post=62868"},{"taxonomy":"post_tag","embeddable":true,"href":"https:\/\/noticiasveracruz.com\/index.php\/wp-json\/wp\/v2\/tags?post=62868"}],"curies":[{"name":"wp","href":"https:\/\/api.w.org\/{rel}","templated":true}]}}