{"id":62740,"date":"2025-08-20T00:09:16","date_gmt":"2025-08-20T06:09:16","guid":{"rendered":"https:\/\/noticiasveracruz.com\/?p=62740"},"modified":"2025-08-19T22:29:00","modified_gmt":"2025-08-20T04:29:00","slug":"pemex-confirma-robo-en-plataforma-akal-r-en-cantarell","status":"publish","type":"post","link":"https:\/\/noticiasveracruz.com\/index.php\/2025\/08\/20\/pemex-confirma-robo-en-plataforma-akal-r-en-cantarell\/","title":{"rendered":"Pemex confirma robo en plataforma Akal-R en Cantarell"},"content":{"rendered":"<p>Petr\u00f3leos Mexicanos (Pemex) confirm\u00f3 que personas ajenas a la plataforma Akal-R, del Activo de Extracci\u00f3n Cantarell, ubicado en la Sonda de Campeche del Golfo de M\u00e9xico, abordaron la noche del lunes para sustraer equipo, sin que ning\u00fan trabajador resultara lesionado.<\/p>\n<p>La empresa p\u00fablica indic\u00f3 que los sujetos sustrajeron 50 equipos de respiraci\u00f3n aut\u00f3noma, por lo que interpuso una denuncia ante la Fiscal\u00eda General de la Rep\u00fablica (FGR) y en coordinaci\u00f3n con la Secretar\u00eda de Marina reforz\u00f3 las medidas de seguridad y vigilancia en la zona.<\/p>\n<p>Se\u00f1al\u00f3 que alrededor de las 22:00 horas, la administraci\u00f3n de la plataforma Akal-R notific\u00f3 a las autoridades de la empresa p\u00fablica que este Centro de Trabajo fue abordado por personas ajenas a la instalaci\u00f3n.<\/p>\n<p>Ante ello, personal de Seguridad F\u00edsica de la instituci\u00f3n en coordinaci\u00f3n con el personal de la Secretar\u00eda de la Marina activ\u00f3 el Protocolo General de Atenci\u00f3n a Eventos en las Instalaciones Marinas y Costeras de Pemex. No obstante, no fue posible localizar a las personas.<\/p>\n<p>Destac\u00f3 que ning\u00fan trabajador result\u00f3 lesionado, pero se brind\u00f3 atenci\u00f3n m\u00e9dica a tres trabajadores que presentaron crisis nerviosa tras el incidente, los cuales fueron estabilizados en la propia instalaci\u00f3n.<\/p>\n","protected":false},"excerpt":{"rendered":"<p>Petr\u00f3leos Mexicanos (Pemex) confirm\u00f3 que personas ajenas a la plataforma Akal-R, del Activo de Extracci\u00f3n Cantarell, ubicado en la Sonda de Campeche del Golfo de M\u00e9xico, abordaron la noche del lunes para sustraer equipo, sin que ning\u00fan trabajador resultara lesionado. La empresa p\u00fablica indic\u00f3 que los sujetos sustrajeron 50 equipos de respiraci\u00f3n aut\u00f3noma, por lo [&hellip;]<\/p>\n","protected":false},"author":4,"featured_media":62741,"comment_status":"closed","ping_status":"closed","sticky":false,"template":"","format":"standard","meta":{"_jetpack_newsletter_access":"","_jetpack_dont_email_post_to_subs":false,"_jetpack_newsletter_tier_id":0,"_jetpack_memberships_contains_paywalled_content":false,"_jetpack_feature_clip_id":0,"_jetpack_memberships_contains_paid_content":false,"footnotes":"","jetpack_publicize_message":"","jetpack_publicize_feature_enabled":true,"jetpack_social_post_already_shared":true,"jetpack_social_options":{"image_generator_settings":{"template":"highway","default_image_id":0,"font":"","enabled":false},"version":2},"jetpack_post_was_ever_published":false},"categories":[1947],"tags":[],"class_list":["post-62740","post","type-post","status-publish","format-standard","has-post-thumbnail","hentry","category-economia"],"jetpack_publicize_connections":[],"jetpack_sharing_enabled":true,"publishpress_future_action":{"enabled":false,"date":"2026-09-13 11:33:35","action":"change-status","newStatus":"draft","terms":[],"taxonomy":"category","extraData":[]},"publishpress_future_workflow_manual_trigger":{"enabledWorkflows":[]},"jetpack_featured_media_url":"https:\/\/noticiasveracruz.com\/wp-content\/uploads\/2025\/08\/PLAPE.jpg","_links":{"self":[{"href":"https:\/\/noticiasveracruz.com\/index.php\/wp-json\/wp\/v2\/posts\/62740","targetHints":{"allow":["GET"]}}],"collection":[{"href":"https:\/\/noticiasveracruz.com\/index.php\/wp-json\/wp\/v2\/posts"}],"about":[{"href":"https:\/\/noticiasveracruz.com\/index.php\/wp-json\/wp\/v2\/types\/post"}],"author":[{"embeddable":true,"href":"https:\/\/noticiasveracruz.com\/index.php\/wp-json\/wp\/v2\/users\/4"}],"replies":[{"embeddable":true,"href":"https:\/\/noticiasveracruz.com\/index.php\/wp-json\/wp\/v2\/comments?post=62740"}],"version-history":[{"count":0,"href":"https:\/\/noticiasveracruz.com\/index.php\/wp-json\/wp\/v2\/posts\/62740\/revisions"}],"wp:featuredmedia":[{"embeddable":true,"href":"https:\/\/noticiasveracruz.com\/index.php\/wp-json\/wp\/v2\/media\/62741"}],"wp:attachment":[{"href":"https:\/\/noticiasveracruz.com\/index.php\/wp-json\/wp\/v2\/media?parent=62740"}],"wp:term":[{"taxonomy":"category","embeddable":true,"href":"https:\/\/noticiasveracruz.com\/index.php\/wp-json\/wp\/v2\/categories?post=62740"},{"taxonomy":"post_tag","embeddable":true,"href":"https:\/\/noticiasveracruz.com\/index.php\/wp-json\/wp\/v2\/tags?post=62740"}],"curies":[{"name":"wp","href":"https:\/\/api.w.org\/{rel}","templated":true}]}}