{"id":62473,"date":"2025-08-15T10:17:21","date_gmt":"2025-08-15T16:17:21","guid":{"rendered":"https:\/\/noticiasveracruz.com\/?p=62473"},"modified":"2025-08-15T10:17:21","modified_gmt":"2025-08-15T16:17:21","slug":"reunion-estrategica-entre-el-secretario-de-turismo-y-prestadores-de-servicios-turisticos-de-la-region-totonaca","status":"publish","type":"post","link":"https:\/\/noticiasveracruz.com\/index.php\/2025\/08\/15\/reunion-estrategica-entre-el-secretario-de-turismo-y-prestadores-de-servicios-turisticos-de-la-region-totonaca\/","title":{"rendered":"Reuni\u00f3n estrat\u00e9gica entre el Secretario de Turismo y prestadores de servicios tur\u00edsticos de la regi\u00f3n Totonaca"},"content":{"rendered":"<p><span style=\"font-family: arial, helvetica, sans-serif; font-size: 14pt;\">La Asociaci\u00f3n de Hoteles, Moteles y Prestadores de Servicios Tur\u00edsticos de la Regi\u00f3n Totonaca de Veracruz, A.C. (AHMPRESETUR), junto con la marca tur\u00edstica Ruta Totonaca Travel Veracruz, sostuvo un importante encuentro con el Secretario de Turismo del Gobierno del Estado de Veracruz, Lic. Igor Roji L\u00f3pez, con el objetivo principal de invitarlo a visitar la regi\u00f3n y participar en una reuni\u00f3n con los representantes de las c\u00e1maras empresariales del CCENV Y prestadores de servicios tur\u00edsticos de la zona norte del estado.<\/span><\/p>\n<p><img loading=\"lazy\" decoding=\"async\" class=\"alignnone size-medium wp-image-62474\" src=\"http:\/\/noticiasveracruz.com\/wp-content\/uploads\/2025\/08\/WhatsApp-Image-2025-08-15-at-10.08.08-1-300x200.jpeg\" alt=\"\" width=\"300\" height=\"200\" srcset=\"https:\/\/noticiasveracruz.com\/wp-content\/uploads\/2025\/08\/WhatsApp-Image-2025-08-15-at-10.08.08-1-300x200.jpeg 300w, https:\/\/noticiasveracruz.com\/wp-content\/uploads\/2025\/08\/WhatsApp-Image-2025-08-15-at-10.08.08-1-1024x682.jpeg 1024w, https:\/\/noticiasveracruz.com\/wp-content\/uploads\/2025\/08\/WhatsApp-Image-2025-08-15-at-10.08.08-1-768x512.jpeg 768w, https:\/\/noticiasveracruz.com\/wp-content\/uploads\/2025\/08\/WhatsApp-Image-2025-08-15-at-10.08.08-1-1536x1023.jpeg 1536w, https:\/\/noticiasveracruz.com\/wp-content\/uploads\/2025\/08\/WhatsApp-Image-2025-08-15-at-10.08.08-1.jpeg 1600w\" sizes=\"auto, (max-width: 300px) 100vw, 300px\" \/><\/p>\n<p><span style=\"font-family: arial, helvetica, sans-serif; font-size: 14pt;\">La presidenta de AHMPRESETUR, Cecilia Uresti Villegas, estuvo acompa\u00f1ada por dos destacados hoteleros de Poza Rica y Papantla, as\u00ed como por la presidenta de la CANACO Servytur Poza Rica, Claudia Reyna Ledezma.<\/span><\/p>\n<p><span style=\"font-family: arial, helvetica, sans-serif; font-size: 14pt;\">Durante el encuentro, se plantearon propuestas y acciones estrat\u00e9gicas, entre las que destacan:<\/span><br \/>\n<span style=\"font-family: arial, helvetica, sans-serif; font-size: 14pt;\">\u2022 Fortalecimiento del Festival Cumbre Taj\u00edn 2026, priorizando la promoci\u00f3n, la participaci\u00f3n de pueblos originarios, mejoras de infraestructura y atracci\u00f3n de visitantes nacionales e internacionales.<\/span><br \/>\n<span style=\"font-family: arial, helvetica, sans-serif; font-size: 14pt;\">\u2022 Capacitaci\u00f3n y certificaci\u00f3n para prestadores de servicios tur\u00edsticos, elevando la profesionalizaci\u00f3n del sector.<\/span><br \/>\n<span style=\"font-family: arial, helvetica, sans-serif; font-size: 14pt;\">\u2022 Mejora en infraestructura tur\u00edstica y conectividad, tanto terrestre como a\u00e9rea, con especial atenci\u00f3n al aeropuerto Taj\u00edn.<\/span><br \/>\n<span style=\"font-family: arial, helvetica, sans-serif; font-size: 14pt;\">\u2022 Promoci\u00f3n cultural y de naturaleza, con calendarizaci\u00f3n de eventos, ferias, congresos y festivales.<\/span><br \/>\n<span style=\"font-family: arial, helvetica, sans-serif; font-size: 14pt;\">\u2022 Turismo social e inclusivo, integrando a comunidades originarias, mujeres emprendedoras y juventudes.<\/span><br \/>\n<span style=\"font-family: arial, helvetica, sans-serif; font-size: 14pt;\">\u2022 Impulso al turismo digital, mediante plataformas de reserva, inteligencia artificial y datos tur\u00edsticos.<\/span><br \/>\n<span style=\"font-family: arial, helvetica, sans-serif; font-size: 14pt;\">\u2022 Acceso a recursos y programas de apoyo para micro y peque\u00f1as empresas del sector.<\/span><br \/>\n<span style=\"font-family: arial, helvetica, sans-serif; font-size: 14pt;\">\u2022 Campa\u00f1as permanentes de promoci\u00f3n tur\u00edstica para posicionar a la regi\u00f3n Totonaca y Huasteca como destinos culturales, arqueol\u00f3gicos, deportivos y de naturaleza, entre otros.<\/span><\/p>\n<p><img loading=\"lazy\" decoding=\"async\" class=\"alignnone size-medium wp-image-62475\" src=\"http:\/\/noticiasveracruz.com\/wp-content\/uploads\/2025\/08\/WhatsApp-Image-2025-08-15-at-10.08.08-2-300x178.jpeg\" alt=\"\" width=\"300\" height=\"178\" srcset=\"https:\/\/noticiasveracruz.com\/wp-content\/uploads\/2025\/08\/WhatsApp-Image-2025-08-15-at-10.08.08-2-300x178.jpeg 300w, https:\/\/noticiasveracruz.com\/wp-content\/uploads\/2025\/08\/WhatsApp-Image-2025-08-15-at-10.08.08-2-1024x608.jpeg 1024w, https:\/\/noticiasveracruz.com\/wp-content\/uploads\/2025\/08\/WhatsApp-Image-2025-08-15-at-10.08.08-2-768x456.jpeg 768w, https:\/\/noticiasveracruz.com\/wp-content\/uploads\/2025\/08\/WhatsApp-Image-2025-08-15-at-10.08.08-2-1536x912.jpeg 1536w, https:\/\/noticiasveracruz.com\/wp-content\/uploads\/2025\/08\/WhatsApp-Image-2025-08-15-at-10.08.08-2.jpeg 1600w\" sizes=\"auto, (max-width: 300px) 100vw, 300px\" \/><\/p>\n<p><span style=\"font-family: arial, helvetica, sans-serif; font-size: 14pt;\">Como s\u00edmbolo de identidad y hospitalidad, AHMPRESETUR entreg\u00f3 al Secretario de Turismo una selecci\u00f3n de excelentes productos elaborados por productores de la regi\u00f3n, como vainilla, caf\u00e9, canela, pimienta y miel, as\u00ed como bellas artesan\u00edas creadas por manos expertas de la Huasteca-Totonaca, reafirmando el valor de consumir y promover lo hecho en la regi\u00f3n.<\/span><\/p>\n<p><span style=\"font-family: arial, helvetica, sans-serif; font-size: 14pt;\">La presidenta de AHMPRESETUR reiter\u00f3 el compromiso de la asociaci\u00f3n para que el turismo contin\u00fae siendo motor econ\u00f3mico y cultural de la regi\u00f3n. Destac\u00f3 que este tipo de reuniones permiten establecer rutas de trabajo claras y colaborativas entre el sector p\u00fablico y privado, buscando siempre el beneficio de las comunidades y prestadores de servicios tur\u00edsticos.<\/span><\/p>\n","protected":false},"excerpt":{"rendered":"<p>La Asociaci\u00f3n de Hoteles, Moteles y Prestadores de Servicios Tur\u00edsticos de la Regi\u00f3n Totonaca de Veracruz, A.C. (AHMPRESETUR), junto con<\/p>\n","protected":false},"author":4,"featured_media":62476,"comment_status":"closed","ping_status":"closed","sticky":false,"template":"","format":"standard","meta":{"colormag_page_container_layout":"default_layout","colormag_page_sidebar_layout":"default_layout","_jetpack_memberships_contains_paid_content":false,"footnotes":"","jetpack_publicize_message":"","jetpack_publicize_feature_enabled":true,"jetpack_social_post_already_shared":true,"jetpack_social_options":{"image_generator_settings":{"template":"highway","default_image_id":0,"font":"","enabled":false},"version":2}},"categories":[358,145,4,356],"tags":[],"class_list":["post-62473","post","type-post","status-publish","format-standard","has-post-thumbnail","hentry","category-cultura","category-estados","category-nacional","category-veracruz"],"jetpack_publicize_connections":[],"jetpack_featured_media_url":"https:\/\/noticiasveracruz.com\/wp-content\/uploads\/2025\/08\/WhatsApp-Image-2025-08-15-at-10.08.08.jpeg","jetpack_sharing_enabled":true,"publishpress_future_action":{"enabled":false,"date":"2026-05-07 23:17:53","action":"change-status","newStatus":"draft","terms":[],"taxonomy":"category","extraData":[]},"publishpress_future_workflow_manual_trigger":{"enabledWorkflows":[]},"_links":{"self":[{"href":"https:\/\/noticiasveracruz.com\/index.php\/wp-json\/wp\/v2\/posts\/62473","targetHints":{"allow":["GET"]}}],"collection":[{"href":"https:\/\/noticiasveracruz.com\/index.php\/wp-json\/wp\/v2\/posts"}],"about":[{"href":"https:\/\/noticiasveracruz.com\/index.php\/wp-json\/wp\/v2\/types\/post"}],"author":[{"embeddable":true,"href":"https:\/\/noticiasveracruz.com\/index.php\/wp-json\/wp\/v2\/users\/4"}],"replies":[{"embeddable":true,"href":"https:\/\/noticiasveracruz.com\/index.php\/wp-json\/wp\/v2\/comments?post=62473"}],"version-history":[{"count":0,"href":"https:\/\/noticiasveracruz.com\/index.php\/wp-json\/wp\/v2\/posts\/62473\/revisions"}],"wp:featuredmedia":[{"embeddable":true,"href":"https:\/\/noticiasveracruz.com\/index.php\/wp-json\/wp\/v2\/media\/62476"}],"wp:attachment":[{"href":"https:\/\/noticiasveracruz.com\/index.php\/wp-json\/wp\/v2\/media?parent=62473"}],"wp:term":[{"taxonomy":"category","embeddable":true,"href":"https:\/\/noticiasveracruz.com\/index.php\/wp-json\/wp\/v2\/categories?post=62473"},{"taxonomy":"post_tag","embeddable":true,"href":"https:\/\/noticiasveracruz.com\/index.php\/wp-json\/wp\/v2\/tags?post=62473"}],"curies":[{"name":"wp","href":"https:\/\/api.w.org\/{rel}","templated":true}]}}