{"id":62470,"date":"2025-08-15T00:32:21","date_gmt":"2025-08-15T06:32:21","guid":{"rendered":"https:\/\/noticiasveracruz.com\/?p=62470"},"modified":"2025-08-15T00:32:21","modified_gmt":"2025-08-15T06:32:21","slug":"combate-a-la-pobreza-y-turismo","status":"publish","type":"post","link":"https:\/\/noticiasveracruz.com\/index.php\/2025\/08\/15\/combate-a-la-pobreza-y-turismo\/","title":{"rendered":"Combate a la pobreza y turismo"},"content":{"rendered":"<p><span style=\"font-family: arial, helvetica, sans-serif; font-size: 18pt;\"><strong>ALMA GRANDE<\/strong><\/span><\/p>\n<p><span style=\"font-family: arial, helvetica, sans-serif; font-size: 18pt;\"><strong>Por \u00c1ngel \u00c1lvaro Pe\u00f1a<\/strong><\/span><\/p>\n<p><span style=\"font-family: arial, helvetica, sans-serif; font-size: 18pt;\">Mover de la pobreza extrema a la pobreza y luego disminuirla en una familia es todo un reto, pero tambi\u00e9n una gran satisfacci\u00f3n. El gobierno ha realizado logros en esta tarea que no puede negarse, se trata de una herencia que dej\u00f3 el r\u00e9gimen neoliberal.<\/span><\/p>\n<p><span style=\"font-family: arial, helvetica, sans-serif; font-size: 18pt;\">Durante m\u00e1s de 40 a\u00f1os los pobres se multiplicaron, al mismo tiempo que crec\u00eda exponencialmente la riqueza de un grupo reducido de mexicanos quienes, amparados en su complicidad con los funcionarios p\u00fablicos abandonaban a los pobres para utilizar su dinero para engrandecer sus riquezas.<\/span><\/p>\n<p><span style=\"font-family: arial, helvetica, sans-serif; font-size: 18pt;\">Aunque la oposici\u00f3n critique que no debe culparse a los gobiernos anteriores de nada, despu\u00e9s de 7 a\u00f1os del gobierno de la Transformaci\u00f3n, la pobreza no puede erradicarse de la noche a la ma\u00f1ana, sobre todo cuando fueron muchos a\u00f1os de explotaci\u00f3n, con bajos salarios, sin derechos laborales, con jornadas exhaustivas, mientras los poderosos dejaban de pagar impuestos, gozaban de impunidad legal siempre, adquir\u00edan sindicatos, para engrosar sus billeteras.<\/span><\/p>\n<p><span style=\"font-family: arial, helvetica, sans-serif; font-size: 18pt;\">La pobreza es un problema de todos, de aquellos que se cruzaron de brazos indiferentes ante tales injusticias, los que fueron c\u00f3mplices silenciosos, a los que les falt\u00f3 valor para denunciar, por lo que combatir la pobreza es tarea de todos.<\/span><\/p>\n<p><span style=\"font-family: arial, helvetica, sans-serif; font-size: 18pt;\">La mandataria mexicana no debe estar sola en esta lucha, que si bien ha obtenido grandes avances todav\u00eda falta mucho por hacer.<\/span><\/p>\n<p><span style=\"font-family: arial, helvetica, sans-serif; font-size: 18pt;\">Avanzar en el camino hacia la vida digna, es resultado de la lucha desde varias trincheras, frentes que nos incluyen a todos.<\/span><\/p>\n<p><span style=\"font-family: arial, helvetica, sans-serif; font-size: 18pt;\">La Presidenta Claudia Sheinbaum hizo referencia a los datos presentados por el Instituto Nacional de Estad\u00edstica y Geograf\u00eda el 13 de agosto, que revelan una hist\u00f3rica reducci\u00f3n del porcentaje de personas que se encontraban en situaci\u00f3n de pobreza al pasar de 43.9 por ciento en 2020 a 29.6 por ciento en 2024.<\/span><\/p>\n<p><span style=\"font-family: arial, helvetica, sans-serif; font-size: 18pt;\">Por lo que subray\u00f3 que se trata de una haza\u00f1a de la 4T, movimiento que encabeza la Presidenta, resultados de diferentes medidas, como el aumento salarial impulsado desde el sexenio anterior, con el Presidente Andr\u00e9s Manuel L\u00f3pez Obrador, el acceso a los derechos b\u00e1sicos y el impacto de los programas de Bienestar, que la oposici\u00f3n nunca apoy\u00f3 y ahora critica porque considera que con eso perdieron la batalla electoral.<\/span><\/p>\n<p><span style=\"font-family: arial, helvetica, sans-serif; font-size: 18pt;\">Si los que ahora est\u00e1n en la oposici\u00f3n hubieran pensado en los pobres por un momento, su derrota no hubiera sido tan aplastante, pero para ellos la pobreza era un fen\u00f3meno natural, as\u00ed como las ganancias il\u00edcitas de los empresarios.<\/span><\/p>\n<p><span style=\"font-family: arial, helvetica, sans-serif; font-size: 18pt;\">No por ello dejan de criticar, a pesar de que el modelo adoptado, desde el sexenio pasado ha sido copiado por otros pa\u00edses con un problema de pobreza creciente, que arroj\u00f3 el neoliberalismo.<\/span><\/p>\n<p><span style=\"font-family: arial, helvetica, sans-serif; font-size: 18pt;\">La oposici\u00f3n no solo se queda sin consignas y banderas sino que est\u00e1 sola, cada d\u00eda con menos apoyo popular que coloca a los tres partidos de derecha al borde de la p\u00e9rdida del registro por falta de militancia y claridad en sus proyectos.<\/span><\/p>\n<p><span style=\"font-family: arial, helvetica, sans-serif; font-size: 18pt;\">El humanismo mexicano arrojar\u00e1 m\u00e1s resultados en el futuro, porque todav\u00eda m\u00e1s del 30 por ciento de la poblaci\u00f3n no cuenta con los ingresos suficientes para adquirir los bienes y servicios que requieren para satisfacer sus necesidades b\u00e1sicas.<\/span><\/p>\n<p><span style=\"font-family: arial, helvetica, sans-serif; font-size: 18pt;\">Ahora la oposici\u00f3n cuestiona la honorabilidad del INEGI, organismo aut\u00f3nomo que informa con datos reales, comprobados por otros organismos dentro y fuera de nuestras fronteras, pero como debe culpar a alguien de sus derrotas en un panorama pol\u00edtico donde pr\u00e1cticamente no existen.<\/span><\/p>\n<p><span style=\"font-family: arial, helvetica, sans-serif; font-size: 18pt;\">Informa el INEGI, se estima que en 2024 la pobreza extrema fue de 5.3 por ciento, que equivale a 7 millones de personas, su nivel m\u00e1s bajo en los \u00faltimos a\u00f1os, y representa una reducci\u00f3n de 2.1 millones de personas en contraste con 2022.<\/span><\/p>\n<p><span style=\"font-family: arial, helvetica, sans-serif; font-size: 18pt;\">Evitar la pobreza no disminuye la riqueza de los poderosos, pero la ambici\u00f3n s\u00ed. Crear pobreza debe ser un delito que se castigue penalmente.<\/span><\/p>\n<p><span style=\"font-family: arial, helvetica, sans-serif; font-size: 18pt;\">Un aspecto de la econom\u00eda que debe preocupar a todos los mexicanos es la ca\u00edda del 5.8 por ciento del env\u00edo de remesas de Estados Unidos a M\u00e9xico, la solidaridad de nuestros h\u00e9roes an\u00f3nimos en tierra extranjera tiene l\u00edmites humanos y la pol\u00edtica laboral en el vecino pa\u00eds est\u00e1 en decadencia.<\/span><\/p>\n<p><span style=\"font-family: arial, helvetica, sans-serif; font-size: 18pt;\">En el primer cuatrimestre del a\u00f1o, los ingresos por remesas fueron de 19,015 millones de d\u00f3lares, un retroceso del 2.5%.<\/span><\/p>\n<p><span style=\"font-family: arial, helvetica, sans-serif; font-size: 18pt;\">Esta reducci\u00f3n se debe a la pol\u00edtica equivocada de Trump, que improvisa medidas que luego se le revierten, con una menor participaci\u00f3n laboral de migrantes mexicanos, con las pol\u00edticas migratorias restrictivas, el fortalecimiento del peso, el impuesto del 1% sobre remesas, entre otras.<\/span><\/p>\n<p><span style=\"font-family: arial, helvetica, sans-serif; font-size: 18pt;\">Esta reducci\u00f3n hasta el momento no afecta a la balanza de pagos, pero s\u00ed a miles de familias que reciben menos dinero desde la llegada del presidente del vecino pa\u00eds.<\/span><\/p>\n<p><span style=\"font-family: arial, helvetica, sans-serif; font-size: 18pt;\">Dentro de estas medidas tiene como consecuencia la muerte del sector tur\u00edstico en Estados Unidos, ya que se le ha atacado a turistas confundi\u00e9ndolos con migrantes sin siquiera una disculpa por la actuaci\u00f3n represiva del gobierno estadounidense.<\/span><\/p>\n<p><span style=\"font-family: arial, helvetica, sans-serif; font-size: 18pt;\">Ante esta situaci\u00f3n en M\u00e9xico, el flujo de visitantes extranjeros ha crecido de manera r\u00e1pida, ya que tambi\u00e9n capta a los turistas que viajar\u00edan a ese pa\u00eds, sumados a los que ven mayores atractivos en cada rinc\u00f3n del nuestro.<\/span><\/p>\n<p><span style=\"font-family: arial, helvetica, sans-serif; font-size: 18pt;\">El primer semestre de 2025, M\u00e9xico recibi\u00f3 23.4 millones de turistas extranjeros, lo que representa un crecimiento del 7.3% respecto al mismo periodo de 2024, seg\u00fan informa la secretaria de Turismo, Josefina Rodr\u00edguez Zamora.<\/span><\/p>\n<p><span style=\"font-family: arial, helvetica, sans-serif; font-size: 18pt;\">El flujo tur\u00edstico se concentr\u00f3 principalmente en viajeros de Estados Unidos y Canad\u00e1, quienes mostraron incrementos significativos. De enero a junio, los turistas estadounidenses sumaron 7.3 millones, con un crecimiento del 2.4% en comparaci\u00f3n con 2024, mientras que los visitantes canadienses alcanzaron 1.6 millones, con un aumento del 11.8%.<\/span><\/p>\n<p><span style=\"font-family: arial, helvetica, sans-serif; font-size: 18pt;\">Tambi\u00e9n en el turismo habr\u00e1 que ser dignos anfitriones porque los visitantes son parte del pueblo, nada tienen que ver con su gobierno y en esa diferencia radica la hermandad.<\/span><\/p>\n<p><span style=\"font-family: arial, helvetica, sans-serif; font-size: 18pt;\"><strong>PEGA Y CORRE.-<\/strong> Muy lamentable la declaraci\u00f3n de Trump, al decir: \u201cM\u00e9xico hace lo que decimos\u201d, lo que contest\u00f3 la Presidenta: \u201cEn M\u00e9xico manda el pueblo\u201d\u2026 Esta columna se publica los lunes, mi\u00e9rcoles y viernes.<\/span><\/p>\n<p><img loading=\"lazy\" decoding=\"async\" class=\"alignnone wp-image-62161 size-full\" src=\"http:\/\/noticiasveracruz.com\/wp-content\/uploads\/2025\/08\/FIRMA-EDITORIAL-PD-3.jpg\" alt=\"\" width=\"1024\" height=\"125\" srcset=\"https:\/\/noticiasveracruz.com\/wp-content\/uploads\/2025\/08\/FIRMA-EDITORIAL-PD-3.jpg 1024w, https:\/\/noticiasveracruz.com\/wp-content\/uploads\/2025\/08\/FIRMA-EDITORIAL-PD-3-300x37.jpg 300w, https:\/\/noticiasveracruz.com\/wp-content\/uploads\/2025\/08\/FIRMA-EDITORIAL-PD-3-768x94.jpg 768w\" sizes=\"auto, (max-width: 1024px) 100vw, 1024px\" \/><\/p>\n","protected":false},"excerpt":{"rendered":"<p>ALMA GRANDE Por \u00c1ngel \u00c1lvaro Pe\u00f1a Mover de la pobreza extrema a la pobreza y luego disminuirla en una familia<\/p>\n","protected":false},"author":4,"featured_media":62471,"comment_status":"closed","ping_status":"closed","sticky":false,"template":"","format":"standard","meta":{"colormag_page_container_layout":"default_layout","colormag_page_sidebar_layout":"default_layout","_jetpack_memberships_contains_paid_content":false,"footnotes":"","jetpack_publicize_message":"","jetpack_publicize_feature_enabled":true,"jetpack_social_post_already_shared":true,"jetpack_social_options":{"image_generator_settings":{"template":"highway","default_image_id":0,"font":"","enabled":false},"version":2}},"categories":[6],"tags":[],"class_list":["post-62470","post","type-post","status-publish","format-standard","has-post-thumbnail","hentry","category-columnistas"],"jetpack_publicize_connections":[],"jetpack_featured_media_url":"https:\/\/noticiasveracruz.com\/wp-content\/uploads\/2025\/08\/BANNER-LOPEZ-DORIGA-DIGITAL-2.jpg","jetpack_sharing_enabled":true,"publishpress_future_action":{"enabled":false,"date":"2026-05-08 00:03:48","action":"change-status","newStatus":"draft","terms":[],"taxonomy":"category","extraData":[]},"publishpress_future_workflow_manual_trigger":{"enabledWorkflows":[]},"_links":{"self":[{"href":"https:\/\/noticiasveracruz.com\/index.php\/wp-json\/wp\/v2\/posts\/62470","targetHints":{"allow":["GET"]}}],"collection":[{"href":"https:\/\/noticiasveracruz.com\/index.php\/wp-json\/wp\/v2\/posts"}],"about":[{"href":"https:\/\/noticiasveracruz.com\/index.php\/wp-json\/wp\/v2\/types\/post"}],"author":[{"embeddable":true,"href":"https:\/\/noticiasveracruz.com\/index.php\/wp-json\/wp\/v2\/users\/4"}],"replies":[{"embeddable":true,"href":"https:\/\/noticiasveracruz.com\/index.php\/wp-json\/wp\/v2\/comments?post=62470"}],"version-history":[{"count":0,"href":"https:\/\/noticiasveracruz.com\/index.php\/wp-json\/wp\/v2\/posts\/62470\/revisions"}],"wp:featuredmedia":[{"embeddable":true,"href":"https:\/\/noticiasveracruz.com\/index.php\/wp-json\/wp\/v2\/media\/62471"}],"wp:attachment":[{"href":"https:\/\/noticiasveracruz.com\/index.php\/wp-json\/wp\/v2\/media?parent=62470"}],"wp:term":[{"taxonomy":"category","embeddable":true,"href":"https:\/\/noticiasveracruz.com\/index.php\/wp-json\/wp\/v2\/categories?post=62470"},{"taxonomy":"post_tag","embeddable":true,"href":"https:\/\/noticiasveracruz.com\/index.php\/wp-json\/wp\/v2\/tags?post=62470"}],"curies":[{"name":"wp","href":"https:\/\/api.w.org\/{rel}","templated":true}]}}