{"id":62467,"date":"2025-08-15T00:20:27","date_gmt":"2025-08-15T06:20:27","guid":{"rendered":"https:\/\/noticiasveracruz.com\/?p=62467"},"modified":"2025-08-14T22:11:12","modified_gmt":"2025-08-15T04:11:12","slug":"rubio-evade-responder-sobre-posible-intervencion-militar-en-al-contra-el-narco","status":"publish","type":"post","link":"https:\/\/noticiasveracruz.com\/index.php\/2025\/08\/15\/rubio-evade-responder-sobre-posible-intervencion-militar-en-al-contra-el-narco\/","title":{"rendered":"Rubio evade responder sobre posible intervenci\u00f3n militar en AL contra el \u2018narco\u2019"},"content":{"rendered":"<p class=\"nota-justify\">El secretario de Estado de Estados unidos, Marco Rubio, evadi\u00f3 responder al cuestionamiento sobre si las fuerzas estadunidenses intervendr\u00e1n en Am\u00e9rica Latina luego de que fuentes an\u00f3nimas informaron a la agencia Reuters que Estados Unidos orden\u00f3 el despliegue de fuerzas a\u00e9reas y navales en el sur del Mar Caribe para combatir los c\u00e1rteles de droga.<\/p>\n<p class=\"nota-justify\">\u201cA la pregunta de si las fuerzas estadunidenses intervendr\u00e1n en el hemisferio occidental y perseguir\u00e1n a los narcotraficantes y sus redes, debo decir que existen grupos narcoterroristas designados que operan en la regi\u00f3n. Algunos de ellos utilizan el espacio a\u00e9reo y las aguas internacionales para transportar veneno a Estados Unidos\u201d.<\/p>\n<p class=\"nota-justify\">El funcionario subray\u00f3 que \u201cesos grupos (narcotraficantes) ser\u00e1n confrontados\u201d, y reiter\u00f3 que \u201cEl presidente (Donald Trump) lo ha dejado claro desde que retomo en el poder\u2026 cualquier amenaza a la seguridad nacional de Estados Unidos la enfrentar\u00e1\u201d.<\/p>\n<p class=\"nota-justify\">Rubio realiz\u00f3 la declaraci\u00f3n la realiz\u00f3 durante la la firma de un Acuerdo de Tercer Pa\u00eds Seguro con el Gobierno de Paraguay, este jueves.<\/p>\n<p class=\"nota-justify\">Tambi\u00e9n reafirm\u00f3 la acusaci\u00f3n del gobierno de Estados Unidos que sostiene sin pruebas que el C<i>\u00e1rtel de los Soles<\/i>\u00a0en Venezuela es liderada por el presidente venezolano, Nicol\u00e1s Maduro, el cual la administraci\u00f3n de Trump design\u00f3 como una organizaci\u00f3n criminal a finales de julio.<\/p>\n<p class=\"nota-justify\">\u201cEl r\u00e9gimen de Maduro no es un gobierno. No es un gobierno leg\u00edtimo. Nunca los hemos reconocido como tal. Son una organizaci\u00f3n criminal que b\u00e1sicamente ha tomado el control de un territorio nacional, de un pa\u00eds, y que, por cierto, tambi\u00e9n amenaza a las compa\u00f1\u00edas petroleras estadunidenses que operan legalmente en Guyana\u201d.<\/p>\n","protected":false},"excerpt":{"rendered":"<p>El secretario de Estado de Estados unidos, Marco Rubio, evadi\u00f3 responder al cuestionamiento sobre si las fuerzas estadunidenses intervendr\u00e1n en<\/p>\n","protected":false},"author":4,"featured_media":62468,"comment_status":"closed","ping_status":"closed","sticky":false,"template":"","format":"standard","meta":{"colormag_page_container_layout":"default_layout","colormag_page_sidebar_layout":"default_layout","_jetpack_memberships_contains_paid_content":false,"footnotes":"","jetpack_publicize_message":"","jetpack_publicize_feature_enabled":true,"jetpack_social_post_already_shared":true,"jetpack_social_options":{"image_generator_settings":{"template":"highway","default_image_id":0,"font":"","enabled":false},"version":2}},"categories":[355],"tags":[],"class_list":["post-62467","post","type-post","status-publish","format-standard","has-post-thumbnail","hentry","category-internacional"],"jetpack_publicize_connections":[],"jetpack_featured_media_url":"https:\/\/noticiasveracruz.com\/wp-content\/uploads\/2025\/08\/OJL.jpg","jetpack_sharing_enabled":true,"publishpress_future_action":{"enabled":false,"date":"2026-05-08 01:04:01","action":"change-status","newStatus":"draft","terms":[],"taxonomy":"category","extraData":[]},"publishpress_future_workflow_manual_trigger":{"enabledWorkflows":[]},"_links":{"self":[{"href":"https:\/\/noticiasveracruz.com\/index.php\/wp-json\/wp\/v2\/posts\/62467","targetHints":{"allow":["GET"]}}],"collection":[{"href":"https:\/\/noticiasveracruz.com\/index.php\/wp-json\/wp\/v2\/posts"}],"about":[{"href":"https:\/\/noticiasveracruz.com\/index.php\/wp-json\/wp\/v2\/types\/post"}],"author":[{"embeddable":true,"href":"https:\/\/noticiasveracruz.com\/index.php\/wp-json\/wp\/v2\/users\/4"}],"replies":[{"embeddable":true,"href":"https:\/\/noticiasveracruz.com\/index.php\/wp-json\/wp\/v2\/comments?post=62467"}],"version-history":[{"count":0,"href":"https:\/\/noticiasveracruz.com\/index.php\/wp-json\/wp\/v2\/posts\/62467\/revisions"}],"wp:featuredmedia":[{"embeddable":true,"href":"https:\/\/noticiasveracruz.com\/index.php\/wp-json\/wp\/v2\/media\/62468"}],"wp:attachment":[{"href":"https:\/\/noticiasveracruz.com\/index.php\/wp-json\/wp\/v2\/media?parent=62467"}],"wp:term":[{"taxonomy":"category","embeddable":true,"href":"https:\/\/noticiasveracruz.com\/index.php\/wp-json\/wp\/v2\/categories?post=62467"},{"taxonomy":"post_tag","embeddable":true,"href":"https:\/\/noticiasveracruz.com\/index.php\/wp-json\/wp\/v2\/tags?post=62467"}],"curies":[{"name":"wp","href":"https:\/\/api.w.org\/{rel}","templated":true}]}}