{"id":6164,"date":"2022-07-14T07:08:46","date_gmt":"2022-07-14T12:08:46","guid":{"rendered":"https:\/\/noticiasveracruz.com\/?p=6164"},"modified":"2022-07-14T07:10:23","modified_gmt":"2022-07-14T12:10:23","slug":"mezquindad-y-carrona","status":"publish","type":"post","link":"https:\/\/noticiasveracruz.com\/index.php\/2022\/07\/14\/mezquindad-y-carrona\/","title":{"rendered":"Mezquindad y carro\u00f1a"},"content":{"rendered":"<p>&nbsp;<\/p>\n<p class=\"p1\"><span style=\"font-size: 18pt;\"><strong>Por Laura Cevallos<\/strong><\/span><\/p>\n<p class=\"p1\"><span style=\"font-size: 14pt;\">La l\u00f3gica nos dir\u00eda que, si vamos en un barco, y la seguridad depende de que todos los que somos sus pasajeros o tripulantes, har\u00edamos lo que estuviera a nuestro alcance para preservarlo: lo mantendr\u00edamos libre de pestes; no permitir\u00edamos filtraciones en su casco; no ser\u00edamos capaces de dejar que entraran a destruirlo los enemigos; exigir\u00edamos al capit\u00e1n que nos transportara con seguridad y en el rumbo indicado.<\/span><\/p>\n<p class=\"p1\"><span style=\"font-size: 18pt;\"><strong>Por sexenios, el barco fue guiado por piratas, capaces de cambiar nuestra mercanc\u00eda por g\u00e9neros que saciaran sus vicios; tiraron por la borda a los pasajeros iniciales para dejar que piratas salvajes se hicieran cargo de impartir su propia justicia, sin que importara que los pasajeros no merecieran semejantes castigos, y para colmo, estuvieron a punto de entregar el barco para subir al yate del vecino, olvid\u00e1ndonos a la deriva: total, si nos hund\u00edamos, ellos ya estaban a salvo.<\/strong><\/span><\/p>\n<p class=\"p1\"><span style=\"font-size: 14pt;\">Pero de entre los que est\u00e1bamos dentro, como sucede siempre, hubo un hombre que se atrevi\u00f3 a desafiar la h\u00f3rrida costumbre de pasar por encima de la decisi\u00f3n de las mayor\u00edas, y se hizo con el control del tim\u00f3n. Nos inspir\u00f3 a reparar el barco, a tapar las grietas, a no permitir que los traidores siguieran picando el barco para acabar con todos. Repito, si se tratara de l\u00f3gica, cualquiera pensar\u00eda que, si todos dependemos de ese \u00fanico barco, lo cuidar\u00edamos con la vida, pero los que siguen en la inercia de la depredaci\u00f3n, no lo captan y son capaces de hacer hundir el barco, con tal de que el capit\u00e1n quede mal.<\/span><\/p>\n<p class=\"p1\"><span style=\"font-size: 18pt;\"><strong>Todo este cuento marinero es para ejemplificar la mezquindad de que en nuestro pa\u00eds, son capaces los conservadores y sus publicadores-difusores de noticias falsas. <\/strong><\/span><\/p>\n<p>&nbsp;<\/p>\n<p><img loading=\"lazy\" decoding=\"async\" class=\"aligncenter wp-image-7754 size-large\" src=\"https:\/\/politicosaldesnudo.com.mx\/wp-content\/uploads\/2022\/07\/P-AMLO-BIDEN10-1024x573.png\" alt=\"\" width=\"800\" height=\"448\" \/><\/p>\n<p>&nbsp;<\/p>\n<p class=\"p1\"><span style=\"font-size: 18pt;\"><strong>Este martes 12, el presidente Andr\u00e9s Manuel L\u00f3pez Obrador se volvi\u00f3 a encontrar con el mandatario de Estados Unidos, Joe Biden, para que ambos pa\u00edses y sus pueblos puedan trabajar arm\u00f3nicamente y con buenos resultados para ambos lados de la frontera; dada la carest\u00eda de combustibles en Estados Unidos, ofreci\u00f3 que desde la Refiner\u00eda Deer Park se le pueda distribuir gas a los estados fronterizos, para la generaci\u00f3n de energ\u00eda el\u00e9ctrica que requieren tres millones de personas.<\/strong><\/span><\/p>\n<p class=\"p1\"><span style=\"font-size: 18pt;\"><strong> Teniendo en cuenta la renovaci\u00f3n del Tratado de Libre Comercio, ofreci\u00f3 la disminuci\u00f3n\/eliminaci\u00f3n de aranceles en alimentos y algunos bienes, para beneficiar, nuevamente, a ambos pueblos. Con la misma idea, refrend\u00f3 la idea del regionalismo econ\u00f3mico, con el fin de proteger la inversi\u00f3n privada y p\u00fablica, para la producci\u00f3n de bienes que fortalezcan nuestros mercados y, como quinto punto y m\u00e1s importante, se enfoc\u00f3 en el tema migratorio que ha sido el punto neur\u00e1lgico de desacuerdos en el pasado. <\/strong><\/span><\/p>\n<p class=\"p1\"><span style=\"font-size: 14pt;\">Aqu\u00ed, el presidente Andr\u00e9s Manuel L\u00f3pez Obrador hizo hincapi\u00e9 en la fuerza de trabajo que representan nuestros migrantes (M\u00e9xico y Centroam\u00e9rica), que requieren una visa de trabajo que asegure su estancia en la protecci\u00f3n de sus derechos humanos. Y es que, cierto como lo es, nuestro pa\u00eds ha \u201cexportado\u201d millones de personas muy trabajadoras, de alta capacidad laboral, con mano de primera calidad: obreros, t\u00e9cnicos y profesionales talentosos que no van a robarle el puesto a nadie, sino a potenciar la econom\u00eda norteamericana que carece de mano de obra.<\/span><\/p>\n<p class=\"p1\"><span style=\"font-size: 18pt;\"><strong>Con respeto y dignidad, Andr\u00e9s Manuel L\u00f3pez Obrador se\u00f1al\u00f3 que se trata de una relaci\u00f3n entre iguales; sin sometimientos ni hegemon\u00edas pero sobre todo, que requiere justicia, con lo que el presidente Joe Biden concord\u00f3.<\/strong><\/span><\/p>\n<p class=\"p1\"><span style=\"font-size: 14pt;\">Sin embargo, la mezquindad que es la esencia de los periodistas y polit\u00f3logos que no soportan que el mandatario mexicano tenga \u00e9xitos donde sus \u201cl\u00edderes\u201d de otros tiempos, porque no pertenece a sus c\u00edrculos de poder, ni ha robado o se ha dejado corromper como ellos; tampoco hizo promesas que olvid\u00f3 en el camino ni pact\u00f3 con grupos indecentes del crimen organizado o de cuello blanco, como hicieron los predecesores. Mucho menos se ha dejado mangonear por los presidentes de Estados Unidos y, en lugar de entender que nos merecemos esta nueva relaci\u00f3n y, a pesar de que no compartan la ideolog\u00eda obradorista, la Patria est\u00e1 en proceso de reconstrucci\u00f3n para beneficio de todos, desde los m\u00e1s pobres, primero, y en consecuencia, todos los dem\u00e1s.<\/span><\/p>\n<p class=\"p1\"><span style=\"font-size: 18pt;\"><strong>Tampoco festinaron la reuni\u00f3n que tuvo con empresarios de ambos pa\u00edses, para tratar temas de cooperaci\u00f3n econ\u00f3mica, inversi\u00f3n, soberan\u00eda y progreso con justicia.<\/strong><\/span><\/p>\n<p class=\"p1\"><span style=\"font-size: 18pt;\"><strong>Lo de la oposici\u00f3n, siempre ser\u00e1 la carro\u00f1a.<\/strong><\/span><\/p>\n<p>&nbsp;<\/p>\n<p><span style=\"font-size: 18pt;\"><strong>Twitter: <a href=\"http:\/\/www.twitter.com\/cevalloslaura\">@cevalloslaura<\/a><\/strong><\/span><\/p>\n<p>&nbsp;<\/p>\n<p><span style=\"font-size: 18pt; color: #319eca;\"><em><strong>**Las columnas firmadas en este medio son responsabilidad de quienes las firman**<\/strong><\/em><\/span><\/p>\n<p>&nbsp;<\/p>\n","protected":false},"excerpt":{"rendered":"<p>&nbsp; Por Laura Cevallos La l\u00f3gica nos dir\u00eda que, si vamos en un barco, y la seguridad depende de que<\/p>\n","protected":false},"author":4,"featured_media":3193,"comment_status":"closed","ping_status":"closed","sticky":false,"template":"","format":"standard","meta":{"colormag_page_container_layout":"default_layout","colormag_page_sidebar_layout":"default_layout","_jetpack_memberships_contains_paid_content":false,"footnotes":"","jetpack_publicize_message":"","jetpack_publicize_feature_enabled":true,"jetpack_social_post_already_shared":false,"jetpack_social_options":{"image_generator_settings":{"template":"highway","default_image_id":0,"font":"","enabled":false},"version":2}},"categories":[6],"tags":[65,1073,92,19,31,777],"class_list":["post-6164","post","type-post","status-publish","format-standard","has-post-thumbnail","hentry","category-columnistas","tag-andres-manuel-lopez-obrador","tag-combustible","tag-estados-unidos","tag-joe-biden","tag-mexico","tag-migrante"],"jetpack_publicize_connections":[],"jetpack_featured_media_url":"https:\/\/noticiasveracruz.com\/wp-content\/uploads\/2022\/04\/CABEZAL-OPINIO\u0301N-NV-LAURACEVALLOS.png","jetpack_sharing_enabled":true,"publishpress_future_action":{"enabled":false,"date":"2026-05-09 00:52:16","action":"change-status","newStatus":"draft","terms":[],"taxonomy":"category","extraData":[]},"publishpress_future_workflow_manual_trigger":{"enabledWorkflows":[]},"_links":{"self":[{"href":"https:\/\/noticiasveracruz.com\/index.php\/wp-json\/wp\/v2\/posts\/6164","targetHints":{"allow":["GET"]}}],"collection":[{"href":"https:\/\/noticiasveracruz.com\/index.php\/wp-json\/wp\/v2\/posts"}],"about":[{"href":"https:\/\/noticiasveracruz.com\/index.php\/wp-json\/wp\/v2\/types\/post"}],"author":[{"embeddable":true,"href":"https:\/\/noticiasveracruz.com\/index.php\/wp-json\/wp\/v2\/users\/4"}],"replies":[{"embeddable":true,"href":"https:\/\/noticiasveracruz.com\/index.php\/wp-json\/wp\/v2\/comments?post=6164"}],"version-history":[{"count":0,"href":"https:\/\/noticiasveracruz.com\/index.php\/wp-json\/wp\/v2\/posts\/6164\/revisions"}],"wp:featuredmedia":[{"embeddable":true,"href":"https:\/\/noticiasveracruz.com\/index.php\/wp-json\/wp\/v2\/media\/3193"}],"wp:attachment":[{"href":"https:\/\/noticiasveracruz.com\/index.php\/wp-json\/wp\/v2\/media?parent=6164"}],"wp:term":[{"taxonomy":"category","embeddable":true,"href":"https:\/\/noticiasveracruz.com\/index.php\/wp-json\/wp\/v2\/categories?post=6164"},{"taxonomy":"post_tag","embeddable":true,"href":"https:\/\/noticiasveracruz.com\/index.php\/wp-json\/wp\/v2\/tags?post=6164"}],"curies":[{"name":"wp","href":"https:\/\/api.w.org\/{rel}","templated":true}]}}