{"id":6161,"date":"2022-07-14T05:00:59","date_gmt":"2022-07-14T10:00:59","guid":{"rendered":"https:\/\/noticiasveracruz.com\/?p=6161"},"modified":"2022-07-14T07:29:17","modified_gmt":"2022-07-14T12:29:17","slug":"amlo-el-roosevelt-a-la-mexicana","status":"publish","type":"post","link":"https:\/\/noticiasveracruz.com\/index.php\/2022\/07\/14\/amlo-el-roosevelt-a-la-mexicana\/","title":{"rendered":"AMLO, el Roosevelt a la mexicana"},"content":{"rendered":"<p>&nbsp;<\/p>\n<p class=\"p1\"><strong><span style=\"font-size: 18pt;\">Por Luis Ram\u00edrez Baqueiro<\/span><\/strong><\/p>\n<p>&nbsp;<\/p>\n<p class=\"p1\" style=\"text-align: center;\"><em><strong><span style=\"font-size: 18pt;\">\u201cLa verdadera grandeza es la que no necesita de la humillaci\u00f3n de los dem\u00e1s\u201d <\/span><\/strong><\/em><\/p>\n<p class=\"p1\" style=\"text-align: center;\"><span style=\"font-size: 18pt;\">\u2013 Amado Nervo \u2013<\/span><\/p>\n<p class=\"p1\"><span style=\"font-size: 14pt;\">Para nadie es desconocido que los dos presidentes norteamericanos que m\u00e1s admira el presidente de M\u00e9xico, Andr\u00e9s Manuel L\u00f3pez Obrador son Abraham Lincon y Franklin Delano Roosevelt.<\/span><\/p>\n<p class=\"p1\"><span style=\"font-size: 14pt;\">De Lincon suponemos que su admiraci\u00f3n nace de la relaci\u00f3n epistolar y de pensamiento que tuviera el presidente Benito Ju\u00e1rez, con quien hizo posible la conclusi\u00f3n de la Guerra de Secesi\u00f3n, pero, sobre todo, quien aboli\u00f3 la esclavitud en el vecino pa\u00eds del norte.<\/span><\/p>\n<p class=\"p1\"><span style=\"font-size: 14pt;\">De Roosevelt, suponemos tambi\u00e9n su admiraci\u00f3n provenga del hecho de que fue el art\u00edfice del gran milagro econ\u00f3mico de tras la impresionante recesi\u00f3n de los 20\u2019s que provoc\u00f3 una crisis econ\u00f3mica brutal, aunado a ser tambi\u00e9n un pr\u00f3cer de la pol\u00edtica de apertura a la migraci\u00f3n \u2013creando aquella pol\u00edtica de \u201cbraceros\u201d que permiti\u00f3 a miles de mexicanos adentrarse en el pa\u00eds del norte donde muchos echaron ra\u00edces, ante la falta de mano de obra producto de la incursi\u00f3n de EUA en la Segunda Guerra Mundial.<\/span><\/p>\n<p class=\"p1\"><span style=\"font-size: 14pt;\">De vuelta a la realidad y alejado del romanticismo que estos datos hist\u00f3ricos pudieran brindar, en los hechos, al presidente Andr\u00e9s Manuel L\u00f3pez Obrador le pagaron con la misma moneda, ese objeto de cambio que \u00e9l mismo decidi\u00f3 emplear al no asistir a la Cumbre de las Am\u00e9ricas, por salir de hermanito de la caridad con naciones donde las dictaduras son m\u00e1s que evidentes.<\/span><\/p>\n<p class=\"p1\"><span style=\"font-size: 14pt;\">As\u00ed ni Cuba, Nicaragua, Venezuela, han salido a defender el desd\u00e9n y el maltrato que desde la Casa Blanca le brindaron a la delegaci\u00f3n mexicana, y es que de entrada le daremos algunos datos para que observe el rid\u00edculo que simplemente fue el presidente hacer en esta Gira.<\/span><\/p>\n<p class=\"p1\"><span style=\"font-size: 14pt;\">1. No fue recibido por el presidente y su esposa en la puerta de la Casa Blanca \u2013acto que forma parte del protocolo para toda visita de estado-.<\/span><\/p>\n<p class=\"p1\"><span style=\"font-size: 14pt;\">2. No fue hospedado en la Casa Blanca \u2013lo mandaron a un hotelito a cinco o seis cuadras del 1600 de Pennsylvania Avenue.<\/span><\/p>\n<p class=\"p1\"><span style=\"font-size: 14pt;\">3. No le ofrecieron una comida oficial, ni cena de gala con invitados especiales \u2013parte del protocolo dicta una comida o cena de estado, a cargo de las primeras damas de los EUA, cosa que no pas\u00f3.<\/span><\/p>\n<p class=\"p1\"><span style=\"font-size: 14pt;\">4. Biden ofreci\u00f3 un picnic en los jardines de la Casa Blanca, pero no para la comitiva mexicana, estando el presidente de una naci\u00f3n en la misma Ciudad, algo no concebido y menos imaginado en otra circunstancia.<\/span><\/p>\n<p class=\"p1\"><span style=\"font-size: 14pt;\">5. Por la noche del mismo martes, Joe Biden sali\u00f3 de viaje a Israel, a donde lleg\u00f3 la ma\u00f1ana de este mi\u00e9rcoles, dejando al presidente de M\u00e9xico, como un simple turista en su pa\u00eds.<\/span><\/p>\n<p class=\"p1\"><span style=\"font-size: 14pt;\">A pesar de estos hechos, el presidente L\u00f3pez Obrador, tiene en su psique que habr\u00e1 de pasar a la historia de M\u00e9xico como el gran pr\u00f3cer del siglo XXI, el que venci\u00f3 al Sistema, al Hegem\u00f3nico PRI que por 70 a\u00f1os gobern\u00f3 la naci\u00f3n; como el primer integrante de la izquierda p\u00fablicamente confirmada en lograrlo.<\/span><\/p>\n<p class=\"p1\"><span style=\"font-size: 14pt;\">Pero eso no basta, \u00e9l desea algo m\u00e1s. Y es lo que est\u00e1 cocinando.<\/span><\/p>\n<p class=\"p1\"><span style=\"font-size: 14pt;\">Es por ello que anticipadamente lanzar\u00e1 la sucesi\u00f3n presidencial y sacar\u00e1 sus corcholatas a la vista de todos.<\/span><\/p>\n<p class=\"p1\"><span style=\"font-size: 14pt;\">Pero el hecho en s\u00ed mismo no implicar\u00eda nada extraordinario, por eso se requiere algo que realmente lo coloque en los m\u00e1s altos pedestales de los hombres ilustres y h\u00e9roes nacionales, y eso ser\u00eda dejar como sucesora a la primera mujer presidente del pa\u00eds.<\/span><\/p>\n<p class=\"p1\"><span style=\"font-size: 14pt;\">As\u00ed que por favor vayamos dejando a un lado la visi\u00f3n patriarcal \u2013machista- dir\u00edan las m\u00e1s f\u00e9rreas defensoras del movimiento de los derechos de la mujer y comencemos a procesar que en el 2024, muy posiblemente, una mujer ser\u00e1 la presidente de M\u00e9xico.<\/span><\/p>\n<p>&nbsp;<\/p>\n<p class=\"p1\"><span style=\"font-size: 18pt;\"><strong>Al tiempo.<\/strong><\/span><\/p>\n<p>&nbsp;<\/p>\n<p class=\"p1\"><span style=\"font-size: 18pt;\"><strong>Correo: <a href=\"mailto:astrolabiopoliticomx@gmail.com\">astrolabiopoliticomx@gmail.com<\/a><\/strong><\/span><\/p>\n<p class=\"p1\"><span style=\"font-size: 18pt;\"><strong>Twitter: <a href=\"http:\/\/www.twitter.com\/LuisBaqueiro_mx\">@LuisBaqueiro_mx<\/a><\/strong><\/span><\/p>\n<p>&nbsp;<\/p>\n<p><span style=\"font-size: 18pt; color: #e42d33;\"><em><strong>**Las columnas firmadas en este medio son responsabilidad de quienes las firman**<\/strong><\/em><\/span><\/p>\n<p>&nbsp;<\/p>\n","protected":false},"excerpt":{"rendered":"<p>&nbsp; Por Luis Ram\u00edrez Baqueiro &nbsp; \u201cLa verdadera grandeza es la que no necesita de la humillaci\u00f3n de los dem\u00e1s\u201d<\/p>\n","protected":false},"author":4,"featured_media":3572,"comment_status":"closed","ping_status":"closed","sticky":false,"template":"","format":"standard","meta":{"colormag_page_container_layout":"default_layout","colormag_page_sidebar_layout":"default_layout","_jetpack_memberships_contains_paid_content":false,"footnotes":"","jetpack_publicize_message":"","jetpack_publicize_feature_enabled":true,"jetpack_social_post_already_shared":false,"jetpack_social_options":{"image_generator_settings":{"template":"highway","default_image_id":0,"font":"","enabled":false},"version":2}},"categories":[6],"tags":[],"class_list":["post-6161","post","type-post","status-publish","format-standard","has-post-thumbnail","hentry","category-columnistas"],"jetpack_publicize_connections":[],"jetpack_featured_media_url":"https:\/\/noticiasveracruz.com\/wp-content\/uploads\/2022\/04\/LUIS-RAMI\u0301REZ-BAQUEIRO.png","jetpack_sharing_enabled":true,"publishpress_future_action":{"enabled":false,"date":"2026-05-08 03:04:00","action":"change-status","newStatus":"draft","terms":[],"taxonomy":"category","extraData":[]},"publishpress_future_workflow_manual_trigger":{"enabledWorkflows":[]},"_links":{"self":[{"href":"https:\/\/noticiasveracruz.com\/index.php\/wp-json\/wp\/v2\/posts\/6161","targetHints":{"allow":["GET"]}}],"collection":[{"href":"https:\/\/noticiasveracruz.com\/index.php\/wp-json\/wp\/v2\/posts"}],"about":[{"href":"https:\/\/noticiasveracruz.com\/index.php\/wp-json\/wp\/v2\/types\/post"}],"author":[{"embeddable":true,"href":"https:\/\/noticiasveracruz.com\/index.php\/wp-json\/wp\/v2\/users\/4"}],"replies":[{"embeddable":true,"href":"https:\/\/noticiasveracruz.com\/index.php\/wp-json\/wp\/v2\/comments?post=6161"}],"version-history":[{"count":0,"href":"https:\/\/noticiasveracruz.com\/index.php\/wp-json\/wp\/v2\/posts\/6161\/revisions"}],"wp:featuredmedia":[{"embeddable":true,"href":"https:\/\/noticiasveracruz.com\/index.php\/wp-json\/wp\/v2\/media\/3572"}],"wp:attachment":[{"href":"https:\/\/noticiasveracruz.com\/index.php\/wp-json\/wp\/v2\/media?parent=6161"}],"wp:term":[{"taxonomy":"category","embeddable":true,"href":"https:\/\/noticiasveracruz.com\/index.php\/wp-json\/wp\/v2\/categories?post=6161"},{"taxonomy":"post_tag","embeddable":true,"href":"https:\/\/noticiasveracruz.com\/index.php\/wp-json\/wp\/v2\/tags?post=6161"}],"curies":[{"name":"wp","href":"https:\/\/api.w.org\/{rel}","templated":true}]}}