{"id":6157,"date":"2022-07-13T20:39:21","date_gmt":"2022-07-14T01:39:21","guid":{"rendered":"https:\/\/noticiasveracruz.com\/?p=6157"},"modified":"2022-07-13T20:39:54","modified_gmt":"2022-07-14T01:39:54","slug":"con-inversion-millonaria-tuxpan-rehabilitara-albercas-de-unidad-deportiva-enrique-valdes","status":"publish","type":"post","link":"https:\/\/noticiasveracruz.com\/index.php\/2022\/07\/13\/con-inversion-millonaria-tuxpan-rehabilitara-albercas-de-unidad-deportiva-enrique-valdes\/","title":{"rendered":"Con inversi\u00f3n millonaria, Tuxpan rehabilitar\u00e1 albercas de la unidad deportiva Enrique Vald\u00e9s"},"content":{"rendered":"<p>&nbsp;<\/p>\n<p class=\"p1\"><span style=\"font-size: 14pt;\"><em><strong>TUXPAN, Ver.<span class=\"Apple-converted-space\">\u00a0 <\/span><\/strong><\/em>Con <strong>inversi\u00f3n municipal<\/strong> se <strong>rehabilitar\u00e1<\/strong> el \u00e1rea de <strong>albercas de la unidad deportiva Enrique Vald\u00e9s Constantino<\/strong>, a las que desde hace muchos a\u00f1os no se realizaba ninguna mejora. <\/span><\/p>\n<p class=\"p1\"><span style=\"font-size: 18pt;\"><strong>El Consejo Municipal del Deporte de Tuxpan present\u00f3 un proyecto que contempla la rehabilitaci\u00f3n de las albercas y del cuarto de m\u00e1quinas, que solucionar\u00e1 el problema de filtraci\u00f3n y tratamiento de agua.<\/strong><\/span><\/p>\n<p>&nbsp;<\/p>\n<p><img loading=\"lazy\" decoding=\"async\" class=\"aligncenter wp-image-7742 size-large\" src=\"https:\/\/politicosaldesnudo.com.mx\/wp-content\/uploads\/2022\/07\/P-ALBERCA3-1024x573.png\" alt=\"\" width=\"800\" height=\"448\" \/><\/p>\n<p>&nbsp;<\/p>\n<p><span style=\"font-size: 18pt; color: #e42d33;\"><strong>GRAN TRABAJO<\/strong><\/span><\/p>\n<p class=\"p1\"><span style=\"font-size: 18pt;\"><strong>El proyecto fue respaldado por el alcalde Jos\u00e9 Manuel Pozos Castro. Se destinar\u00e1n 2 millones de pesos del presupuesto municipal para realizaci\u00f3n de esta obra.<\/strong><\/span><\/p>\n<p class=\"p1\"><span style=\"font-size: 14pt;\">En los siguientes d\u00edas se llevar\u00e1 a cabo la licitaci\u00f3n y se tiene programado que los trabajos empiecen en el mes de noviembre, que es cuando se tiene poca afluencia, para que las albercas est\u00e9n listas en marzo del pr\u00f3ximo a\u00f1o.<\/span><\/p>\n<p class=\"p1\"><span style=\"font-size: 18pt;\"><strong>El director del Consejo Municipal del Deporte, Manuel Cortina Mart\u00ednez, detall\u00f3 que la rehabilitaci\u00f3n consiste en la reparaci\u00f3n y mantenimiento de los filtros y la torre de cloros, que mantendr\u00e1n el agua de las albercas limpias y totalmente potabilizada. <\/strong><\/span><\/p>\n<p class=\"p1\"><span style=\"font-size: 18pt;\"><strong>Asimismo se trabajar\u00e1 en el recubrimiento de las albercas, el cual se encuentra muy deteriorado, lo que dar\u00e1 una mejor imagen de este centro de alto rendimiento; tambi\u00e9n se reparar\u00e1n las filtraciones que presenta la alberca ol\u00edmpica. <\/strong><\/span><\/p>\n<p class=\"p1\"><span style=\"font-size: 14pt;\">Cortina Mart\u00ednez explic\u00f3 que adem\u00e1s se tienen contempladas otras reparaciones que se realizar\u00e1n poco a poco, con el objetivo de que la Unidad Deportiva sea un espacio digno para toda la ciudadan\u00eda tuxpe\u00f1a.<\/span><\/p>\n<p><img loading=\"lazy\" decoding=\"async\" class=\"aligncenter wp-image-7740 size-large\" src=\"https:\/\/politicosaldesnudo.com.mx\/wp-content\/uploads\/2022\/07\/P-ALBERCA1-1024x573.png\" alt=\"\" width=\"800\" height=\"448\" \/><\/p>\n<p>&nbsp;<\/p>\n<p>&nbsp;<\/p>\n<p>&nbsp;<\/p>\n<p>&nbsp;<\/p>\n","protected":false},"excerpt":{"rendered":"<p>&nbsp; TUXPAN, Ver.\u00a0 Con inversi\u00f3n municipal se rehabilitar\u00e1 el \u00e1rea de albercas de la unidad deportiva Enrique Vald\u00e9s Constantino, a<\/p>\n","protected":false},"author":4,"featured_media":6158,"comment_status":"closed","ping_status":"closed","sticky":false,"template":"","format":"standard","meta":{"colormag_page_container_layout":"default_layout","colormag_page_sidebar_layout":"default_layout","_jetpack_memberships_contains_paid_content":false,"footnotes":"","jetpack_publicize_message":"","jetpack_publicize_feature_enabled":true,"jetpack_social_post_already_shared":false,"jetpack_social_options":{"image_generator_settings":{"template":"highway","default_image_id":0,"font":"","enabled":false},"version":2}},"categories":[356],"tags":[1070,1072,72,1071,73],"class_list":["post-6157","post","type-post","status-publish","format-standard","has-post-thumbnail","hentry","category-veracruz","tag-albercas","tag-deportes","tag-tuxpan","tag-unidad-deportiva","tag-veracruz"],"jetpack_publicize_connections":[],"jetpack_featured_media_url":"https:\/\/noticiasveracruz.com\/wp-content\/uploads\/2022\/07\/P-ALBERCA2.png","jetpack_sharing_enabled":true,"publishpress_future_action":{"enabled":false,"date":"2026-05-08 04:12:05","action":"change-status","newStatus":"draft","terms":[],"taxonomy":"category","extraData":[]},"publishpress_future_workflow_manual_trigger":{"enabledWorkflows":[]},"_links":{"self":[{"href":"https:\/\/noticiasveracruz.com\/index.php\/wp-json\/wp\/v2\/posts\/6157","targetHints":{"allow":["GET"]}}],"collection":[{"href":"https:\/\/noticiasveracruz.com\/index.php\/wp-json\/wp\/v2\/posts"}],"about":[{"href":"https:\/\/noticiasveracruz.com\/index.php\/wp-json\/wp\/v2\/types\/post"}],"author":[{"embeddable":true,"href":"https:\/\/noticiasveracruz.com\/index.php\/wp-json\/wp\/v2\/users\/4"}],"replies":[{"embeddable":true,"href":"https:\/\/noticiasveracruz.com\/index.php\/wp-json\/wp\/v2\/comments?post=6157"}],"version-history":[{"count":0,"href":"https:\/\/noticiasveracruz.com\/index.php\/wp-json\/wp\/v2\/posts\/6157\/revisions"}],"wp:featuredmedia":[{"embeddable":true,"href":"https:\/\/noticiasveracruz.com\/index.php\/wp-json\/wp\/v2\/media\/6158"}],"wp:attachment":[{"href":"https:\/\/noticiasveracruz.com\/index.php\/wp-json\/wp\/v2\/media?parent=6157"}],"wp:term":[{"taxonomy":"category","embeddable":true,"href":"https:\/\/noticiasveracruz.com\/index.php\/wp-json\/wp\/v2\/categories?post=6157"},{"taxonomy":"post_tag","embeddable":true,"href":"https:\/\/noticiasveracruz.com\/index.php\/wp-json\/wp\/v2\/tags?post=6157"}],"curies":[{"name":"wp","href":"https:\/\/api.w.org\/{rel}","templated":true}]}}