{"id":6148,"date":"2022-07-13T08:16:31","date_gmt":"2022-07-13T13:16:31","guid":{"rendered":"https:\/\/noticiasveracruz.com\/?p=6148"},"modified":"2022-07-13T08:18:08","modified_gmt":"2022-07-13T13:18:08","slug":"huida-del-presidente-de-sri-lanka-arrecian-los-actos-violentos","status":"publish","type":"post","link":"https:\/\/noticiasveracruz.com\/index.php\/2022\/07\/13\/huida-del-presidente-de-sri-lanka-arrecian-los-actos-violentos\/","title":{"rendered":"Estado de Emergencia: Huida del presidente de Sri Lanka arrecian actos de violencia"},"content":{"rendered":"<p>&nbsp;<\/p>\n<p class=\"p1\"><span style=\"font-size: 14pt;\"><em><strong>SRI LANKA.<\/strong> \u00a0<\/em><\/span><span style=\"font-size: 14pt;\">La poblaci\u00f3n ha pasado de las<strong> manifestaciones a los actos violentos<\/strong> una vez ha conocido la noticia de que el <strong>presidente\u00a0Gotabaya Rajapaksaha huido del pa\u00eds<\/strong> en un avi\u00f3n militar a las <strong>Maldivas<\/strong>.<\/span><\/p>\n<p class=\"p1\"><span style=\"font-size: 18pt;\"><strong>La situaci\u00f3n actual ha provocado que el Gobierno imponga el Estado de Emergencia.\u00a0Los ciudadanos de Sri Lanka culpan a su administraci\u00f3n de la peor crisis econ\u00f3mica en d\u00e9cadas.<\/strong><\/span><\/p>\n<p><img loading=\"lazy\" decoding=\"async\" class=\"aligncenter wp-image-7729 size-large\" src=\"https:\/\/politicosaldesnudo.com.mx\/wp-content\/uploads\/2022\/07\/P-SRILANKA7-1024x573.png\" alt=\"\" width=\"800\" height=\"448\" \/><\/p>\n<p>&nbsp;<\/p>\n<p class=\"p1\"><span style=\"font-size: 18pt;\"><strong>La emergencia ha hecho que el primer ministro Ranil Wickremesinghe, fue nombrado presidente interino, seg\u00fan anunci\u00f3 el titular del Parlamento.<\/strong><\/span><\/p>\n<blockquote>\n<p class=\"p1\"><span style=\"font-size: 14pt;\">A ra\u00edz de su ausencia en el pa\u00eds, el presidente Rajapaksa me dijo que nombr\u00f3 al primer ministro para ejercer como presidente seg\u00fan la Constituci\u00f3n\u201d, indic\u00f3 Mahinda Yapa Abeywardana en una breve declaraci\u00f3n televisada.<\/span><\/p>\n<\/blockquote>\n<p class=\"p1\"><span style=\"font-size: 14pt;\">Entretanto, un grupo de manifestantes irrumpi\u00f3 en la oficina del primer ministro de Sri Lanka\u00a0poco despu\u00e9s de ser nombrado presidente interino tras la huida del mandatario, Gotayaba Rajapaksa, quien ha prometido que presentar\u00e1 su dimisi\u00f3n durante la jornada, seg\u00fan inform\u00f3 el diario Daily Mirror.<\/span><\/p>\n<p><img loading=\"lazy\" decoding=\"async\" class=\"aligncenter wp-image-7724 size-large\" src=\"https:\/\/politicosaldesnudo.com.mx\/wp-content\/uploads\/2022\/07\/P-SRILANKA2-1024x573.png\" alt=\"\" width=\"800\" height=\"448\" \/><\/p>\n<p>&nbsp;<\/p>\n<p class=\"p1\"><span style=\"font-size: 18pt;\"><strong>Seg\u00fan medios, Wickremesinghe no se encuentra en el edificio y contin\u00faa en paradero desconocido desde que los manifestantes incendiaran la semana pasada su vivienda privada.\u00a0<\/strong><\/span><\/p>\n<p class=\"p1\"><span style=\"font-size: 14pt;\">Este s\u00e1bado, el presidente Rajapaksa se hab\u00eda escondido despu\u00e9s de que la multitud asaltara su residencia.\u00a0<\/span><span style=\"font-size: 14pt;\">Ese d\u00eda, el presidente del Parlamento de Sri Lanka,\u00a0Mahinda Yapa Abeywardena, dijo que Rajapksa renunciar\u00eda al cargo el mi\u00e9rcoles.\u00a0<\/span><\/p>\n<p>&nbsp;<\/p>\n<p><img loading=\"lazy\" decoding=\"async\" class=\"aligncenter wp-image-7725 size-large\" src=\"https:\/\/politicosaldesnudo.com.mx\/wp-content\/uploads\/2022\/07\/P-SRILANKA3-1024x573.png\" alt=\"\" width=\"800\" height=\"448\" \/><\/p>\n<p>&nbsp;<\/p>\n<p class=\"p1\"><span style=\"font-size: 18pt;\"><strong>Esta carta permitir\u00e1 que Sri Lanka pueda elegir a un presidente interino para que entre en funciones hasta que los diputados voten para elegir un nuevo l\u00edder.<\/strong><\/span><\/p>\n<p>&nbsp;<\/p>\n<p class=\"p1\"><span style=\"font-size: 18pt;\"><strong>LA HU\u00cdDA<\/strong><\/span><\/p>\n<p class=\"p1\"><span style=\"font-size: 18pt;\"><strong>El presidente Gotabaya Rajapaksa huy\u00f3 en un avi\u00f3n militar a Maldivas, archipi\u00e9lago cercano a Sri Lanka en el oc\u00e9ano \u00cdndico, acorralado por la peor crisis econ\u00f3mica de la historia de esta isla al sur de India.<\/strong><\/span><\/p>\n<p><img loading=\"lazy\" decoding=\"async\" class=\"aligncenter wp-image-7730 size-large\" src=\"https:\/\/politicosaldesnudo.com.mx\/wp-content\/uploads\/2022\/07\/P-SRILANKA8-1024x573.png\" alt=\"\" width=\"800\" height=\"448\" \/><\/p>\n<p>&nbsp;<\/p>\n<p class=\"p1\"><span style=\"font-size: 14pt;\">Poco despu\u00e9s, la oficina del primer ministro de Sri Lanka declar\u00f3 el estado de emergencia e instaur\u00f3 el toque de queda en la capital.<\/span><\/p>\n<blockquote>\n<p class=\"p1\"><span style=\"font-size: 14pt;\">El presidente abandon\u00f3 el pa\u00eds, se declara el estado de emergencia para hacer frente a la situaci\u00f3n del pa\u00eds\u201d, indic\u00f3 a la AFP el portavoz del primer ministro, Dinouk Colombage.<\/span><\/p>\n<\/blockquote>\n<p class=\"p1\"><span style=\"font-size: 18pt;\"><strong>\u201cNecesitamos un toque de queda para controlar la situaci\u00f3n\u201d, dijo un funcionario de la polic\u00eda a la AFP, agregando que se dio la orden de reprimir las manifestaciones que perturban el funcionamiento del Estado.<\/strong><\/span><\/p>\n<p><img loading=\"lazy\" decoding=\"async\" class=\"aligncenter wp-image-7728 size-large\" src=\"https:\/\/politicosaldesnudo.com.mx\/wp-content\/uploads\/2022\/07\/P-SRILANKA6-1024x573.png\" alt=\"\" width=\"800\" height=\"448\" \/><\/p>\n<p>&nbsp;<\/p>\n<p class=\"p1\"><span style=\"font-size: 18pt;\"><strong>Los partidos pol\u00edticos de Sri Lanka acordaron este lunes\u00a0designar a un nuevo presidente interino\u00a0el pr\u00f3ximo 20 de julio para poner fin al vac\u00edo de poder que dej\u00f3 la salida de Rajapaksa.<\/strong><\/span><\/p>\n<p>&nbsp;<\/p>\n<p><img loading=\"lazy\" decoding=\"async\" class=\"aligncenter wp-image-7723 size-large\" src=\"https:\/\/politicosaldesnudo.com.mx\/wp-content\/uploads\/2022\/07\/P-SRILANKA1-1024x573.png\" alt=\"\" width=\"800\" height=\"448\" \/><\/p>\n<p>&nbsp;<\/p>\n<p>&nbsp;<\/p>\n<p>&nbsp;<\/p>\n<p>&nbsp;<\/p>\n","protected":false},"excerpt":{"rendered":"<p>&nbsp; SRI LANKA. \u00a0La poblaci\u00f3n ha pasado de las manifestaciones a los actos violentos una vez ha conocido la noticia<\/p>\n","protected":false},"author":4,"featured_media":6149,"comment_status":"closed","ping_status":"closed","sticky":false,"template":"","format":"standard","meta":{"colormag_page_container_layout":"default_layout","colormag_page_sidebar_layout":"default_layout","_jetpack_memberships_contains_paid_content":false,"footnotes":"","jetpack_publicize_message":"","jetpack_publicize_feature_enabled":true,"jetpack_social_post_already_shared":false,"jetpack_social_options":{"image_generator_settings":{"template":"highway","default_image_id":0,"font":"","enabled":false},"version":2}},"categories":[355],"tags":[1067,1069,1068,140],"class_list":["post-6148","post","type-post","status-publish","format-standard","has-post-thumbnail","hentry","category-internacional","tag-estado-de-emergencia","tag-gotabaya-rajapakasaha","tag-sri-lanka","tag-violencia"],"jetpack_publicize_connections":[],"jetpack_featured_media_url":"https:\/\/noticiasveracruz.com\/wp-content\/uploads\/2022\/07\/P-SRILANKA5.png","jetpack_sharing_enabled":true,"publishpress_future_action":{"enabled":false,"date":"2026-05-08 05:40:45","action":"change-status","newStatus":"draft","terms":[],"taxonomy":"category","extraData":[]},"publishpress_future_workflow_manual_trigger":{"enabledWorkflows":[]},"_links":{"self":[{"href":"https:\/\/noticiasveracruz.com\/index.php\/wp-json\/wp\/v2\/posts\/6148","targetHints":{"allow":["GET"]}}],"collection":[{"href":"https:\/\/noticiasveracruz.com\/index.php\/wp-json\/wp\/v2\/posts"}],"about":[{"href":"https:\/\/noticiasveracruz.com\/index.php\/wp-json\/wp\/v2\/types\/post"}],"author":[{"embeddable":true,"href":"https:\/\/noticiasveracruz.com\/index.php\/wp-json\/wp\/v2\/users\/4"}],"replies":[{"embeddable":true,"href":"https:\/\/noticiasveracruz.com\/index.php\/wp-json\/wp\/v2\/comments?post=6148"}],"version-history":[{"count":0,"href":"https:\/\/noticiasveracruz.com\/index.php\/wp-json\/wp\/v2\/posts\/6148\/revisions"}],"wp:featuredmedia":[{"embeddable":true,"href":"https:\/\/noticiasveracruz.com\/index.php\/wp-json\/wp\/v2\/media\/6149"}],"wp:attachment":[{"href":"https:\/\/noticiasveracruz.com\/index.php\/wp-json\/wp\/v2\/media?parent=6148"}],"wp:term":[{"taxonomy":"category","embeddable":true,"href":"https:\/\/noticiasveracruz.com\/index.php\/wp-json\/wp\/v2\/categories?post=6148"},{"taxonomy":"post_tag","embeddable":true,"href":"https:\/\/noticiasveracruz.com\/index.php\/wp-json\/wp\/v2\/tags?post=6148"}],"curies":[{"name":"wp","href":"https:\/\/api.w.org\/{rel}","templated":true}]}}