{"id":6132,"date":"2022-07-14T07:11:43","date_gmt":"2022-07-14T12:11:43","guid":{"rendered":"https:\/\/noticiasveracruz.com\/?p=6132"},"modified":"2022-07-14T07:13:55","modified_gmt":"2022-07-14T12:13:55","slug":"amlo-y-biden-superan-rumores","status":"publish","type":"post","link":"https:\/\/noticiasveracruz.com\/index.php\/2022\/07\/14\/amlo-y-biden-superan-rumores\/","title":{"rendered":"AMLO y Biden superan rumores"},"content":{"rendered":"<p>&nbsp;<\/p>\n<p class=\"p1\"><span style=\"font-size: 18pt;\"><b>Por \u00c1ngel \u00c1lvaro Pe\u00f1a<\/b><\/span><\/p>\n<p class=\"p1\"><span style=\"font-size: 14pt;\">La oposici\u00f3n en M\u00e9xico le apuesta a un juego que no sabe jugar y ese juego se llama pol\u00edtica. \u00c9sta es la parte esencial de la democracia, y lo saben quienes su vocaci\u00f3n los conduce a entenderlo y a practicarlo. Una vez m\u00e1s algunos de los m\u00e1s activos agentes de la oposici\u00f3n, en ambos lados de la frontera, se quedaron sin palabras, luego de la visita de L\u00f3pez Obrador a Joe Biden, porque son los mismos personajes que impulsan las quejas all\u00e1 contra el actual gobierno de aqu\u00ed, como si en el extranjero fueran a darles la raz\u00f3n.<\/span><\/p>\n<p class=\"p1\"><span style=\"font-size: 18pt;\"><strong>A pesar de sus intentos por desprestigiar la trascendencia del encuentro, lo acordado entre L\u00f3pez Obrador y Biden es de gran importancia no s\u00f3lo para ambos pa\u00edses o para el continente sino para el mundo, porque si las cr\u00edticas a la actual administraci\u00f3n p\u00fablica carec\u00edan de sustento ahora est\u00e1n m\u00e1s d\u00e9biles que nunca.<\/strong><\/span><\/p>\n<p><img loading=\"lazy\" decoding=\"async\" class=\"aligncenter wp-image-7694 size-large\" src=\"https:\/\/politicosaldesnudo.com.mx\/wp-content\/uploads\/2022\/07\/P-AMLO-BIDEN1-1024x573.png\" alt=\"\" width=\"800\" height=\"448\" \/><\/p>\n<p>&nbsp;<\/p>\n<p class=\"p1\"><span style=\"font-size: 18pt;\"><strong>Porque en muchos casos se fueron a quejar al vecino pa\u00eds del norte, de las medidas adoptadas por el gobierno de M\u00e9xico, sin saber que coinciden con las de Estados Unidos. Uno de los principales motivos de queja de la oposici\u00f3n que se asoma a la ventana del vecino es el \u00edndice de inflaci\u00f3n, situaci\u00f3n que quieren convertir en bandera para desacreditar a la 4T, M\u00e9xico tiene 7.5 por ciento de inflaci\u00f3n, y est\u00e1 controlada; Estados Unidos,\u00a0alcanz\u00f3 su nivel m\u00e1s alto en 40 a\u00f1os, por precios de la gasolina, los alimentos y productos b\u00e1sicos y tiene 8.6 por ciento y sigue creciendo.<\/strong><\/span><\/p>\n<p class=\"p1\"><span style=\"font-size: 14pt;\">Como los detractores del gobierno mexicano deben seguir criticando basaron sus puntos en nimiedades porque con el contenido simplemente no pudieron competir. Y de ah\u00ed que hayan dicho que fue hospedado en un hotel de tres estrellas, seg\u00fan algunos ex miembros de la Secretar\u00eda de Relaciones Exteriores que se autodenominan diplom\u00e1ticos. No todo el que labora en esa dependencia tiene esa carrera. O llegan al extremo de afirmar que si hubiera sido importante para Estados Unidos esa visita el hotel donde se hosped\u00f3 no estar\u00eda al lado de la casa que habitara, hace m\u00e1s de un siglo, el presidente de Estados Unidos, James Monroe, bajo cuyo mandato se firm\u00f3 el tratado de Guadalupe, donde se le otorg\u00f3 m\u00e1s de la mitad de nuestro territorio.<\/span><\/p>\n<p class=\"p1\"><span style=\"font-size: 14pt;\">Las bagatelas sobraron a la hora de descalificar la visita, ya que no pudieron crear el conflicto que la oposici\u00f3n deseaba desde que se contaron los votos a favor de Biden, a quien siguen viendo como un ser supremo con solo un 30 por ciento de aprobaci\u00f3n en Estados Unidos y un 64 por ciento de sus correligionarios en contra de su reelecci\u00f3n. As\u00ed, una vez m\u00e1s qued\u00f3 demostrado que mantiene una muy buena amistad con L\u00f3pez Obrador, y que a pesar de todo, sigue siendo el presidente del vecino del norte que tiene el mismo peso que el presidente del vecino del sur, aunque algunos quieran verlo como el monarca del planeta.<\/span><\/p>\n<p><img loading=\"lazy\" decoding=\"async\" class=\"aligncenter wp-image-7701 size-large\" src=\"https:\/\/politicosaldesnudo.com.mx\/wp-content\/uploads\/2022\/07\/P-AMLO-BIDEN6-1024x573.png\" alt=\"\" width=\"800\" height=\"448\" \/><\/p>\n<p>&nbsp;<\/p>\n<p class=\"p1\"><span style=\"font-size: 18pt;\"><strong>L\u00f3pez Obrador lleg\u00f3 con cinco propuestas depuradas para concretar en un solo encuentro los convenios correspondientes. No fue ni un acto de sumisi\u00f3n ni una imposici\u00f3n, simplemente la soluci\u00f3n a los problemas de ambos, porque como dijera Biden \u201cLo vital lo resolvemos juntos\u201d.<\/strong><\/span><\/p>\n<p>&nbsp;<\/p>\n<p class=\"p1\"><span style=\"font-size: 18pt;\"><strong>Los puntos fueron precisos:<\/strong><\/span><\/p>\n<p>&nbsp;<\/p>\n<ul>\n<li class=\"p1\"><span style=\"font-size: 18pt; color: #e42d33;\"><strong>Aumentar inventario y garantizar abasto de combustible<\/strong><\/span><\/li>\n<\/ul>\n<p>&nbsp;<\/p>\n<ul>\n<li class=\"p1\"><span style=\"font-size: 18pt; color: #e42d33;\"><strong>Compartir con EU mil kil\u00f3metros de gasoducto en la frontera<\/strong><\/span><\/li>\n<\/ul>\n<p>&nbsp;<\/p>\n<ul>\n<li class=\"p1\"><span style=\"font-size: 18pt; color: #e42d33;\"><strong>Eliminaci\u00f3n de aranceles<\/strong><\/span><\/li>\n<\/ul>\n<p>&nbsp;<\/p>\n<ul>\n<li class=\"p1\"><span style=\"font-size: 18pt; color: #e42d33;\"><strong>Plan de inversi\u00f3n p\u00fablica y privada<\/strong><\/span><\/li>\n<\/ul>\n<p>&nbsp;<\/p>\n<ul>\n<li class=\"p1\"><span style=\"font-size: 18pt; color: #e42d33;\"><strong>Ordenar flujo migratorio y facilitar visas de trabajo<\/strong><\/span><\/li>\n<\/ul>\n<p>&nbsp;<\/p>\n<p class=\"p1\"><span style=\"font-size: 14pt;\">Tan simple y al mismo tiempo complejo como para acordar un convenio entre ambos pa\u00edses. Los detalles se definir\u00e1n entre los colaboradores de ambos mandatarios, pero lo sustancial est\u00e1 acordado, lo cual les provoca hasta v\u00f3mito a quienes quieren ver una invasi\u00f3n militar en M\u00e9xico o una represi\u00f3n a los migrantes en la frontera.<\/span><\/p>\n<p class=\"p1\"><span style=\"font-size: 14pt;\">Terminar con algunos aranceles facilita el T-MEC y va m\u00e1s all\u00e1 porque se a\u00f1ade un comercio bilateral, que repercute en la econom\u00eda de los pa\u00edses en los que ambos mantienen intercambio comercial, y golpea la inflaci\u00f3n en sus balanzas financieras.<\/span><\/p>\n<p class=\"p1\"><span style=\"font-size: 18pt;\"><strong>Adem\u00e1s de suspender aranceles, se reducir\u00e1n los tr\u00e1mites burocr\u00e1ticos en el comercio de alimentos y bienes, con la finalidad de aminorar precios a los consumidores en ambas naciones. Por su parte, Biden, destac\u00f3 que la migraci\u00f3n ha llegado a niveles hist\u00f3ricos, y tanto Estados Unidos como M\u00e9xico, se han convertido en los destinos elegidos por los migrantes. A\u00f1adi\u00f3 que, el a\u00f1o pasado se rompi\u00f3 un r\u00e9cord en cuanto a la emisi\u00f3n de visas, con 300 mil, y se espera que en el futuro se duplique esta cantidad.<\/strong><\/span><\/p>\n<p class=\"p1\"><span style=\"font-size: 18pt;\"><strong>El Presidente mexicano\u00a0se comprometi\u00f3 a invertir\u00a0mil 500 millones de d\u00f3lares\u00a0en infraestructuras fronterizas entre 2022 y 2024.<\/strong><\/span><\/p>\n<p class=\"p1\"><span style=\"font-size: 14pt;\">Si este acuerdo no es hist\u00f3rico entonces no sabemos qu\u00e9 lo es. La vieja pol\u00edtica inclu\u00eda mucho espect\u00e1culo y pocos acuerdos. Hasta se visitaba el Congreso e intercambiaban vestuario y sombreros. Son tiempos de hacer pol\u00edtica y pol\u00edtica seria, por el bien de todos.<\/span><\/p>\n<p class=\"p1\"><span style=\"font-size: 14pt;\">El encuentro era una tarea pendiente entre amigos cuyas decisiones influyen en el mundo, aunque los contrarios de aqu\u00ed y de all\u00e1 no lo acepten.<\/span><\/p>\n<p>&nbsp;<\/p>\n<p class=\"p1\"><span style=\"font-size: 18pt;\"><b>PEGA Y CORRE<\/b><\/span><\/p>\n<p class=\"p1\"><span style=\"font-size: 14pt;\">El INE sali\u00f3 de la modorra y despert\u00f3 del largo sue\u00f1o silencioso, y convoc\u00f3 a partidos pol\u00edticos\u00a0a\u00a0postular a una mujer\u00a0para las\u00a0elecciones de 2023 en Coahuila y Estado de M\u00e9xico el 4 de junio\u2026 Esta columna se publica los lunes, mi\u00e9rcoles y viernes.<\/span><\/p>\n<p>&nbsp;<\/p>\n<p><span style=\"font-size: 18pt; color: #e42d33;\"><em><strong>**Las columnas firmadas en este medio son responsabilidad de quienes las firman**<\/strong><\/em><\/span><\/p>\n<p>&nbsp;<\/p>\n<p>&nbsp;<\/p>\n<p>&nbsp;<\/p>\n","protected":false},"excerpt":{"rendered":"<p>&nbsp; Por \u00c1ngel \u00c1lvaro Pe\u00f1a La oposici\u00f3n en M\u00e9xico le apuesta a un juego que no sabe jugar y ese<\/p>\n","protected":false},"author":4,"featured_media":3187,"comment_status":"closed","ping_status":"closed","sticky":false,"template":"","format":"standard","meta":{"colormag_page_container_layout":"default_layout","colormag_page_sidebar_layout":"default_layout","_jetpack_memberships_contains_paid_content":false,"footnotes":"","jetpack_publicize_message":"","jetpack_publicize_feature_enabled":true,"jetpack_social_post_already_shared":false,"jetpack_social_options":{"image_generator_settings":{"template":"highway","default_image_id":0,"font":"","enabled":false},"version":2}},"categories":[6],"tags":[352,65,92,109,19,31,418],"class_list":["post-6132","post","type-post","status-publish","format-standard","has-post-thumbnail","hentry","category-columnistas","tag-4t","tag-andres-manuel-lopez-obrador","tag-estados-unidos","tag-inflacion","tag-joe-biden","tag-mexico","tag-migracion"],"jetpack_publicize_connections":[],"jetpack_featured_media_url":"https:\/\/noticiasveracruz.com\/wp-content\/uploads\/2022\/04\/A\u0301NGEL-A\u0301LVARO-PEN\u0303A.png","jetpack_sharing_enabled":true,"publishpress_future_action":{"enabled":false,"date":"2026-05-09 05:11:07","action":"change-status","newStatus":"draft","terms":[],"taxonomy":"category","extraData":[]},"publishpress_future_workflow_manual_trigger":{"enabledWorkflows":[]},"_links":{"self":[{"href":"https:\/\/noticiasveracruz.com\/index.php\/wp-json\/wp\/v2\/posts\/6132","targetHints":{"allow":["GET"]}}],"collection":[{"href":"https:\/\/noticiasveracruz.com\/index.php\/wp-json\/wp\/v2\/posts"}],"about":[{"href":"https:\/\/noticiasveracruz.com\/index.php\/wp-json\/wp\/v2\/types\/post"}],"author":[{"embeddable":true,"href":"https:\/\/noticiasveracruz.com\/index.php\/wp-json\/wp\/v2\/users\/4"}],"replies":[{"embeddable":true,"href":"https:\/\/noticiasveracruz.com\/index.php\/wp-json\/wp\/v2\/comments?post=6132"}],"version-history":[{"count":0,"href":"https:\/\/noticiasveracruz.com\/index.php\/wp-json\/wp\/v2\/posts\/6132\/revisions"}],"wp:featuredmedia":[{"embeddable":true,"href":"https:\/\/noticiasveracruz.com\/index.php\/wp-json\/wp\/v2\/media\/3187"}],"wp:attachment":[{"href":"https:\/\/noticiasveracruz.com\/index.php\/wp-json\/wp\/v2\/media?parent=6132"}],"wp:term":[{"taxonomy":"category","embeddable":true,"href":"https:\/\/noticiasveracruz.com\/index.php\/wp-json\/wp\/v2\/categories?post=6132"},{"taxonomy":"post_tag","embeddable":true,"href":"https:\/\/noticiasveracruz.com\/index.php\/wp-json\/wp\/v2\/tags?post=6132"}],"curies":[{"name":"wp","href":"https:\/\/api.w.org\/{rel}","templated":true}]}}