{"id":61300,"date":"2025-07-28T01:12:41","date_gmt":"2025-07-28T07:12:41","guid":{"rendered":"https:\/\/noticiasveracruz.com\/?p=61300"},"modified":"2025-07-28T01:12:41","modified_gmt":"2025-07-28T07:12:41","slug":"desinteres-y-signos-ominosos-para-el-mundial","status":"publish","type":"post","link":"https:\/\/noticiasveracruz.com\/index.php\/2025\/07\/28\/desinteres-y-signos-ominosos-para-el-mundial\/","title":{"rendered":"Desinter\u00e9s y signos ominosos para el Mundial"},"content":{"rendered":"<p>Nada se compara a eventos similares anteriores.<\/p>\n<p>El \u00e1nimo popular para los Juegos Ol\u00edmpicos de 1968 y los campeonatos mundiales de 1970 y 1986 era de fiesta y se esperaban con ansia.<\/p>\n<p>Para los Juegos se inaugur\u00f3 una ruta de monumentos, se construyeron espacios para muchas disciplinas y hasta se levant\u00f3 la Villa Ol\u00edmpica, donde se alberg\u00f3 a los deportistas.<\/p>\n<p>Para el Mundial de 1970, con la Selecci\u00f3n Brasile\u00f1a como gran atractivo y\u00a0<strong>Edson Arantes do Nascimento<\/strong>,\u00a0<strong><em>Pel\u00e9<\/em><\/strong>, como gran estrella, M\u00e9xico era una fiesta m\u00e1s all\u00e1 de las ciudades sede.<\/p>\n<p>En el Mundial de 1986 -Argentina como triunfador sorpresa de\u00a0<strong><em>la mano de Dios<\/em><\/strong>\u00a0de\u00a0<strong>Diego Armando Maradona<\/strong>&#8211; hubo tambi\u00e9n plena entrega y grandes concentraciones en el \u00c1ngel de la Independencia tras los triunfos inesperados de la Selecci\u00f3n Mexicana y su entrenador\u00a0<strong>Bora Milutinovic<\/strong>.<\/p>\n<p>En el inter hubo otros sucesos como mundiales juveniles -Sub 20 a principios de los ochenta y Sub 17 en 2011, con M\u00e9xico como campe\u00f3n- tambi\u00e9n con gran inter\u00e9s y asistencia a los estadios.<\/p>\n<p><strong>AMAGOS DE TRUMP<\/strong><\/p>\n<p>Ahora no hay la misma predisposici\u00f3n.<\/p>\n<p>Influyen muchos fen\u00f3menos como la mercadotecnia, el alto precio de los boletos, el acaparamiento de los mismos y la excesiva comercializaci\u00f3n tanto en cuanto a movilidad como en los contratos televisivos de la FIFA.<\/p>\n<p>La salvaci\u00f3n para millones ser\u00e1n las transmisiones abiertas de\u00a0<strong><em>TelevisaUnivision<\/em><\/strong>.<\/p>\n<p>Para colmo, las sombras ominosas incluyen desde hechos violentos -ayer fue asesinado un empresario venezolano al llegar al Aeropuerto Internacional de la Ciudad de M\u00e9xico- y las amenazas de\u00a0<strong>Donald Trump<\/strong>.<\/p>\n<p>El magnate ha dispuesto el control de Estados Unidos de los vuelos internacionales bilaterales y, para desgracia de los aficionados, millones se ver\u00e1n impedidos de asistir a partidos en ese pa\u00eds y en Canad\u00e1.<\/p>\n<p>La Ciudad de M\u00e9xico, ha dicho la jefa de Gobierno\u00a0<strong>Clara Brugada<\/strong>, espera cinco millones y medio de visitantes aunque tal vez -leyes anti gentrificaci\u00f3n aparte- no haya suficiente infraestructura para recibirlos y hospedarlos.<\/p>\n<p><strong>Trump\u00a0<\/strong>cuestiona el uso del aeropuerto construido por\u00a0<strong>L\u00f3pez Obrador<\/strong>, el AIFA, y al exigir el regreso de slots quitados en el AICM al aerotransporte de carga su intransigencia pone en riesgo la herencia tur\u00edstica tras un evento mundial.<\/p>\n<p>A\u00fan as\u00ed, se espera una derrama superior a mil 800 millones de d\u00f3lares.<\/p>\n<p><strong>ENTRE AIFA Y AICM<\/strong><\/p>\n<p>Poco se ha dicho, pero Estados Unidos sigue con su monitoreo en otros aspectos de la aviaci\u00f3n comercial.<\/p>\n<p>Uno de ellos es la capacitaci\u00f3n de personal, porque advierte deficiencias tanto en la cantidad como en la calidad de personal altamente calificado, en especial los controladores a\u00e9reos.<\/p>\n<p>Si en 2021 rebaj\u00f3 la calificaci\u00f3n a M\u00e9xico y lo mand\u00f3 a categor\u00eda dos, nada garantiza nuevas acciones en ese sentido y sobre todo tras el incidente registrado el lunes, del cual dijo la presidenta\u00a0<strong>Claudia Sheinbaum:<\/strong><\/p>\n<p>\u201cAfortunadamente no pas\u00f3 a mayores\u201d con un avi\u00f3n de\u00a0<strong><em>Delta<\/em><\/strong>\u00a0y otro de\u00a0<strong><em>Aerom\u00e9xico<\/em>\u00a0<\/strong>en el Aeropuerto Benito Ju\u00e1rez, \u201cy se est\u00e1n tomando las medidas, primero para saber exactamente qu\u00e9 ocurri\u00f3 (\u2026) y segundo para que no vuelva a ocurrir\u201d.<\/p>\n<p>Ante la falta de controladores, se capacita con urgencia a nuevas generaciones, pero con cursos cortos: se les quiere mandar a servicio con seis meses de instrucci\u00f3n, pero las normas internacionales recomiendan por lo menos tres a\u00f1os.<\/p>\n<p><img loading=\"lazy\" decoding=\"async\" class=\"alignnone wp-image-61301 size-full\" src=\"http:\/\/noticiasveracruz.com\/wp-content\/uploads\/2025\/07\/FIRMA-EDITORIAL-PD-7.jpg\" alt=\"\" width=\"1024\" height=\"125\" srcset=\"https:\/\/noticiasveracruz.com\/wp-content\/uploads\/2025\/07\/FIRMA-EDITORIAL-PD-7.jpg 1024w, https:\/\/noticiasveracruz.com\/wp-content\/uploads\/2025\/07\/FIRMA-EDITORIAL-PD-7-300x37.jpg 300w, https:\/\/noticiasveracruz.com\/wp-content\/uploads\/2025\/07\/FIRMA-EDITORIAL-PD-7-768x94.jpg 768w\" sizes=\"auto, (max-width: 1024px) 100vw, 1024px\" \/><\/p>\n","protected":false},"excerpt":{"rendered":"<p>Nada se compara a eventos similares anteriores. El \u00e1nimo popular para los Juegos Ol\u00edmpicos de 1968 y los campeonatos mundiales de 1970 y 1986 era de fiesta y se esperaban con ansia. Para los Juegos se inaugur\u00f3 una ruta de monumentos, se construyeron espacios para muchas disciplinas y hasta se levant\u00f3 la Villa Ol\u00edmpica, donde [&hellip;]<\/p>\n","protected":false},"author":4,"featured_media":28549,"comment_status":"closed","ping_status":"closed","sticky":false,"template":"","format":"standard","meta":{"_jetpack_newsletter_access":"","_jetpack_dont_email_post_to_subs":false,"_jetpack_newsletter_tier_id":0,"_jetpack_memberships_contains_paywalled_content":false,"_jetpack_feature_clip_id":0,"_jetpack_memberships_contains_paid_content":false,"footnotes":"","jetpack_publicize_message":"","jetpack_publicize_feature_enabled":true,"jetpack_social_post_already_shared":true,"jetpack_social_options":{"image_generator_settings":{"template":"highway","default_image_id":0,"font":"","enabled":false},"version":2},"jetpack_post_was_ever_published":false},"categories":[6],"tags":[],"class_list":["post-61300","post","type-post","status-publish","format-standard","has-post-thumbnail","hentry","category-columnistas"],"jetpack_publicize_connections":[],"jetpack_sharing_enabled":true,"publishpress_future_action":{"enabled":false,"date":"2026-09-07 08:16:35","action":"change-status","newStatus":"draft","terms":[],"taxonomy":"category","extraData":[]},"publishpress_future_workflow_manual_trigger":{"enabledWorkflows":[]},"jetpack_featured_media_url":"https:\/\/noticiasveracruz.com\/wp-content\/uploads\/2024\/04\/BANNER-JOSE-URENA-NV.jpg","_links":{"self":[{"href":"https:\/\/noticiasveracruz.com\/index.php\/wp-json\/wp\/v2\/posts\/61300","targetHints":{"allow":["GET"]}}],"collection":[{"href":"https:\/\/noticiasveracruz.com\/index.php\/wp-json\/wp\/v2\/posts"}],"about":[{"href":"https:\/\/noticiasveracruz.com\/index.php\/wp-json\/wp\/v2\/types\/post"}],"author":[{"embeddable":true,"href":"https:\/\/noticiasveracruz.com\/index.php\/wp-json\/wp\/v2\/users\/4"}],"replies":[{"embeddable":true,"href":"https:\/\/noticiasveracruz.com\/index.php\/wp-json\/wp\/v2\/comments?post=61300"}],"version-history":[{"count":0,"href":"https:\/\/noticiasveracruz.com\/index.php\/wp-json\/wp\/v2\/posts\/61300\/revisions"}],"wp:featuredmedia":[{"embeddable":true,"href":"https:\/\/noticiasveracruz.com\/index.php\/wp-json\/wp\/v2\/media\/28549"}],"wp:attachment":[{"href":"https:\/\/noticiasveracruz.com\/index.php\/wp-json\/wp\/v2\/media?parent=61300"}],"wp:term":[{"taxonomy":"category","embeddable":true,"href":"https:\/\/noticiasveracruz.com\/index.php\/wp-json\/wp\/v2\/categories?post=61300"},{"taxonomy":"post_tag","embeddable":true,"href":"https:\/\/noticiasveracruz.com\/index.php\/wp-json\/wp\/v2\/tags?post=61300"}],"curies":[{"name":"wp","href":"https:\/\/api.w.org\/{rel}","templated":true}]}}