{"id":6113,"date":"2022-07-12T08:16:01","date_gmt":"2022-07-12T13:16:01","guid":{"rendered":"https:\/\/noticiasveracruz.com\/?p=6113"},"modified":"2022-07-12T08:18:48","modified_gmt":"2022-07-12T13:18:48","slug":"anuncia-bolsonaro-comprar-diesel-a-rusia","status":"publish","type":"post","link":"https:\/\/noticiasveracruz.com\/index.php\/2022\/07\/12\/anuncia-bolsonaro-comprar-diesel-a-rusia\/","title":{"rendered":"Por barato y disponible, anuncia Bolsonaro comprar di\u00e9sel a Rusia\u00a0"},"content":{"rendered":"<p>&nbsp;<\/p>\n<p class=\"p1\"><span style=\"font-size: 14pt;\"><em><strong>R\u00cdO DE JANEIRO, Brasil.<\/strong> <\/em>El presidente brasile\u00f1o, <strong>Jair Bolsonaro<\/strong>, anunci\u00f3 el principio de un acuerdo para <strong>comprar di\u00e9sel procedente de Rusia<\/strong>, que seg\u00fan dijo ser\u00eda m\u00e1s barato que el que est\u00e1 disponible en estos momentos en Brasil.<\/span><\/p>\n<blockquote>\n<p class=\"p1\"><span style=\"font-size: 14pt;\">Cuando fui a Rusia consegu\u00ed fertilizantes para el agronegocio y ahora est\u00e1 casi cerrado para comprar di\u00e9sel mucho m\u00e1s barato de Rusia, donde Petrobras, algunos, compraban m\u00e1s caro\u201d<\/span><\/p>\n<\/blockquote>\n<p class=\"p1\"><span style=\"font-size: 18pt;\"><strong>Hace dos semanas, Jair Bolsonaro ya habl\u00f3 de esa posibilidad y asegur\u00f3 que el tema hab\u00eda sido debatido en una conversaci\u00f3n con el presidente ruso, Vlad\u00edmir Putin.<\/strong><\/span><\/p>\n<p><img loading=\"lazy\" decoding=\"async\" class=\"aligncenter wp-image-7677 size-large\" src=\"https:\/\/politicosaldesnudo.com.mx\/wp-content\/uploads\/2022\/07\/P-GASOLINA-BRASIL2-1024x573.png\" alt=\"\" width=\"800\" height=\"448\" \/><\/p>\n<p>&nbsp;<\/p>\n<p class=\"p1\"><span style=\"font-size: 14pt;\">Tras la conversaci\u00f3n con sus seguidores, Bolsonaro volvi\u00f3 a referirse a las negociaciones con Rusia ante la prensa y cit\u00f3 un plazo de entrega de dos meses.<\/span><\/p>\n<blockquote>\n<p class=\"p1\"><span style=\"font-size: 14pt;\">Est\u00e1 cerrado, en 60 d\u00edas [el di\u00e9sel] puede empezar a llegar aqu\u00ed, ya existe esa posibilidad, Rusia contin\u00faa haciendo negocios con todo el mundo, parece que las sanciones econ\u00f3micas no funcionaron\u201d<\/span><\/p>\n<\/blockquote>\n<p class=\"p1\"><span style=\"font-size: 18pt;\"><strong>Jair Bolsonaro dijo que Brasil importa casi el 30% del di\u00e9sel que consume y que ahora hay que importar de quien est\u00e1 vendiendo m\u00e1s barato, \u201cno importa de qui\u00e9n\u201d.<\/strong><\/span><\/p>\n<p class=\"p1\"><span style=\"font-size: 18pt;\"><strong>El aumento del precio de los combustibles y su efecto en el conjunto de la inflaci\u00f3n de todos los bienes de consumo es uno de los problemas centrales de la econom\u00eda brasile\u00f1a en estos momentos.<\/strong><\/span><\/p>\n<p class=\"p1\"><span style=\"font-size: 14pt;\">Adem\u00e1s, tambi\u00e9n supone un importante factor de desgaste para la popularidad del Gobierno, cuando faltan tres meses para las elecciones presidenciales.<\/span><\/p>\n<p>&nbsp;<\/p>\n<p>&nbsp;<\/p>\n","protected":false},"excerpt":{"rendered":"<p>&nbsp; R\u00cdO DE JANEIRO, Brasil. El presidente brasile\u00f1o, Jair Bolsonaro, anunci\u00f3 el principio de un acuerdo para comprar di\u00e9sel procedente<\/p>\n","protected":false},"author":4,"featured_media":6114,"comment_status":"closed","ping_status":"closed","sticky":false,"template":"","format":"standard","meta":{"colormag_page_container_layout":"default_layout","colormag_page_sidebar_layout":"default_layout","_jetpack_memberships_contains_paid_content":false,"footnotes":"","jetpack_publicize_message":"","jetpack_publicize_feature_enabled":true,"jetpack_social_post_already_shared":false,"jetpack_social_options":{"image_generator_settings":{"template":"highway","default_image_id":0,"font":"","enabled":false},"version":2}},"categories":[355],"tags":[253,122,252,13,14],"class_list":["post-6113","post","type-post","status-publish","format-standard","has-post-thumbnail","hentry","category-internacional","tag-brasil","tag-diesel","tag-jair-bolsonaro","tag-rusia","tag-vladimir-putin"],"jetpack_publicize_connections":[],"jetpack_featured_media_url":"https:\/\/noticiasveracruz.com\/wp-content\/uploads\/2022\/07\/P-GASOLINA-BRASIL1.png","jetpack_sharing_enabled":true,"publishpress_future_action":{"enabled":false,"date":"2026-05-06 13:00:25","action":"change-status","newStatus":"draft","terms":[],"taxonomy":"category","extraData":[]},"publishpress_future_workflow_manual_trigger":{"enabledWorkflows":[]},"_links":{"self":[{"href":"https:\/\/noticiasveracruz.com\/index.php\/wp-json\/wp\/v2\/posts\/6113","targetHints":{"allow":["GET"]}}],"collection":[{"href":"https:\/\/noticiasveracruz.com\/index.php\/wp-json\/wp\/v2\/posts"}],"about":[{"href":"https:\/\/noticiasveracruz.com\/index.php\/wp-json\/wp\/v2\/types\/post"}],"author":[{"embeddable":true,"href":"https:\/\/noticiasveracruz.com\/index.php\/wp-json\/wp\/v2\/users\/4"}],"replies":[{"embeddable":true,"href":"https:\/\/noticiasveracruz.com\/index.php\/wp-json\/wp\/v2\/comments?post=6113"}],"version-history":[{"count":0,"href":"https:\/\/noticiasveracruz.com\/index.php\/wp-json\/wp\/v2\/posts\/6113\/revisions"}],"wp:featuredmedia":[{"embeddable":true,"href":"https:\/\/noticiasveracruz.com\/index.php\/wp-json\/wp\/v2\/media\/6114"}],"wp:attachment":[{"href":"https:\/\/noticiasveracruz.com\/index.php\/wp-json\/wp\/v2\/media?parent=6113"}],"wp:term":[{"taxonomy":"category","embeddable":true,"href":"https:\/\/noticiasveracruz.com\/index.php\/wp-json\/wp\/v2\/categories?post=6113"},{"taxonomy":"post_tag","embeddable":true,"href":"https:\/\/noticiasveracruz.com\/index.php\/wp-json\/wp\/v2\/tags?post=6113"}],"curies":[{"name":"wp","href":"https:\/\/api.w.org\/{rel}","templated":true}]}}