{"id":6057,"date":"2022-07-11T00:00:54","date_gmt":"2022-07-11T05:00:54","guid":{"rendered":"https:\/\/noticiasveracruz.com\/?p=6057"},"modified":"2022-07-11T02:31:26","modified_gmt":"2022-07-11T07:31:26","slug":"recibe-doctorado-claudia-guerrero","status":"publish","type":"post","link":"https:\/\/noticiasveracruz.com\/index.php\/2022\/07\/11\/recibe-doctorado-claudia-guerrero\/","title":{"rendered":"Recibe doctorado Claudia Guerrero"},"content":{"rendered":"<p>&nbsp;<\/p>\n<p class=\"p1\"><span style=\"font-size: 18pt;\"><b>&lt;&lt; La periodista xalape\u00f1a concluye exitosamente sus estudios de doctorado en Ciencia Pol\u00edtica en el Colegio de Veracruz &gt;&gt;<\/b><\/span><\/p>\n<p>&nbsp;<\/p>\n<p class=\"p1\"><span style=\"font-size: 18pt;\"><b>Por \u00c1ngel \u00c1lvaro Pe\u00f1a<\/b><\/span><\/p>\n<p class=\"p1\"><span style=\"font-size: 14pt;\">Una mujer lucha contra la adversidad desde que nace. La supremac\u00eda del hombre no termina a pesar de luchas incansables y leyes redactadas una sobre otra. As\u00ed, desde las primeras letras las mujeres que fertilizan los r\u00edos de tinta con su responsabilidad social, tambi\u00e9n es incansable y todo su trabajo puede ponderarse como resultado de un esfuerzo adicional.<\/span><\/p>\n<p class=\"p1\"><span style=\"font-size: 14pt;\">Ser comunicadora es un riesgo en M\u00e9xico, m\u00e1s a\u00fan en Veracruz y todav\u00eda mayor el reto se presenta por ser mujer, ante un permanente criterio de discriminaci\u00f3n que envuelve al poder desde hace mucho tiempo y seguramente el poder ser\u00e1 la \u00faltima instancia de la sociedad donde desaparezca, porque al tener el monopolio de la violencia, \u00e9sta se ejerce contra quienes considera diferentes, contra quienes no comulgan en ideas, contra los contrincantes que al reconocer los convierte en enemigos,<\/span><\/p>\n<p class=\"p1\"><span style=\"font-size: 14pt;\">As\u00ed nacen, crecen y se desarrollan las periodistas en Veracruz y el pa\u00eds, superando retos todos los d\u00edas, hasta en sue\u00f1os libran batallas y en su andar en busca de la verdad a veces se encuentra la muerte, que siempre acecha.<\/span><\/p>\n<p class=\"p1\"><span style=\"font-size: 14pt;\">Claudia Guerrero libra batallas hasta por el hecho de anunciar la conclusi\u00f3n de su doctorado en Ciencia Pol\u00edtica en el Colegio de Veracruz, un esfuerzo adicional que castiga el tiempo de esparcimiento, de descanso, de los afectos y desafectos de las personas cercanas y lejanas. Porque estudiar es tambi\u00e9n un doble reto para las mujeres que deben tener las responsabilidades que les son propias y las que intentan concretar para asegurar un futuro m\u00e1s amplio. Para estudiar un doctorado se requiere dormir menos, pero so\u00f1ar m\u00e1s.<\/span><\/p>\n<p>&nbsp;<\/p>\n<p><img loading=\"lazy\" decoding=\"async\" class=\"aligncenter wp-image-7605 size-large\" src=\"https:\/\/politicosaldesnudo.com.mx\/wp-content\/uploads\/2022\/07\/292869336_464296902365330_375282957676257966_n-1024x768.jpg\" alt=\"\" width=\"800\" height=\"600\" \/><\/p>\n<p>&nbsp;<\/p>\n<p class=\"p1\"><span style=\"font-size: 14pt;\">Llegar al doctorado es ver el horizonte desde una perspectiva m\u00e1s alta, la realidad m\u00e1s profundamente y la verdad como un regalo que de tan valioso debe compartirse, aunque lastime o hiera.<\/span><\/p>\n<p class=\"p1\"><span style=\"font-size: 14pt;\">En la ceremonia de clausura del Doctorado en Ciencia Pol\u00edtica, realizada el 9 de julio de 2022, se festejaron los logros acad\u00e9micos y los esfuerzos sumados de los estudiantes.<\/span><\/p>\n<p class=\"p1\"><span style=\"font-size: 14pt;\">Pero cuando se defiende la verdad, se investiga la mentira, se descubren las m\u00e1scaras, se se\u00f1ala el doble discurso, cualquier espacio es un campo de batalla. As\u00ed, al momento en que Claudia Guerrero lo difundi\u00f3, en su cuenta de redes sociales alguien se tom\u00f3 la molestia y el tiempo de bajar la foto alusiva y los comentarios que como cuentas de un collar, sumaban una cadena de elogios, siempre merecidos.<\/span><\/p>\n<p class=\"p1\"><span style=\"font-size: 14pt;\">Como una labor que no por repetitiva muestra desesperaci\u00f3n o cansancio se volvi\u00f3 a subir, y los comentarios se renovaron, se multiplicaron y la mano que desde la oscuridad de las sombras del poder intent\u00f3 ocultar un hecho s\u00f3lo le dio brillo.<\/span><\/p>\n<p class=\"p1\"><span style=\"font-size: 14pt;\">Claudia Guerrero, tiene un largo camino de lucha, porque en su andar cada tarea es una batalla y cuando ve un problema suele encontrar contrincantes, a quienes sin importar su tama\u00f1o enfrenta con la palabra, esa que hace libres a los hombres y a las mujeres.<\/span><\/p>\n<p class=\"p1\"><span style=\"font-size: 14pt;\">Claudia es Directora General de Peri\u00f3dico Veraz y Claudia Guerrero.mx. Adem\u00e1s, tiene el t\u00edtulo de licenciada en Comunicaci\u00f3n en Unimex, Veracruz y estudi\u00f3 una Maestr\u00eda en Periodismo por la Universidad Veracruzana. Es columnista en m\u00e1s de 60 medios electr\u00f3nicos y peri\u00f3dicos impresos como Notiver, Gobernantes, Plumas Libres, La Opini\u00f3n de Poza Rica, Libertad Bajo Palabra, entre otros.<\/span><\/p>\n<p class=\"p1\"><span style=\"font-size: 14pt;\">Ha sido reconocida con el Premio Estatal de Periodismo 2013; el Premio Estatal de Periodismo 2014, por el programa C\u00edrculo Rojo del Periodismo Veracruzano, del cual, es Directora y Productora General y el 16 marzo de 2016, obtuvo el Premio Nacional de Periodismo 2015, por la investigaci\u00f3n period\u00edstica sobre el caso de desv\u00edos de recursos en la Secretar\u00eda de Salud de Veracruz, todos otorgados por el Club de Periodistas de M\u00e9xico A.C.<\/span><\/p>\n<p class=\"p1\"><span style=\"font-size: 14pt;\">Adem\u00e1s, realiz\u00f3 un curso de Fotoperiodismo en La Habana, Cuba, en el Instituto Jos\u00e9 Mart\u00ed, ha tomado cursos de Derechos Humanos, periodismo de investigaci\u00f3n, Medio Ambiente, entre otros, impartidos por la Universidad Veracruzana.<\/span><\/p>\n<p class=\"p1\"><span style=\"font-size: 14pt;\">A causa de las reiteradas amenazas y an\u00f3nimos que ponen en riesgo su integridad y la de su familia, se integr\u00f3 al programa de protecci\u00f3n federal para periodistas, en el Mecanismo de Protecci\u00f3n, perteneciente a la Secretar\u00eda de Gobernaci\u00f3n y la Feadle, as\u00ed como a la FGR, contando con el protocolo para protecci\u00f3n del Gobierno Federal desde hace siete a\u00f1os.<\/span><\/p>\n<p class=\"p1\"><span style=\"font-size: 14pt;\">Es autora de la columna Entre lo ut\u00f3pico y lo verdadero, publicada en cuatro estados, Tamaulipas, Veracruz, Oaxaca y Puebla, con amplia presencia en redes sociales, como Facebook, con su Fanpage Claudia Guerrero Mart\u00ednez, Twitter @cguerreromtz y YouTube con C\u00edrculo RojoTV, con los programas Arena Pol\u00edtica, sobre temas electorales y pol\u00edticos y C\u00edrculo Rojo del Periodismo Veracruzano, sobre t\u00f3picos period\u00edsticos, pol\u00edticos y sociales, transmitido por Internet.<\/span><\/p>\n<p class=\"p1\"><span style=\"font-size: 14pt;\">Recientemente ha participado en el Documental Guerreras de la Libertad en TVAzteca, ADN40, donde es entrevistada sobre las caracter\u00edsticas de su trabajo period\u00edstico y su manera de realizar reportajes profundos en favor de las mujeres en estados vulnerables.<\/span><\/p>\n<p class=\"p1\"><span style=\"font-size: 14pt;\">Tambi\u00e9n ha escrito libros con la profundidad con la que realiza sus trabajaos period\u00edsticos y la severidad de la investigaci\u00f3n profesional, como es el caso de \u201cS\u00ed merezco abundancia\u201d, en coautor\u00eda con Isabel Arvide, donde dan cuenta de la barbarie de impunidad y corrupci\u00f3n que se vuelve una cadena interminable de injusticias y delitos dentro de la administraci\u00f3n p\u00fablica, que como met\u00e1fora de la realidad, se centra en la pr\u00e1ctica deshonesta del ex gobernador Javier Duarte y su esposa.<\/span><\/p>\n<p class=\"p1\"><span style=\"font-size: 14pt;\">S\u00ed merezco abundancia son, \u201c\u2026\u00a0las cr\u00f3nicas de la corrupci\u00f3n que laceraron al pueblo veracruzano pero tambi\u00e9n est\u00e1n las historias de otras \u201cprimeras damas\u201d que, bajo el cobijo de la impunidad, desviaron recursos del erario para acumular fortunas descomunales en sus peque\u00f1os reinos, que evidencian la descomposici\u00f3n y podredumbre de un M\u00e9xico necesitado de cambios dr\u00e1sticos\u201d.<\/span><\/p>\n<p class=\"p1\"><span style=\"font-size: 14pt;\">El trabajo de Claudia Guerrero es una batalla de una guerrera que pelea por gritar la verdad, por darle voz a quienes no la tienen, por la verdad y la palabra que en todas sus variantes es la misma palabra, libertad.<\/span><\/p>\n<p>&nbsp;<\/p>\n<p>&nbsp;<\/p>\n<p>&nbsp;<\/p>\n<p>&nbsp;<\/p>\n","protected":false},"excerpt":{"rendered":"<p>&nbsp; &lt;&lt; La periodista xalape\u00f1a concluye exitosamente sus estudios de doctorado en Ciencia Pol\u00edtica en el Colegio de Veracruz &gt;&gt;<\/p>\n","protected":false},"author":4,"featured_media":6058,"comment_status":"closed","ping_status":"closed","sticky":false,"template":"","format":"standard","meta":{"colormag_page_container_layout":"default_layout","colormag_page_sidebar_layout":"default_layout","_jetpack_memberships_contains_paid_content":false,"footnotes":"","jetpack_publicize_message":"","jetpack_publicize_feature_enabled":true,"jetpack_social_post_already_shared":false,"jetpack_social_options":{"image_generator_settings":{"template":"highway","default_image_id":0,"font":"","enabled":false},"version":2}},"categories":[356],"tags":[],"class_list":["post-6057","post","type-post","status-publish","format-standard","has-post-thumbnail","hentry","category-veracruz"],"jetpack_publicize_connections":[],"jetpack_featured_media_url":"https:\/\/noticiasveracruz.com\/wp-content\/uploads\/2022\/07\/P-CLAUDIA.png","jetpack_sharing_enabled":true,"publishpress_future_action":{"enabled":false,"date":"2026-05-05 20:53:22","action":"change-status","newStatus":"draft","terms":[],"taxonomy":"category","extraData":[]},"publishpress_future_workflow_manual_trigger":{"enabledWorkflows":[]},"_links":{"self":[{"href":"https:\/\/noticiasveracruz.com\/index.php\/wp-json\/wp\/v2\/posts\/6057","targetHints":{"allow":["GET"]}}],"collection":[{"href":"https:\/\/noticiasveracruz.com\/index.php\/wp-json\/wp\/v2\/posts"}],"about":[{"href":"https:\/\/noticiasveracruz.com\/index.php\/wp-json\/wp\/v2\/types\/post"}],"author":[{"embeddable":true,"href":"https:\/\/noticiasveracruz.com\/index.php\/wp-json\/wp\/v2\/users\/4"}],"replies":[{"embeddable":true,"href":"https:\/\/noticiasveracruz.com\/index.php\/wp-json\/wp\/v2\/comments?post=6057"}],"version-history":[{"count":0,"href":"https:\/\/noticiasveracruz.com\/index.php\/wp-json\/wp\/v2\/posts\/6057\/revisions"}],"wp:featuredmedia":[{"embeddable":true,"href":"https:\/\/noticiasveracruz.com\/index.php\/wp-json\/wp\/v2\/media\/6058"}],"wp:attachment":[{"href":"https:\/\/noticiasveracruz.com\/index.php\/wp-json\/wp\/v2\/media?parent=6057"}],"wp:term":[{"taxonomy":"category","embeddable":true,"href":"https:\/\/noticiasveracruz.com\/index.php\/wp-json\/wp\/v2\/categories?post=6057"},{"taxonomy":"post_tag","embeddable":true,"href":"https:\/\/noticiasveracruz.com\/index.php\/wp-json\/wp\/v2\/tags?post=6057"}],"curies":[{"name":"wp","href":"https:\/\/api.w.org\/{rel}","templated":true}]}}