{"id":6050,"date":"2022-07-11T02:08:51","date_gmt":"2022-07-11T07:08:51","guid":{"rendered":"https:\/\/noticiasveracruz.com\/?p=6050"},"modified":"2022-07-11T16:21:33","modified_gmt":"2022-07-11T21:21:33","slug":"echeverria-surgimiento-de-los-carteles","status":"publish","type":"post","link":"https:\/\/noticiasveracruz.com\/index.php\/2022\/07\/11\/echeverria-surgimiento-de-los-carteles\/","title":{"rendered":"Echeverr\u00eda, surgimiento de los c\u00e1rteles"},"content":{"rendered":"<p>&nbsp;<\/p>\n<p class=\"p1\"><span style=\"font-size: 18pt;\"><b>Por Jos\u00e9 Garc\u00eda S\u00e1nchez<\/b><\/span><\/p>\n<p class=\"p1\"><span style=\"font-size: 14pt;\"><strong>Si el cu\u00f1ado del Presidente de la Rep\u00fablica tuviera un cu\u00f1ado narcotraficante las pla\u00f1ideras panistas en el Senado ya hubieran mandado a elaborar una c\u00e1rcel de Lego y la hubieran exhibido en el pleno.<\/strong> De hecho, la oposici\u00f3n hace un par de a\u00f1os afirmaba que el abuelo de su actual esposa pertenec\u00eda a las fuerzas armadas de Birler durante la segunda Guerra Mundial, situaci\u00f3n que luego de reiterados desmentidos dej\u00f3 de difundirse.<\/span><\/p>\n<p class=\"p1\"><span style=\"font-size: 18pt;\"><strong>Ser\u00eda muy sano para la historia de M\u00e9xico que ahora que muri\u00f3 Echeverr\u00eda se diera a conocer el impulso que desde Jalisco se otorg\u00f3 al narcotr\u00e1fico y la verdadera responsabilidad del hermano de la ex primera dama Esther Zuno, en la actual situaci\u00f3n del narcotr\u00e1fico.<\/strong><\/span><\/p>\n<p>&nbsp;<\/p>\n<p class=\"p1\"><span style=\"font-size: 18pt; color: #e42d33;\"><b>EL CU\u00d1ADO <\/b><\/span><\/p>\n<p class=\"p1\"><span style=\"font-size: 18pt;\"><strong>A Rub\u00e9n Zuno se le responsabiliz\u00f3 en 1978 del asesinato de dos agentes de la Polic\u00eda Judicial Federal, sin embargo, fue absuelto por el juez que llev\u00f3 el caso. Era hijo de Jos\u00e9 Guadalupe Zuno, ex gobernador de Jalisco, cuando el Partido Nacional Revolucionario todav\u00eda no era bautizado, entre 1923 y 1926.<\/strong><\/span><\/p>\n<p><img loading=\"lazy\" decoding=\"async\" class=\"aligncenter wp-image-7595 size-large\" src=\"https:\/\/politicosaldesnudo.com.mx\/wp-content\/uploads\/2022\/07\/P-ZUNO1-1024x573.png\" alt=\"\" width=\"800\" height=\"448\" \/><\/p>\n<p>&nbsp;<\/p>\n<p class=\"p1\"><span style=\"font-size: 14pt;\">Cuando Luis Echeverr\u00eda fue presidente de M\u00e9xico, Rub\u00e9n se convirti\u00f3\u00a0en vocal ejecutivo de la Comisi\u00f3n Promotora Conasupo, todo el sexenio. Asegura el l\u00edder ca\u00f1ero Jes\u00fas Gonz\u00e1lez Gort\u00e1zar\u00a0las avionetas de la dependencia se habr\u00edan utilizado para el\u00a0tr\u00e1fico de mariguana. Situaci\u00f3n que todos sab\u00edan menos el hombre que debi\u00f3 sr el mejor informado del pa\u00eds, es decir, su cu\u00f1ado.<\/span><\/p>\n<p class=\"p1\"><span style=\"font-size: 18pt;\"><strong>Surge entonces en Estados Unidos la\u00a0Operaci\u00f3n Intercepci\u00f3n,\u00a0medida anti-drogas anunciada por el presidente\u00a0Richard Nixon\u00a0a las 2:30 p. m. el domingo 21 de septiembre de 1969, cuando Echeverr\u00eda era secretario de Gobernaci\u00f3n, como resultado de una parada en la frontera entre M\u00e9xico y los Estados Unidos. La iniciativa ten\u00eda por objeto reducir, reducir no erradicar, la entrada desde M\u00e9xico de\u00a0marihuana\u00a0a los Estados Unidos en un momento en que se le consideraba que era la temporada de su primera cosecha.<\/strong><\/span><\/p>\n<p>&nbsp;<\/p>\n<p><span style=\"font-size: 18pt; color: #e42d33;\"><b>KIKI CAMARENA<\/b><\/span><\/p>\n<p class=\"p1\"><span style=\"font-size: 18pt;\"><strong>Rub\u00e9n Zuno fue detenido, en Texas, en 1989 y recibi\u00f3 condena en Estados Unidos por su colaboraci\u00f3n en el homicidio del agente de la DEA,\u00a0Kiki Camarena,\u00a0porque la casa donde fue torturado y asesinado era de su propiedad. En su juicio tambi\u00e9n se le vincul\u00f3 con los narcotraficantes\u00a0Rafael Caro Quintero, Miguel \u00c1ngel Gallardo F\u00e9lix y Ernesto Fonseca.<\/strong><\/span><\/p>\n<p>&nbsp;<\/p>\n<p><img loading=\"lazy\" decoding=\"async\" class=\"aligncenter wp-image-7596 size-large\" src=\"https:\/\/politicosaldesnudo.com.mx\/wp-content\/uploads\/2022\/07\/P-ZUNO2-1024x573.png\" alt=\"\" width=\"800\" height=\"448\" \/><\/p>\n<p>&nbsp;<\/p>\n<p class=\"p1\"><span style=\"font-size: 18pt;\"><strong>Zuno Arce muri\u00f3 a los 82 a\u00f1os en una prisi\u00f3n estadounidense a consecuencia de un c\u00e1ncer que padec\u00eda. Una vez que Ruth Zuno tuvo en sus manos las cenizas de su padre, aproximadamente a los dos meses de su fallecimiento, las llev\u00f3 a la CNC, en Jalisco, pilar campesino del tricolor, para que le rindieran un homenaje, donde la clase pol\u00edtica se present\u00f3. En el acto el delegado estatal del PRI, Francisco Morales Aceves.<\/strong><\/span><\/p>\n<p class=\"p1\"><span style=\"font-size: 14pt;\">En los a\u00f1os 70, M\u00e9xico fue obligado a ser parte de la\u00a0Operaci\u00f3n C\u00f3ndor, desarrollada entre 1975 y 1978, para luchar contra el cultivo de\u00a0opio\u00a0y marihuana en el \u00abTri\u00e1ngulo Dorado\u00bb, en\u00a0Sinaloa. La operaci\u00f3n, comandada por el general de paracaidistas que tiene un papel destacado la tarde del 2 de octubre de 1968,\u00a0Jos\u00e9 Hern\u00e1ndez Toledo, fue un fracaso porque no hubo capturas importantes.<\/span><\/p>\n<p class=\"p1\"><span style=\"font-size: 14pt;\">El 1 de julio de\u00a01973, se crea la DEA, bajo la presidencia de\u00a0Richard Nixon. Dicho plan propon\u00eda la creaci\u00f3n de una \u00fanica agencia federal que asumiera las\u00a0competencias\u00a0federales en materia de\u00a0drogas\u00a0as\u00ed como para consolidar y coordinar las actividades gubernamentales en el control de drogas.<\/span><\/p>\n<p class=\"p1\"><span style=\"font-size: 18pt;\"><strong>Hay investigaciones congeladas, declaraciones estancadas, confesiones escondidas. Entendiendo lo que sucedi\u00f3 respecto al narcotr\u00e1fico a finales de los 60 y a principios de los setenta, aclarar\u00eda mucho lo que hoy sucede y contribuir\u00eda, de enorme manera a atacar, en serio al narcotr\u00e1fico.<\/strong><\/span><\/p>\n<p>&nbsp;<\/p>\n<p>&nbsp;<\/p>\n<p><strong><span style=\"font-size: 18pt;\">Twitter: <a href=\"https:\/\/twitter.com\/Josangasa3\">@Josangasa3<\/a><\/span><\/strong><\/p>\n<p>&nbsp;<\/p>\n<p><span style=\"font-size: 18pt; color: #e42d33;\"><em><strong>**Las columnas firmadas en este medio son responsabilidad de quienes las firman**<\/strong><\/em><\/span><\/p>\n<p>&nbsp;<\/p>\n<p>&nbsp;<\/p>\n<p>&nbsp;<\/p>\n","protected":false},"excerpt":{"rendered":"<p>&nbsp; Por Jos\u00e9 Garc\u00eda S\u00e1nchez Si el cu\u00f1ado del Presidente de la Rep\u00fablica tuviera un cu\u00f1ado narcotraficante las pla\u00f1ideras panistas<\/p>\n","protected":false},"author":4,"featured_media":3183,"comment_status":"closed","ping_status":"closed","sticky":false,"template":"","format":"standard","meta":{"colormag_page_container_layout":"default_layout","colormag_page_sidebar_layout":"default_layout","_jetpack_memberships_contains_paid_content":false,"footnotes":"","jetpack_publicize_message":"","jetpack_publicize_feature_enabled":true,"jetpack_social_post_already_shared":false,"jetpack_social_options":{"image_generator_settings":{"template":"highway","default_image_id":0,"font":"","enabled":false},"version":2}},"categories":[6],"tags":[1065,1050,31,415,1055],"class_list":["post-6050","post","type-post","status-publish","format-standard","has-post-thumbnail","hentry","category-columnistas","tag-kiki-camarena","tag-luis-echeverria","tag-mexico","tag-narcotrafico","tag-ruben-zuno"],"jetpack_publicize_connections":[],"jetpack_featured_media_url":"https:\/\/noticiasveracruz.com\/wp-content\/uploads\/2022\/04\/NV-JOSE\u0301-GARCI\u0301A.png","jetpack_sharing_enabled":true,"publishpress_future_action":{"enabled":false,"date":"2026-05-07 14:04:29","action":"change-status","newStatus":"draft","terms":[],"taxonomy":"category","extraData":[]},"publishpress_future_workflow_manual_trigger":{"enabledWorkflows":[]},"_links":{"self":[{"href":"https:\/\/noticiasveracruz.com\/index.php\/wp-json\/wp\/v2\/posts\/6050","targetHints":{"allow":["GET"]}}],"collection":[{"href":"https:\/\/noticiasveracruz.com\/index.php\/wp-json\/wp\/v2\/posts"}],"about":[{"href":"https:\/\/noticiasveracruz.com\/index.php\/wp-json\/wp\/v2\/types\/post"}],"author":[{"embeddable":true,"href":"https:\/\/noticiasveracruz.com\/index.php\/wp-json\/wp\/v2\/users\/4"}],"replies":[{"embeddable":true,"href":"https:\/\/noticiasveracruz.com\/index.php\/wp-json\/wp\/v2\/comments?post=6050"}],"version-history":[{"count":0,"href":"https:\/\/noticiasveracruz.com\/index.php\/wp-json\/wp\/v2\/posts\/6050\/revisions"}],"wp:featuredmedia":[{"embeddable":true,"href":"https:\/\/noticiasveracruz.com\/index.php\/wp-json\/wp\/v2\/media\/3183"}],"wp:attachment":[{"href":"https:\/\/noticiasveracruz.com\/index.php\/wp-json\/wp\/v2\/media?parent=6050"}],"wp:term":[{"taxonomy":"category","embeddable":true,"href":"https:\/\/noticiasveracruz.com\/index.php\/wp-json\/wp\/v2\/categories?post=6050"},{"taxonomy":"post_tag","embeddable":true,"href":"https:\/\/noticiasveracruz.com\/index.php\/wp-json\/wp\/v2\/tags?post=6050"}],"curies":[{"name":"wp","href":"https:\/\/api.w.org\/{rel}","templated":true}]}}