{"id":60454,"date":"2025-07-15T00:10:51","date_gmt":"2025-07-15T06:10:51","guid":{"rendered":"https:\/\/noticiasveracruz.com\/?p=60454"},"modified":"2025-07-14T20:13:33","modified_gmt":"2025-07-15T02:13:33","slug":"eu-no-tiene-como-sustituir-al-jitomate-mexicano-productores","status":"publish","type":"post","link":"https:\/\/noticiasveracruz.com\/index.php\/2025\/07\/15\/eu-no-tiene-como-sustituir-al-jitomate-mexicano-productores\/","title":{"rendered":"EU no tiene c\u00f3mo sustituir al jitomate mexicano: productores"},"content":{"rendered":"<p class=\"nota-justify\">Ante la decisi\u00f3n unilateral de Estados Unidos de dar por terminado el Acuerdo de Suspensi\u00f3n de Tomate Fresco de la investigaci\u00f3n antidumping que manten\u00eda con los productores y exportadores mexicanos e implementar una cuota compensatoria de 17.09 por ciento a las importaciones procedente de M\u00e9xico, los productores nacionales mostraron su desacuerdo y se\u00f1alaron que EU no tienen c\u00f3mo sustituir el jitomate mexicano.<\/p>\n<p class=\"nota-justify\">Por medio de un comunicado, distintas asociaciones destacaron que el tomate fresco es un producto de consumo generalizado en Estados Unidos cuyo mercado asciende a 6 mil 500 millones de libras, de las cuales 4 mil 300 millones son abastecidos por M\u00e9xico y apenas un 9 por ciento de otros pa\u00edses del \u00e1rea.<\/p>\n<p class=\"nota-justify\">\u201cNo hay en el corto, ni en el mediano plazo, pa\u00edses del mundo que puedan reemplazar el tomate Mexicano en un mercado que hemos construido a base de innovaci\u00f3n y esfuerzo por los \u00faltimos 120 a\u00f1os\u201d, apuntaron.<\/p>\n<p class=\"nota-justify\">Se\u00f1alaron que durante los a\u00f1os de vigencia del acuerdo, los productores y exportadores mexicanos lograron modernizar el sector y generar un producto competitivo y de alta calidad que captur\u00f3 la preferencia de los consumidores, de tal forma que hoy en d\u00eda, dos de cada tres jitomates que llegan a la mesa de una familia, o son consumidos fuera del hogar, han sido cultivados y producidos por manos mexicanas.<\/p>\n<p class=\"nota-justify\">Agregaron que si bien el acuerdo, desde su origen, fue celebrado exclusivamente entre los productores exportadores de jitomate y el Departamento de Comercio de Estados Unidos, siempre con el acompa\u00f1amiento y apoyo del Gobierno de M\u00e9xico, \u201choy queremos reconocer y agradecer de manera muy especial el respaldo y acompa\u00f1amiento brindado por la Secretar\u00eda de Agricultura y Desarrollo Rural, la Secretar\u00eda de Econom\u00eda (SE), la Embajada de M\u00e9xico en Estados Unidos y, por supuesto, a la presidenta de M\u00e9xico, por su invaluable apoyo y compromiso con el sector. Su participaci\u00f3n ha sido fundamental durante todo el proceso de negociaci\u00f3n\u201d.<\/p>\n<p class=\"nota-justify\">Es importante mencionar que, en 2019, el Acuerdo fue terminado por el Departamento de Comercio de los Estados Unidos; sin embargo, despu\u00e9s de cuatro meses de intensas negociaciones, se logr\u00f3 restablecer.<\/p>\n<p class=\"nota-justify\">\u201cHaciendo referencia a este antecedente, reiteramos nuestro compromiso de continuar trabajando en estrecha coordinaci\u00f3n con el gobierno federal, ya que su intervenci\u00f3n seguir\u00e1 siendo de gran relevancia para encontrar soluciones y mecanismos que permitan normalizar esta situaci\u00f3n a la brevedad, por la subsistencia de la industria nacional de exportaci\u00f3n, la de sus trabajadores del campo y sus familias y de toda la cadena de suministro que dependen de esta actividad\u201d, se\u00f1ala el comunicado.<\/p>\n<p class=\"nota-justify\">Destacaron que este es un sector resiliente, que ha superado las batallas comerciales que a lo largo del tiempo han pretendido limitar su desarrollo, as\u00ed que continuar\u00e1n esforz\u00e1ndose de manera organizada por seguir poniendo en la mesa de las familias norteamericanas, pero tambi\u00e9n de M\u00e9xico y del mundo, jitomates de la m\u00e1s alta calidad a pesar del obst\u00e1culo del arancel, que inevitablemente repercutir\u00e1 en los bolsillos de los consumidores de ese pa\u00eds.<\/p>\n<p class=\"nota-justify\">El mensaje fue firmado por la Asociaci\u00f3n Mexicana de Horticultura Protegida, la Confederaci\u00f3n de Asociaciones Agr\u00edcolas del Estado de Sinaloa; el Consejo Agr\u00edcola de Baja California y el Sistema Producto Tomate.<\/p>\n","protected":false},"excerpt":{"rendered":"<p>Ante la decisi\u00f3n unilateral de Estados Unidos de dar por terminado el Acuerdo de Suspensi\u00f3n de Tomate Fresco de la investigaci\u00f3n antidumping que manten\u00eda con los productores y exportadores mexicanos e implementar una cuota compensatoria de 17.09 por ciento a las importaciones procedente de M\u00e9xico, los productores nacionales mostraron su desacuerdo y se\u00f1alaron que EU [&hellip;]<\/p>\n","protected":false},"author":4,"featured_media":60455,"comment_status":"closed","ping_status":"closed","sticky":false,"template":"","format":"standard","meta":{"_jetpack_newsletter_access":"","_jetpack_dont_email_post_to_subs":false,"_jetpack_newsletter_tier_id":0,"_jetpack_memberships_contains_paywalled_content":false,"_jetpack_feature_clip_id":0,"_jetpack_memberships_contains_paid_content":false,"footnotes":"","jetpack_publicize_message":"","jetpack_publicize_feature_enabled":true,"jetpack_social_post_already_shared":true,"jetpack_social_options":{"image_generator_settings":{"template":"highway","default_image_id":0,"font":"","enabled":false},"version":2},"jetpack_post_was_ever_published":false},"categories":[1947],"tags":[],"class_list":["post-60454","post","type-post","status-publish","format-standard","has-post-thumbnail","hentry","category-economia"],"jetpack_publicize_connections":[],"jetpack_sharing_enabled":true,"publishpress_future_action":{"enabled":false,"date":"2026-09-07 12:47:21","action":"change-status","newStatus":"draft","terms":[],"taxonomy":"category","extraData":[]},"publishpress_future_workflow_manual_trigger":{"enabledWorkflows":[]},"jetpack_featured_media_url":"https:\/\/noticiasveracruz.com\/wp-content\/uploads\/2025\/07\/tom.jpg","_links":{"self":[{"href":"https:\/\/noticiasveracruz.com\/index.php\/wp-json\/wp\/v2\/posts\/60454","targetHints":{"allow":["GET"]}}],"collection":[{"href":"https:\/\/noticiasveracruz.com\/index.php\/wp-json\/wp\/v2\/posts"}],"about":[{"href":"https:\/\/noticiasveracruz.com\/index.php\/wp-json\/wp\/v2\/types\/post"}],"author":[{"embeddable":true,"href":"https:\/\/noticiasveracruz.com\/index.php\/wp-json\/wp\/v2\/users\/4"}],"replies":[{"embeddable":true,"href":"https:\/\/noticiasveracruz.com\/index.php\/wp-json\/wp\/v2\/comments?post=60454"}],"version-history":[{"count":0,"href":"https:\/\/noticiasveracruz.com\/index.php\/wp-json\/wp\/v2\/posts\/60454\/revisions"}],"wp:featuredmedia":[{"embeddable":true,"href":"https:\/\/noticiasveracruz.com\/index.php\/wp-json\/wp\/v2\/media\/60455"}],"wp:attachment":[{"href":"https:\/\/noticiasveracruz.com\/index.php\/wp-json\/wp\/v2\/media?parent=60454"}],"wp:term":[{"taxonomy":"category","embeddable":true,"href":"https:\/\/noticiasveracruz.com\/index.php\/wp-json\/wp\/v2\/categories?post=60454"},{"taxonomy":"post_tag","embeddable":true,"href":"https:\/\/noticiasveracruz.com\/index.php\/wp-json\/wp\/v2\/tags?post=60454"}],"curies":[{"name":"wp","href":"https:\/\/api.w.org\/{rel}","templated":true}]}}