{"id":60448,"date":"2025-07-15T00:08:21","date_gmt":"2025-07-15T06:08:21","guid":{"rendered":"https:\/\/noticiasveracruz.com\/?p=60448"},"modified":"2025-07-14T20:10:10","modified_gmt":"2025-07-15T02:10:10","slug":"respalda-la-presidenta-exigencia-de-regular-ia-en-industria-audiovisual","status":"publish","type":"post","link":"https:\/\/noticiasveracruz.com\/index.php\/2025\/07\/15\/respalda-la-presidenta-exigencia-de-regular-ia-en-industria-audiovisual\/","title":{"rendered":"Respalda la Presidenta exigencia de regular IA en industria audiovisual"},"content":{"rendered":"<p class=\"nota-justify\">\u201cTienen raz\u00f3n\u201d, expres\u00f3 la presidenta, Claudia Sheinbaum Pardo, para respaldar la exigencia de actores de doblaje y locutores para que se regule el uso de la inteligencia artificial (IA) en la industria audiovisual.<\/p>\n<p>Ayer, actores de doblaje, locutores, m\u00fasicos, animadores, cineastas, modelos y otros creadores se manifestaron en el Monumento a la Revoluci\u00f3n para exigir que los legisladores atiendan el tema y lo lleven al pleno.<\/p>\n<p class=\"nota-justify\">\u201cTienen raz\u00f3n, son personas que se dedican principalmente al doblaje, a trav\u00e9s de la IA se han utilizado voces, incluso de personas que ya fallecieron para el doblaje, esto no es correcto\u201d, se\u00f1al\u00f3 la mandataria a pregunta expresa en la ma\u00f1anera de este lunes.<\/p>\n<p>Dijo que a trav\u00e9s de la Consejer\u00eda Jur\u00eddica del Ejecutivo Federal y de la Secretar\u00eda de Cultura se convocar\u00e1 a los actores de doblaje, locutores y otros actores de estas manifestaciones para analizar qu\u00e9 esquemas de protecci\u00f3n a su trabajo y a su voz se pueden tener \u201cpara evitar el uso que es el esquema de trabajo, que es su voz\u201d.<\/p>\n","protected":false},"excerpt":{"rendered":"<p>\u201cTienen raz\u00f3n\u201d, expres\u00f3 la presidenta, Claudia Sheinbaum Pardo, para respaldar la exigencia de actores de doblaje y locutores para que<\/p>\n","protected":false},"author":4,"featured_media":60449,"comment_status":"closed","ping_status":"closed","sticky":false,"template":"","format":"standard","meta":{"colormag_page_container_layout":"default_layout","colormag_page_sidebar_layout":"default_layout","_jetpack_memberships_contains_paid_content":false,"footnotes":"","jetpack_publicize_message":"","jetpack_publicize_feature_enabled":true,"jetpack_social_post_already_shared":true,"jetpack_social_options":{"image_generator_settings":{"template":"highway","default_image_id":0,"font":"","enabled":false},"version":2}},"categories":[4],"tags":[],"class_list":["post-60448","post","type-post","status-publish","format-standard","has-post-thumbnail","hentry","category-nacional"],"jetpack_publicize_connections":[],"jetpack_featured_media_url":"https:\/\/noticiasveracruz.com\/wp-content\/uploads\/2025\/07\/neo.jpg","jetpack_sharing_enabled":true,"publishpress_future_action":{"enabled":false,"date":"2026-05-05 12:20:07","action":"change-status","newStatus":"draft","terms":[],"taxonomy":"category","extraData":[]},"publishpress_future_workflow_manual_trigger":{"enabledWorkflows":[]},"_links":{"self":[{"href":"https:\/\/noticiasveracruz.com\/index.php\/wp-json\/wp\/v2\/posts\/60448","targetHints":{"allow":["GET"]}}],"collection":[{"href":"https:\/\/noticiasveracruz.com\/index.php\/wp-json\/wp\/v2\/posts"}],"about":[{"href":"https:\/\/noticiasveracruz.com\/index.php\/wp-json\/wp\/v2\/types\/post"}],"author":[{"embeddable":true,"href":"https:\/\/noticiasveracruz.com\/index.php\/wp-json\/wp\/v2\/users\/4"}],"replies":[{"embeddable":true,"href":"https:\/\/noticiasveracruz.com\/index.php\/wp-json\/wp\/v2\/comments?post=60448"}],"version-history":[{"count":0,"href":"https:\/\/noticiasveracruz.com\/index.php\/wp-json\/wp\/v2\/posts\/60448\/revisions"}],"wp:featuredmedia":[{"embeddable":true,"href":"https:\/\/noticiasveracruz.com\/index.php\/wp-json\/wp\/v2\/media\/60449"}],"wp:attachment":[{"href":"https:\/\/noticiasveracruz.com\/index.php\/wp-json\/wp\/v2\/media?parent=60448"}],"wp:term":[{"taxonomy":"category","embeddable":true,"href":"https:\/\/noticiasveracruz.com\/index.php\/wp-json\/wp\/v2\/categories?post=60448"},{"taxonomy":"post_tag","embeddable":true,"href":"https:\/\/noticiasveracruz.com\/index.php\/wp-json\/wp\/v2\/tags?post=60448"}],"curies":[{"name":"wp","href":"https:\/\/api.w.org\/{rel}","templated":true}]}}