{"id":60439,"date":"2025-07-15T00:05:05","date_gmt":"2025-07-15T06:05:05","guid":{"rendered":"https:\/\/noticiasveracruz.com\/?p=60439"},"modified":"2025-07-14T20:03:51","modified_gmt":"2025-07-15T02:03:51","slug":"listo-para-descargar-el-expediente-digital-de-salud-escolar-sep","status":"publish","type":"post","link":"https:\/\/noticiasveracruz.com\/index.php\/2025\/07\/15\/listo-para-descargar-el-expediente-digital-de-salud-escolar-sep\/","title":{"rendered":"Listo para descargar el Expediente Digital de Salud Escolar: SEP"},"content":{"rendered":"<p>La Secretar\u00eda de Educaci\u00f3n P\u00fablica (SEP) inform\u00f3 a las comunidades de educaci\u00f3n primaria que ya est\u00e1 disponible para descarga el Expediente Digital de Salud Escolar en la p\u00e1gina resultados.vidasaludable.sep.gob.mx\/inicio.<\/p>\n<p>En este documento, los padres de familia obtendr\u00e1n el informe de resultados con las valoraciones que se realizaron durante las Jornadas de Salud Escolar en el marco de la estrategia y a nacional Vive saludable, vive feliz.<\/p>\n<p>El titular de la SEP, Mario Delgado Castillo, inform\u00f3 que, en las boletas de calificaciones que se entregar\u00e1n a madres, padres y familias al concluir el ciclo escolar 2024-2025, se incorporar\u00e1 el reporte del estado de salud de las ni\u00f1as y ni\u00f1os de nivel primaria, lo que refuerza el compromiso de avanzar hacia un modelo educativo con enfoque integral y centrado en el bienestar de la infancia.<\/p>\n<p>Con esta intervenci\u00f3n, destac\u00f3 que m\u00e1s de 3 millones de ni\u00f1as y ni\u00f1os de planteles p\u00fablicos del Sistema Educativo Nacional (SEN) han sido valorados por 7 mil 744 brigadistas, entre quienes se encuentran especialistas en salud de los \u00e1mbitos estatal y federal, personal de enfermer\u00eda del Instituto Mexicano del Seguro Social (IMSS), promotoras de los DIF estatales y del Sistema Nacional para el Desarrollo Integral de la Familia (SNDIF), as\u00ed como servidoras y servidores p\u00fablicos de la SEP.<\/p>\n<p>Indic\u00f3 que dicho personal han visitado 17 mil 588 escuelas primarias p\u00fablicas para llevar a cabo tareas como la medici\u00f3n de peso y talla, evaluaci\u00f3n de agudeza visual, revisi\u00f3n de salud bucal y pl\u00e1ticas sobre h\u00e1bitos saludables.<\/p>\n<p>El titular de la SEP detall\u00f3 que para realizar la descarga del Expediente de salud escolar es necesario iniciar sesi\u00f3n en el sitio resultados.vidasaludable.sep.gob.mx\/inicio con la cuenta Llave MX del padre, madre o tutor; ingresar la Clave \u00danica de Registro de Poblaci\u00f3n (CURP) del estudiante; capturar el tel\u00e9fono o el correo electr\u00f3nico registrado en el consentimiento informado, e iniciar la descarga.<\/p>\n<p>El Expediente Digital de Salud Escolar es una herramienta diagn\u00f3stica que concentra los resultados de las evaluaciones m\u00e9dicas realizadas a ni\u00f1as y ni\u00f1os durante las Jornadas de Salud a nivel nacional, para que los planteles educativos se conviertan en espacios de promoci\u00f3n de la salud.<\/p>\n<p>Cada expediente incluye la fecha de evaluaci\u00f3n, nombre del alumno, Clave \u00danica de Registro de Poblaci\u00f3n (CURP), edad, grado escolar y grupo, as\u00ed como clave y nombre del plantel educativo.<\/p>\n<p>En el m\u00f3dulo \u201cEvaluaci\u00f3n del estado nutricional\u201d se informa el peso, la estatura y el \u00cdndice de Masa Corporal (IMC) del menor. En caso de diagnosticar sobrepeso u obesidad se emitir\u00e1n distintas recomendaciones a los padres y\/o tutores como acudir a consultas en unidades m\u00e9dicas espec\u00edficas, cambiar h\u00e1bitos alimenticios y realizar activaci\u00f3n f\u00edsica.<\/p>\n<p>Posteriormente, en el m\u00f3dulo \u201cEvaluaci\u00f3n de la agudeza visual\u201d, se informar\u00e1 si la o el alumno requiere la valoraci\u00f3n de un optometrista y el lugar espec\u00edfico en el que deber\u00e1 realizarse. En caso de requerir lentes, se proporcionar\u00e1n de manera gratuita siempre que se atienda la recomendaci\u00f3n se\u00f1alada.<\/p>\n<p>En el tercer m\u00f3dulo \u201cEvaluaci\u00f3n de la salud bucal\u201d se notificar\u00e1 a los familiares si la o el menor presenta caries. De ser as\u00ed, se informar\u00e1 sobre la aplicaci\u00f3n de barniz de fl\u00faor y recomendaciones para mejorar la t\u00e9cnica de cepillado dental. Al igual que en los m\u00f3dulos previos se indicar\u00e1 la unidad m\u00e9dica correspondiente y el horario en el que deber\u00e1n presentar al menor para ser atendido por el personal de salud.<\/p>\n<p>El expediente tambi\u00e9n proporciona n\u00fameros de contacto y horarios de atenci\u00f3n para atender cualquier duda sobre el diagn\u00f3stico de los alumnos.<\/p>\n","protected":false},"excerpt":{"rendered":"<p>La Secretar\u00eda de Educaci\u00f3n P\u00fablica (SEP) inform\u00f3 a las comunidades de educaci\u00f3n primaria que ya est\u00e1 disponible para descarga el<\/p>\n","protected":false},"author":4,"featured_media":60440,"comment_status":"closed","ping_status":"closed","sticky":false,"template":"","format":"standard","meta":{"colormag_page_container_layout":"default_layout","colormag_page_sidebar_layout":"default_layout","_jetpack_memberships_contains_paid_content":false,"footnotes":"","jetpack_publicize_message":"","jetpack_publicize_feature_enabled":true,"jetpack_social_post_already_shared":true,"jetpack_social_options":{"image_generator_settings":{"template":"highway","default_image_id":0,"font":"","enabled":false},"version":2}},"categories":[4],"tags":[],"class_list":["post-60439","post","type-post","status-publish","format-standard","has-post-thumbnail","hentry","category-nacional"],"jetpack_publicize_connections":[],"jetpack_featured_media_url":"https:\/\/noticiasveracruz.com\/wp-content\/uploads\/2025\/07\/alum.jpg","jetpack_sharing_enabled":true,"publishpress_future_action":{"enabled":false,"date":"2026-05-05 15:41:32","action":"change-status","newStatus":"draft","terms":[],"taxonomy":"category","extraData":[]},"publishpress_future_workflow_manual_trigger":{"enabledWorkflows":[]},"_links":{"self":[{"href":"https:\/\/noticiasveracruz.com\/index.php\/wp-json\/wp\/v2\/posts\/60439","targetHints":{"allow":["GET"]}}],"collection":[{"href":"https:\/\/noticiasveracruz.com\/index.php\/wp-json\/wp\/v2\/posts"}],"about":[{"href":"https:\/\/noticiasveracruz.com\/index.php\/wp-json\/wp\/v2\/types\/post"}],"author":[{"embeddable":true,"href":"https:\/\/noticiasveracruz.com\/index.php\/wp-json\/wp\/v2\/users\/4"}],"replies":[{"embeddable":true,"href":"https:\/\/noticiasveracruz.com\/index.php\/wp-json\/wp\/v2\/comments?post=60439"}],"version-history":[{"count":0,"href":"https:\/\/noticiasveracruz.com\/index.php\/wp-json\/wp\/v2\/posts\/60439\/revisions"}],"wp:featuredmedia":[{"embeddable":true,"href":"https:\/\/noticiasveracruz.com\/index.php\/wp-json\/wp\/v2\/media\/60440"}],"wp:attachment":[{"href":"https:\/\/noticiasveracruz.com\/index.php\/wp-json\/wp\/v2\/media?parent=60439"}],"wp:term":[{"taxonomy":"category","embeddable":true,"href":"https:\/\/noticiasveracruz.com\/index.php\/wp-json\/wp\/v2\/categories?post=60439"},{"taxonomy":"post_tag","embeddable":true,"href":"https:\/\/noticiasveracruz.com\/index.php\/wp-json\/wp\/v2\/tags?post=60439"}],"curies":[{"name":"wp","href":"https:\/\/api.w.org\/{rel}","templated":true}]}}