{"id":60436,"date":"2025-07-15T00:04:06","date_gmt":"2025-07-15T06:04:06","guid":{"rendered":"https:\/\/noticiasveracruz.com\/?p=60436"},"modified":"2025-07-14T19:57:05","modified_gmt":"2025-07-15T01:57:05","slug":"van-a-hacer-un-arreglo-rocio-nahle-sobre-el-estadio-del-luis-pirata-fuente","status":"publish","type":"post","link":"https:\/\/noticiasveracruz.com\/index.php\/2025\/07\/15\/van-a-hacer-un-arreglo-rocio-nahle-sobre-el-estadio-del-luis-pirata-fuente\/","title":{"rendered":"&#8216;Van a hacer un arreglo&#8217;: Roc\u00edo Nahle sobre el estadio del Luis &#8216;Pirata&#8217; Fuente"},"content":{"rendered":"<p>Luego de que algunos aficionados expusieran algunos malos dise\u00f1os al\u00a0 Luis \u00abPirata\u00bb Fuente, la gobernadora de Veracruz, Roc\u00edo Nahle dio a conocer que no van a \u00abtirar\u00bb el estadio, sino que se har\u00e1 un arreglo.<\/p>\n<p>La mandataria estatal, detall\u00f3 que personal de Protecci\u00f3n Civil y la\u00a0la Secretar\u00eda de Infraestructura y Obras P\u00fablicas (SIOP) ya les mostraron un arreglo del inmueble.<\/p>\n<p>\u00abYa me mostraron un arreglo que se puede hacer ah\u00ed. Van a hacer un arreglo que es de dise\u00f1o y hay una falla de dise\u00f1o, pero es una cuchilla y es un arreglo muy sencillo que se va a hacer\u00bb.<\/p>\n<p>Roc\u00edo Nahle confirm\u00f3 que\u00a0el titular de la Secretar\u00eda de Infraestructura y Obras P\u00fablicas (SIOP), Leonardo Cornejo Serrano, llevar\u00e1 la propuesta de acuerdo.<\/p>\n<p>Con informaci\u00f3n de: XEU Noticias<\/p>\n","protected":false},"excerpt":{"rendered":"<p>Luego de que algunos aficionados expusieran algunos malos dise\u00f1os al\u00a0 Luis \u00abPirata\u00bb Fuente, la gobernadora de Veracruz, Roc\u00edo Nahle dio<\/p>\n","protected":false},"author":4,"featured_media":60437,"comment_status":"closed","ping_status":"closed","sticky":false,"template":"","format":"standard","meta":{"colormag_page_container_layout":"default_layout","colormag_page_sidebar_layout":"default_layout","_jetpack_memberships_contains_paid_content":false,"footnotes":"","jetpack_publicize_message":"","jetpack_publicize_feature_enabled":true,"jetpack_social_post_already_shared":true,"jetpack_social_options":{"image_generator_settings":{"template":"highway","default_image_id":0,"font":"","enabled":false},"version":2}},"categories":[1],"tags":[],"class_list":["post-60436","post","type-post","status-publish","format-standard","has-post-thumbnail","hentry","category-sin-categoria"],"jetpack_publicize_connections":[],"jetpack_featured_media_url":"https:\/\/noticiasveracruz.com\/wp-content\/uploads\/2025\/07\/pir.jpg","jetpack_sharing_enabled":true,"publishpress_future_action":{"enabled":false,"date":"2026-05-05 16:45:46","action":"change-status","newStatus":"draft","terms":[],"taxonomy":"category","extraData":[]},"publishpress_future_workflow_manual_trigger":{"enabledWorkflows":[]},"_links":{"self":[{"href":"https:\/\/noticiasveracruz.com\/index.php\/wp-json\/wp\/v2\/posts\/60436","targetHints":{"allow":["GET"]}}],"collection":[{"href":"https:\/\/noticiasveracruz.com\/index.php\/wp-json\/wp\/v2\/posts"}],"about":[{"href":"https:\/\/noticiasveracruz.com\/index.php\/wp-json\/wp\/v2\/types\/post"}],"author":[{"embeddable":true,"href":"https:\/\/noticiasveracruz.com\/index.php\/wp-json\/wp\/v2\/users\/4"}],"replies":[{"embeddable":true,"href":"https:\/\/noticiasveracruz.com\/index.php\/wp-json\/wp\/v2\/comments?post=60436"}],"version-history":[{"count":0,"href":"https:\/\/noticiasveracruz.com\/index.php\/wp-json\/wp\/v2\/posts\/60436\/revisions"}],"wp:featuredmedia":[{"embeddable":true,"href":"https:\/\/noticiasveracruz.com\/index.php\/wp-json\/wp\/v2\/media\/60437"}],"wp:attachment":[{"href":"https:\/\/noticiasveracruz.com\/index.php\/wp-json\/wp\/v2\/media?parent=60436"}],"wp:term":[{"taxonomy":"category","embeddable":true,"href":"https:\/\/noticiasveracruz.com\/index.php\/wp-json\/wp\/v2\/categories?post=60436"},{"taxonomy":"post_tag","embeddable":true,"href":"https:\/\/noticiasveracruz.com\/index.php\/wp-json\/wp\/v2\/tags?post=60436"}],"curies":[{"name":"wp","href":"https:\/\/api.w.org\/{rel}","templated":true}]}}