{"id":60433,"date":"2025-07-15T00:03:18","date_gmt":"2025-07-15T06:03:18","guid":{"rendered":"https:\/\/noticiasveracruz.com\/?p=60433"},"modified":"2025-07-14T19:54:48","modified_gmt":"2025-07-15T01:54:48","slug":"nacen-trillizos-en-el-imss-en-orizaba","status":"publish","type":"post","link":"https:\/\/noticiasveracruz.com\/index.php\/2025\/07\/15\/nacen-trillizos-en-el-imss-en-orizaba\/","title":{"rendered":"Nacen trillizos en el IMSS en Orizaba"},"content":{"rendered":"<p>En el Hospital General Regional (HGR) 1 del Instituto Mexicano del Seguro Social (IMSS) en Veracruz Sur, naci\u00f3 una triada de beb\u00e9s, dos ni\u00f1os y una ni\u00f1a, los cuales llevar\u00e1n por nombres: Carlos, Daniel y Hanna. Este hecho no se registraba desde junio de 2021 en este nosocomio.<\/p>\n<p>Gracias a la intervenci\u00f3n oportuna de un equipo multidisciplinario, conformado por ginec\u00f3logos, pediatras, anestesi\u00f3logos y personal de enfermer\u00eda, la ces\u00e1rea fue realizada con \u00e9xito, salvaguardando la vida de la madre y de los tres beb\u00e9s prematuros.<\/p>\n<p>La doctora Lizbeth Herrera Olvera, especialista en Ginecolog\u00eda y Obstetricia, detall\u00f3 que la madre, con 34 semanas de gestaci\u00f3n y padecimientos cr\u00f3nicos, ingres\u00f3 por el \u00e1rea de Urgencias, donde se determin\u00f3 la necesidad de interrumpir el embarazo para prevenir riesgos asociados a embarazos m\u00faltiples.<\/p>\n<p>\u201cEl procedimiento se realiz\u00f3 sin complicaciones aparentes, con extremo cuidado para reducir el riesgo de hemorragias\u201d, explic\u00f3 la especialista.<\/p>\n<p>Por su parte, el coordinador cl\u00ednico de Pediatr\u00eda, Jes\u00fas Velasco B\u00e1ez, indic\u00f3 que los reci\u00e9n nacidos pesaron entre 1 kilo 820 y 1 kilo 860 gramos.<\/p>\n<p>Dos de ellos fueron ingresados a la Unidad de Cuidados Intensivos Neonatales (UCIN) para su monitoreo, aunque su evoluci\u00f3n ha sido favorable. Uno de ellos ya est\u00e1 siendo trasladado al \u00e1rea de cuneros patol\u00f3gicos.<\/p>\n<p>\u201cPor ahora, no hemos tenido ninguna complicaci\u00f3n. Est\u00e1n estables, aunque requieren vigilancia por su grado de prematurez\u201d, puntualiz\u00f3 Velasco B\u00e1ez.<\/p>\n<p>Los padres de los trillizos, Estefan\u00eda y Carlos, expresaron su emoci\u00f3n al recibir a sus hijos, quienes llevar\u00e1n por nombre Hanna, Carlos y Daniel.<\/p>\n<p>Recordaron que, antes de un ultrasonido realizado el 15 de diciembre de 2024, discut\u00edan si esperaban uno o dos beb\u00e9s, sin imaginar que ser\u00edan tres.<\/p>\n<p>Ambos tienen antecedentes familiares de embarazos gemelares, pero nunca imaginaron que ser\u00edan los primeros en dar a luz a trillizos.<\/p>\n<p>Asimismo, agradecieron el trato recibido en el hospital. \u201cYo ten\u00eda otra perspectiva, pero el personal fue muy amable, atento y profesional. Me dieron mucha tranquilidad como mam\u00e1 y como paciente. Muchas gracias\u201d, dijo Estefan\u00eda.<\/p>\n<p>Este nacimiento m\u00faltiple representa una muestra del trabajo coordinado del personal del IMSS en Veracruz Sur, y un motivo de alegr\u00eda para la familia y el equipo m\u00e9dico que hizo posible esta historia.<\/p>\n","protected":false},"excerpt":{"rendered":"<p>En el Hospital General Regional (HGR) 1 del Instituto Mexicano del Seguro Social (IMSS) en Veracruz Sur, naci\u00f3 una triada<\/p>\n","protected":false},"author":4,"featured_media":60434,"comment_status":"closed","ping_status":"closed","sticky":false,"template":"","format":"standard","meta":{"colormag_page_container_layout":"default_layout","colormag_page_sidebar_layout":"default_layout","_jetpack_memberships_contains_paid_content":false,"footnotes":"","jetpack_publicize_message":"","jetpack_publicize_feature_enabled":true,"jetpack_social_post_already_shared":true,"jetpack_social_options":{"image_generator_settings":{"template":"highway","default_image_id":0,"font":"","enabled":false},"version":2}},"categories":[1],"tags":[],"class_list":["post-60433","post","type-post","status-publish","format-standard","has-post-thumbnail","hentry","category-sin-categoria"],"jetpack_publicize_connections":[],"jetpack_featured_media_url":"https:\/\/noticiasveracruz.com\/wp-content\/uploads\/2025\/07\/tri.jpg","jetpack_sharing_enabled":true,"publishpress_future_action":{"enabled":false,"date":"2026-05-05 17:25:52","action":"change-status","newStatus":"draft","terms":[],"taxonomy":"category","extraData":[]},"publishpress_future_workflow_manual_trigger":{"enabledWorkflows":[]},"_links":{"self":[{"href":"https:\/\/noticiasveracruz.com\/index.php\/wp-json\/wp\/v2\/posts\/60433","targetHints":{"allow":["GET"]}}],"collection":[{"href":"https:\/\/noticiasveracruz.com\/index.php\/wp-json\/wp\/v2\/posts"}],"about":[{"href":"https:\/\/noticiasveracruz.com\/index.php\/wp-json\/wp\/v2\/types\/post"}],"author":[{"embeddable":true,"href":"https:\/\/noticiasveracruz.com\/index.php\/wp-json\/wp\/v2\/users\/4"}],"replies":[{"embeddable":true,"href":"https:\/\/noticiasveracruz.com\/index.php\/wp-json\/wp\/v2\/comments?post=60433"}],"version-history":[{"count":0,"href":"https:\/\/noticiasveracruz.com\/index.php\/wp-json\/wp\/v2\/posts\/60433\/revisions"}],"wp:featuredmedia":[{"embeddable":true,"href":"https:\/\/noticiasveracruz.com\/index.php\/wp-json\/wp\/v2\/media\/60434"}],"wp:attachment":[{"href":"https:\/\/noticiasveracruz.com\/index.php\/wp-json\/wp\/v2\/media?parent=60433"}],"wp:term":[{"taxonomy":"category","embeddable":true,"href":"https:\/\/noticiasveracruz.com\/index.php\/wp-json\/wp\/v2\/categories?post=60433"},{"taxonomy":"post_tag","embeddable":true,"href":"https:\/\/noticiasveracruz.com\/index.php\/wp-json\/wp\/v2\/tags?post=60433"}],"curies":[{"name":"wp","href":"https:\/\/api.w.org\/{rel}","templated":true}]}}