{"id":6042,"date":"2022-07-11T01:41:23","date_gmt":"2022-07-11T06:41:23","guid":{"rendered":"https:\/\/noticiasveracruz.com\/?p=6042"},"modified":"2022-07-11T01:41:23","modified_gmt":"2022-07-11T06:41:23","slug":"las-diferencias-no-deberian-generar-danos","status":"publish","type":"post","link":"https:\/\/noticiasveracruz.com\/index.php\/2022\/07\/11\/las-diferencias-no-deberian-generar-danos\/","title":{"rendered":"Las diferencias no deber\u00edan generar da\u00f1os"},"content":{"rendered":"<p>&nbsp;<\/p>\n<p class=\"p1\"><span style=\"font-size: 18pt;\"><b>Por Zaira Rosas<\/b><\/span><\/p>\n<p class=\"p1\"><span style=\"font-size: 14pt;\">M\u00e9xico tiene un severo problema que se niega a reconocer, el racismo, la segregaci\u00f3n y la discriminaci\u00f3n est\u00e1n latentes en nuestra sociedad, generando a su vez otros problemas como la pobreza por falta de oportunidades e incluso el bullying que se manifiesta desde temprana edad por diferencias raciales o culturales. Esta problem\u00e1tica lleva siglos en nuestra historia, sin embargo, nos negamos a reconocerla pese a que las evidencias digan lo contrario.<\/span><\/p>\n<p class=\"p1\"><span style=\"font-size: 14pt;\">Nuestra naci\u00f3n es multicultural, incluso antes de la \u00e9poca de la conquista ten\u00edamos la fortuna de encontrar a distintas culturas en el territorio nacional, con la conquista esta diversidad se increment\u00f3, con la diferencia de que estar sometidos bajo el yugo de los espa\u00f1oles nos hizo creer que exist\u00edan seres con mayor derecho a la dominaci\u00f3n que otros. Ah\u00ed comenzamos a desvalorar a las personas por su color de piel, hasta que llegamos a la apreciaci\u00f3n de nuestros d\u00edas donde mientras m\u00e1s claro sea el tono, mayor poder, oportunidades y belleza se les asigna a las personas. <\/span><\/p>\n<p class=\"p1\"><span style=\"font-size: 14pt;\">Estamos tan acostumbrados a valorar a las personas seg\u00fan su color que incluso cuando alguien de piel oscura triunfa a lo grande como fue el caso de Yalitza Aparicio, las portadas consideran que es necesario aclarar su piel y vestirla con grandes marcas para que sea digna de ser reconocida. Lo anterior ocurre de manera general, en gran parte de medios de comunicaci\u00f3n, se ha creado un estereotipo sumamente occidental, donde \u00fanicamente encajan las personas con ciertos rasgos. Adem\u00e1s, la necesidad de alcanzar este ideal sigue creciendo con el uso de filtros irreales en plataformas digitales, que lo \u00fanico que generan es inconformidad y deterioro hasta en la salud mental.<\/span><\/p>\n<p class=\"p1\"><span style=\"font-size: 14pt;\">Prueba de lo anterior es que en las telenovelas mexicanas el 97% de los protagonistas son blancos, mientras que en nuestra poblaci\u00f3n el 75% es de piel m\u00e1s pigmentada. Por si esto no fuese suficiente, los roles asignados en series, programas o pel\u00edculas, tambi\u00e9n son de tareas del hogar o de prestadores de servicios, dejando los roles que representan poder y crecimiento \u00fanicamente a un determinado color de piel. Con todo esto se sigue perpetuando la idea de que mientras m\u00e1s clara sea la tez, mayor ser\u00e1 el \u00e9xito de la persona y tristemente hay espacios p\u00fablicos en los que el acceso en efecto es determinado por las apariencias f\u00edsicas. <\/span><\/p>\n<p class=\"p1\"><span style=\"font-size: 14pt;\">Estos estereotipos aunados a los de g\u00e9nero, las creencias y dem\u00e1s diferencias que deber\u00edan empoderarnos, est\u00e1n causando estragos a\u00fan a temprana edad. En rangos donde deber\u00eda predominar una convivencia sana, la aceptaci\u00f3n, empat\u00eda y solidaridad, est\u00e1 permeando la segregaci\u00f3n y el rechazo por nuestras propias ra\u00edces, ocasionando que ni\u00f1os se lastimen entre s\u00ed por sus diferencias culturales. As\u00ed fue el caso de Juan Pablo, un ni\u00f1o otom\u00ed que sufri\u00f3 agresiones f\u00edsicas por parte de sus compa\u00f1eros e incluso la maestra le molestaba por las dificultades que ten\u00eda para hablar espa\u00f1ol. <\/span><\/p>\n<p class=\"p1\"><span style=\"font-size: 14pt;\">M\u00e9xico tiene 25 millones de personas que se reconocen como ind\u00edgenas, de los cuales 7 millones 382 mil son hablantes de alguna de las 68 lenguas que se hablan en nuestro pa\u00eds, esta riqueza cultural deber\u00eda ser uno de los puntos que m\u00e1s valoremos y resaltemos pues con cada lengua existe tambi\u00e9n una cosmovisi\u00f3n distinta del mundo. Cada vez son menos las personas interesadas en preservar sus ra\u00edces precisamente por casos como el de Juan Pablo, porque en nuestro pa\u00eds segregamos a aquellos que no han abrazado lo que hemos mal llamado progreso. <\/span><\/p>\n<p class=\"p1\"><span style=\"font-size: 14pt;\">De ah\u00ed la importancia de que la educaci\u00f3n sea diversa y se adapte tambi\u00e9n a las necesidades de la poblaci\u00f3n, que las personas conozcan cu\u00e1les son las lenguas de sus regiones, que busquemos tambi\u00e9n aprenderlas y por lo menos respetarlas. Pero sobre todo que inculquemos desde temprana edad en todos los espacios el reconocimiento como seres humanos, respet\u00e1ndonos desde nuestras garant\u00edas individuales b\u00e1sicas. Las diferencias son nuestra mayor fortaleza, sean f\u00edsicas, en creencias o g\u00e9nero, por ende, es urgente que entendamos como sociedad el valor que tienen y as\u00ed exigir lo mismo a las autoridades. Si entre nosotros no sabemos cuidar de los nuestros, el futuro que nos espera sin duda no ser\u00e1 prometedor. <\/span><\/p>\n<p>&nbsp;<\/p>\n<p><span style=\"font-size: 18pt;\"><b>Correo:\u00a0<a href=\"mailto:zairosas.22@gmail.com\">zairosas.22@gmail.com<\/a><\/b><\/span><\/p>\n<p>&nbsp;<\/p>\n<p><span style=\"font-size: 18pt; color: #e42d33;\"><em><strong>**Las columnas firmadas en este medio son responsabilidad de quienes las firman**<\/strong><\/em><\/span><\/p>\n<p>&nbsp;<\/p>\n","protected":false},"excerpt":{"rendered":"<p>&nbsp; Por Zaira Rosas M\u00e9xico tiene un severo problema que se niega a reconocer, el racismo, la segregaci\u00f3n y la<\/p>\n","protected":false},"author":4,"featured_media":3552,"comment_status":"closed","ping_status":"closed","sticky":false,"template":"","format":"standard","meta":{"colormag_page_container_layout":"default_layout","colormag_page_sidebar_layout":"default_layout","_jetpack_memberships_contains_paid_content":false,"footnotes":"","jetpack_publicize_message":"","jetpack_publicize_feature_enabled":true,"jetpack_social_post_already_shared":false,"jetpack_social_options":{"image_generator_settings":{"template":"highway","default_image_id":0,"font":"","enabled":false},"version":2}},"categories":[6],"tags":[],"class_list":["post-6042","post","type-post","status-publish","format-standard","has-post-thumbnail","hentry","category-columnistas"],"jetpack_publicize_connections":[],"jetpack_featured_media_url":"https:\/\/noticiasveracruz.com\/wp-content\/uploads\/2022\/04\/NV-ZAIRA-ROSAS.png","jetpack_sharing_enabled":true,"publishpress_future_action":{"enabled":false,"date":"2026-05-07 11:54:49","action":"change-status","newStatus":"draft","terms":[],"taxonomy":"category","extraData":[]},"publishpress_future_workflow_manual_trigger":{"enabledWorkflows":[]},"_links":{"self":[{"href":"https:\/\/noticiasveracruz.com\/index.php\/wp-json\/wp\/v2\/posts\/6042","targetHints":{"allow":["GET"]}}],"collection":[{"href":"https:\/\/noticiasveracruz.com\/index.php\/wp-json\/wp\/v2\/posts"}],"about":[{"href":"https:\/\/noticiasveracruz.com\/index.php\/wp-json\/wp\/v2\/types\/post"}],"author":[{"embeddable":true,"href":"https:\/\/noticiasveracruz.com\/index.php\/wp-json\/wp\/v2\/users\/4"}],"replies":[{"embeddable":true,"href":"https:\/\/noticiasveracruz.com\/index.php\/wp-json\/wp\/v2\/comments?post=6042"}],"version-history":[{"count":0,"href":"https:\/\/noticiasveracruz.com\/index.php\/wp-json\/wp\/v2\/posts\/6042\/revisions"}],"wp:featuredmedia":[{"embeddable":true,"href":"https:\/\/noticiasveracruz.com\/index.php\/wp-json\/wp\/v2\/media\/3552"}],"wp:attachment":[{"href":"https:\/\/noticiasveracruz.com\/index.php\/wp-json\/wp\/v2\/media?parent=6042"}],"wp:term":[{"taxonomy":"category","embeddable":true,"href":"https:\/\/noticiasveracruz.com\/index.php\/wp-json\/wp\/v2\/categories?post=6042"},{"taxonomy":"post_tag","embeddable":true,"href":"https:\/\/noticiasveracruz.com\/index.php\/wp-json\/wp\/v2\/tags?post=6042"}],"curies":[{"name":"wp","href":"https:\/\/api.w.org\/{rel}","templated":true}]}}