{"id":6009,"date":"2022-07-11T00:27:05","date_gmt":"2022-07-11T05:27:05","guid":{"rendered":"https:\/\/noticiasveracruz.com\/?p=6009"},"modified":"2022-07-11T00:43:10","modified_gmt":"2022-07-11T05:43:10","slug":"se-realiza-en-tuxpan-jornada-de-testamentos-agrarios","status":"publish","type":"post","link":"https:\/\/noticiasveracruz.com\/index.php\/2022\/07\/11\/se-realiza-en-tuxpan-jornada-de-testamentos-agrarios\/","title":{"rendered":"Se realiza en Tuxpan, Jornada de Testamentos Agrarios"},"content":{"rendered":"<p>&nbsp;<\/p>\n<p class=\"p1\"><span style=\"font-size: 14pt;\"><em><strong>TUXPAN, Ver.<\/strong><\/em> El <strong>Registro Agrario Nacional (RAN) y la Procuradur\u00eda Agraria<\/strong>, en coordinaci\u00f3n con el Ayuntamiento de <strong>Tuxpan<\/strong>, realizaron la <strong>\u201cJornada de Testamentos Agrarios\u201d.<\/strong><\/span><\/p>\n<p class=\"p1\"><span style=\"font-size: 18pt;\"><strong>Cientos de campesinos del norte de Veracruz acudieron a esta ciudad a depositar ante el RAN su lista de sucesi\u00f3n, garantizando que sus derechos sobre la tierra se puedan trasmitir en forma ordenada y pac\u00edfica.<\/strong><\/span><\/p>\n<p><img loading=\"lazy\" decoding=\"async\" class=\"aligncenter wp-image-7547 size-large\" src=\"https:\/\/politicosaldesnudo.com.mx\/wp-content\/uploads\/2022\/07\/P-TESTAMENTO2-1024x573.png\" alt=\"\" width=\"800\" height=\"448\" \/><\/p>\n<p>&nbsp;<\/p>\n<p class=\"p1\"><span style=\"font-size: 14pt;\">En el evento estuvieron presentes Edmundo Crist\u00f3bal Cruz, Director de Desarrollo Agropecuario, en representaci\u00f3n del alcalde Jos\u00e9 Manuel Pozos Castro; la regidora Lucero Magdalena Res\u00e9ndis Ambrocio; la Mtra. Mar\u00eda de los \u00c1ngeles Le\u00f3n Maldonado, Magistrada del Tribunal Unitario Agrario Distrito 32 Tuxpan; el<span class=\"Apple-converted-space\">\u00a0 <\/span>Ing. Vinicio Zamudio Figueroa, representante de la Procuradur\u00eda Agraria en Veracruz y el Ing. Javier Sandoval Garc\u00eda, representante del Registro Agrario Nacional en Veracruz.<\/span><\/p>\n<p class=\"p1\"><span style=\"font-size: 18pt;\"><strong>Mediante el testamento se define con precisi\u00f3n qui\u00e9n heredar\u00e1 los derechos, lo que evita posibles conflictos, gastos econ\u00f3micos, p\u00e9rdida de tiempo y alteraciones en la tranquilidad familiar.<\/strong><\/span><\/p>\n<p><img loading=\"lazy\" decoding=\"async\" class=\"aligncenter wp-image-7548 size-large\" src=\"https:\/\/politicosaldesnudo.com.mx\/wp-content\/uploads\/2022\/07\/P-TESTAMENTO3-1024x573.png\" alt=\"\" width=\"800\" height=\"448\" \/><\/p>\n<p>&nbsp;<\/p>\n<p class=\"p1\"><span style=\"font-size: 18pt;\"><strong>Cabe mencionar que el Registro Agrario Nacional (RAN) es la instituci\u00f3n que garantiza el resguardo y legalidad del testamento para que, en su momento, la persona designada en la lista de sucesi\u00f3n reclame su derecho.<\/strong><\/span><\/p>\n<p class=\"p1\"><span style=\"font-size: 18pt;\"><strong>En esta jornada participaron cientos de campesinos de Tuxpan, Cazones, Tamiahua, Poza Rica, Coatzintla, Tantima, Tantoyuca y otros municipios m\u00e1s.<\/strong><\/span><\/p>\n<p>&nbsp;<\/p>\n<p>&nbsp;<\/p>\n<p>&nbsp;<\/p>\n<p>&nbsp;<\/p>\n<p>&nbsp;<\/p>\n","protected":false},"excerpt":{"rendered":"<p>&nbsp; TUXPAN, Ver. El Registro Agrario Nacional (RAN) y la Procuradur\u00eda Agraria, en coordinaci\u00f3n con el Ayuntamiento de Tuxpan, realizaron<\/p>\n","protected":false},"author":4,"featured_media":6010,"comment_status":"closed","ping_status":"closed","sticky":false,"template":"","format":"standard","meta":{"colormag_page_container_layout":"default_layout","colormag_page_sidebar_layout":"default_layout","_jetpack_memberships_contains_paid_content":false,"footnotes":"","jetpack_publicize_message":"","jetpack_publicize_feature_enabled":true,"jetpack_social_post_already_shared":false,"jetpack_social_options":{"image_generator_settings":{"template":"highway","default_image_id":0,"font":"","enabled":false},"version":2}},"categories":[356],"tags":[1051,72,73],"class_list":["post-6009","post","type-post","status-publish","format-standard","has-post-thumbnail","hentry","category-veracruz","tag-testamento-agrario","tag-tuxpan","tag-veracruz"],"jetpack_publicize_connections":[],"jetpack_featured_media_url":"https:\/\/noticiasveracruz.com\/wp-content\/uploads\/2022\/07\/P-TESTAMENTO1.png","jetpack_sharing_enabled":true,"publishpress_future_action":{"enabled":false,"date":"2026-05-10 07:20:17","action":"change-status","newStatus":"draft","terms":[],"taxonomy":"category","extraData":[]},"publishpress_future_workflow_manual_trigger":{"enabledWorkflows":[]},"_links":{"self":[{"href":"https:\/\/noticiasveracruz.com\/index.php\/wp-json\/wp\/v2\/posts\/6009","targetHints":{"allow":["GET"]}}],"collection":[{"href":"https:\/\/noticiasveracruz.com\/index.php\/wp-json\/wp\/v2\/posts"}],"about":[{"href":"https:\/\/noticiasveracruz.com\/index.php\/wp-json\/wp\/v2\/types\/post"}],"author":[{"embeddable":true,"href":"https:\/\/noticiasveracruz.com\/index.php\/wp-json\/wp\/v2\/users\/4"}],"replies":[{"embeddable":true,"href":"https:\/\/noticiasveracruz.com\/index.php\/wp-json\/wp\/v2\/comments?post=6009"}],"version-history":[{"count":0,"href":"https:\/\/noticiasveracruz.com\/index.php\/wp-json\/wp\/v2\/posts\/6009\/revisions"}],"wp:featuredmedia":[{"embeddable":true,"href":"https:\/\/noticiasveracruz.com\/index.php\/wp-json\/wp\/v2\/media\/6010"}],"wp:attachment":[{"href":"https:\/\/noticiasveracruz.com\/index.php\/wp-json\/wp\/v2\/media?parent=6009"}],"wp:term":[{"taxonomy":"category","embeddable":true,"href":"https:\/\/noticiasveracruz.com\/index.php\/wp-json\/wp\/v2\/categories?post=6009"},{"taxonomy":"post_tag","embeddable":true,"href":"https:\/\/noticiasveracruz.com\/index.php\/wp-json\/wp\/v2\/tags?post=6009"}],"curies":[{"name":"wp","href":"https:\/\/api.w.org\/{rel}","templated":true}]}}