{"id":6000,"date":"2022-07-09T14:09:02","date_gmt":"2022-07-09T19:09:02","guid":{"rendered":"https:\/\/noticiasveracruz.com\/?p=6000"},"modified":"2022-07-09T16:42:38","modified_gmt":"2022-07-09T21:42:38","slug":"a-los-100-anos-muere-el-expresidente-de-mexico-luis-echeverria","status":"publish","type":"post","link":"https:\/\/noticiasveracruz.com\/index.php\/2022\/07\/09\/a-los-100-anos-muere-el-expresidente-de-mexico-luis-echeverria\/","title":{"rendered":"A los 100 a\u00f1os muere el expresidente de M\u00e9xico, Luis Echeverr\u00eda"},"content":{"rendered":"<p>&nbsp;<\/p>\n<p class=\"p1\"><span style=\"font-size: 14pt;\"><em><strong>CIUDAD DE M\u00c9XICO.<\/strong> <\/em>Luis Echeverr\u00eda \u00c1lvarez muere este viernes en su casa de Cuernavaca. Ten\u00eda 100 a\u00f1os.<\/span><\/p>\n<p class=\"p1\"><strong><span style=\"font-size: 18pt;\">Su muerte fue confirmada en un tuit por el presidente Andr\u00e9s Manuel L\u00f3pez Obrador.<\/span><\/strong><\/p>\n<blockquote class=\"twitter-tweet\" data-width=\"550\" data-dnt=\"true\">\n<p lang=\"es\" dir=\"ltr\">En nombre del Gobierno de M\u00e9xico env\u00edo un respetuoso p\u00e9same a los familiares y amigos del licenciado Luis Echeverr\u00eda \u00c1lvarez, presidente de M\u00e9xico durante el sexenio de 1970 a 1976.<\/p>\n<p>&mdash; Andr\u00e9s Manuel (@lopezobrador_) <a href=\"https:\/\/twitter.com\/lopezobrador_\/status\/1545776460560056320?ref_src=twsrc%5Etfw\">July 9, 2022<\/a><\/p><\/blockquote>\n<p><script async src=\"https:\/\/platform.twitter.com\/widgets.js\" charset=\"utf-8\"><\/script><\/p>\n<p>&nbsp;<\/p>\n<p class=\"p1\"><span style=\"font-size: 18pt;\"><strong>Con Echeverr\u00eda, la cantidad de empleados gubernamentales se triplic\u00f3, las empresas estatales se multiplicaron casi por ocho y la inflaci\u00f3n se dispar\u00f3, perjudicando a\u00f1os de una relativa estabilidad econ\u00f3mica.<\/strong><\/span><\/p>\n<p class=\"p1\"><span style=\"font-size: 14pt;\">Pero Echeverr\u00eda acaso ser\u00e1 mejor recordado por las acusaciones de que fue mayormente responsable, como secretario de Gobernaci\u00f3n, por la represi\u00f3n de las protestas estudiantiles de 1968 previas a los Juegos Ol\u00edmpicos de Ciudad de M\u00e9xico\u00a0que culminaron con la matanza de quiz\u00e1 hasta 300 personas.<\/span><\/p>\n<p class=\"p1\"><span style=\"font-size: 14pt;\">Casi cuatro d\u00e9cadas m\u00e1s tarde, fue puesto en arresto domiciliario cuando el caso se revivi\u00f3, un giro inusual para un expresidente.<\/span><\/p>\n<p class=\"p1\"><span style=\"font-size: 18pt;\"><strong>Las repercusiones de la masacre dieron forma a su presidencia, iniciada en 1970. En busca de resarcirse, integr\u00f3 intelectuales de izquierda al gobierno, otorg\u00f3 al Estado un amplio control de la econom\u00eda y se aline\u00f3 con las posturas de los pa\u00edses en desarrollo en asuntos internacionales. Estas medidas lo alejaron de la comunidad empresarial, la clase media y otros grupos pol\u00edticamente conservadores.<\/strong><\/span><\/p>\n<p>&nbsp;<\/p>\n<p><img loading=\"lazy\" decoding=\"async\" class=\"aligncenter wp-image-7529 size-large\" src=\"https:\/\/politicosaldesnudo.com.mx\/wp-content\/uploads\/2022\/07\/P-LUISECHEVERRIA2-1024x573.png\" alt=\"\" width=\"800\" height=\"448\" \/><\/p>\n<p>&nbsp;<\/p>\n<p class=\"p1\"><span style=\"font-size: 14pt;\">Para el final de su mandato, sobre Echeverr\u00eda pesaban denuncias de cr\u00edticos de todo el espectro pol\u00edtico: lo acusaban de autoritarismo e incompetencia, loa atacaban por pol\u00edticas que causaron una fuga de capitales y una profunda devaluaci\u00f3n del peso as\u00ed como una estagnaci\u00f3n econ\u00f3mica.<\/span><\/p>\n<p class=\"p1\"><span style=\"font-size: 18pt;\"><strong>No obstante, hizo campa\u00f1a por un Premio Nobel de la Paz y albergaba la esperanza de convertirse en secretario general de Naciones Unidas.<\/strong><\/span><\/p>\n<p>&nbsp;<\/p>\n<p class=\"p1\"><span style=\"font-size: 18pt; color: #319eca;\"><strong>\u00bfQUI\u00c9N ERA LUIS ECHEVERR\u00cdA?<\/strong><\/span><\/p>\n<p class=\"p1\"><span style=\"font-size: 18pt;\"><strong>Nacido el 17 de enero de 1922 en Ciudad de M\u00e9xico, e hijo de un empleado p\u00fablico, Echeverr\u00eda encarnaba de muchas formas la llamada \u201csegunda generaci\u00f3n\u201d de la \u00e9lite pol\u00edtica que surgi\u00f3 de la sangrienta Revoluci\u00f3n mexicana.<\/strong><\/span><\/p>\n<p class=\"p1\"><span style=\"font-size: 14pt;\">En las d\u00e9cadas posteriores a esa agitaci\u00f3n, la pol\u00edtica fue dominada por exoficiales de los ej\u00e9rcitos revolucionarios. Pero en la d\u00e9cada de los a\u00f1os 40, contar con un t\u00edtulo de la prestigiosa facultad de Derecho de la Universidad Nacional Aut\u00f3noma de M\u00e9xico se hab\u00eda convertido en el pasaporte m\u00e1s efectivo para ingresar en pol\u00edtica.<\/span><\/p>\n<p class=\"p1\"><span style=\"font-size: 18pt;\"><strong>Luego de graduarse de dicha facultad, Echeverr\u00eda se ali\u00f3 con una poderosa familia pol\u00edtica al casarse con Mar\u00eda Esther Zuno, hija del gobernador del estado de Jalisco, con quien tuvo ocho hijos. Luego se hizo de un poderoso mentor, otro prerrequisito para los aspirantes a pol\u00edtico. Se convirti\u00f3 en protegido de Gustavo D\u00edaz Ordaz, un secretario y exgobernador que claramente iba directo a la presidencia del pa\u00eds.<\/strong><\/span><\/p>\n<p><img loading=\"lazy\" decoding=\"async\" class=\"aligncenter wp-image-7530 size-large\" src=\"https:\/\/politicosaldesnudo.com.mx\/wp-content\/uploads\/2022\/07\/P-LUISECHEVERRIA3-1024x573.png\" alt=\"\" width=\"800\" height=\"448\" \/><\/p>\n<p>&nbsp;<\/p>\n<p class=\"p1\"><span style=\"font-size: 14pt;\">Cuando D\u00edaz Ordaz fue electo presidente en 1964, nombr\u00f3 a Echeverr\u00eda como su secretario de Gobernaci\u00f3n, funci\u00f3n a cargo de los asuntos pol\u00edticos internos. Ese puesto le aseguraba ser el sucesor de D\u00edaz Ordaz. Pero tambi\u00e9n lo pon\u00eda en la trayectoria de choque con los j\u00f3venes izquierdistas que se rebelaban ante la censura del r\u00e9gimen unipartidista, un clima favorable al empresariado y una fuerte influencia estadounidense.<\/span><\/p>\n<p class=\"p1\"><span style=\"font-size: 18pt;\"><strong>Los manifestantes hab\u00edan preparado sus protestas en los meses previos a los Juegos Ol\u00edmpicos de Ciudad de M\u00e9xico en octubre de 1968. D\u00edaz Ordaz orden\u00f3 que el movimiento de protesta fuera acallado a tiempo para el inicio de las Olimpiadas y Echeverr\u00eda envi\u00f3 tropas para dispersar las manifestaciones estudiantiles.<\/strong><\/span><\/p>\n<p class=\"p1\"><span style=\"font-size: 14pt;\">El 2 de octubre de 1968, durante un mitin pac\u00edfico en el complejo habitacional de Tlatelolco, soldados y agentes de seguridad del gobierno abrieron fuego contra la multitud. El gobierno indic\u00f3 que unas 30 personas hab\u00edan muerto, pero los testigos declararon que esta cifra llegaba hasta los 300.<\/span><\/p>\n<p class=\"p1\"><span style=\"font-size: 18pt;\"><strong>Echeverr\u00eda siempre hab\u00eda negado haber ordenado el ataque y alegaba que los soldados que lo llevaron a cabo no estaban bajo sus \u00f3rdenes.<\/strong><\/span><\/p>\n<p>&nbsp;<\/p>\n<p><span style=\"color: #e42d33;\"><strong><span style=\"font-size: 18pt;\">D\u00cdAZ ORDAZ ASUME LA CULPA\u00a0<\/span><\/strong><\/span><\/p>\n<p class=\"p1\"><span style=\"font-size: 14pt;\">En su informe del 1 diciembre de 1969 de los hechos ocurridos en la Plaza de las Tres Culturas el entonces presidente de M\u00e9xico, Gustavo D\u00edaz Ordaz, reconoci\u00f3 su responsabilidad en la matanza de Tlatelolco.<\/span><\/p>\n<p class=\"p1\"><span style=\"font-size: 18pt;\"><strong>Gustavo D\u00edaz Ordaz se par\u00f3 y dijo \u201cIntegramente asumo la responsabilidad personal, \u00e9tica, social, jur\u00eddica, pol\u00edtica e hist\u00f3rica por las decisiones del gobierno en relaci\u00f3n con los sucesos del a\u00f1o pasado\u201d. <\/strong><\/span><\/p>\n<p class=\"p1\"><span style=\"font-size: 14pt;\">Con est\u00e1 declaraci\u00f3n el expresidente frente a la legislatura deslind\u00f3 a todos sobre las decisiones tomadas la noche del 2 de octubre de 1968.<\/span><\/p>\n<p>&nbsp;<\/p>\n<p><img loading=\"lazy\" decoding=\"async\" class=\"aligncenter wp-image-7531 size-large\" src=\"https:\/\/politicosaldesnudo.com.mx\/wp-content\/uploads\/2022\/07\/P-ECHEVERRIA4-1024x573.png\" alt=\"\" width=\"800\" height=\"448\" \/><\/p>\n<p>&nbsp;<\/p>\n<p><span style=\"font-size: 18pt; color: #e42d33;\"><strong>PENSIONADO POR 31 A\u00d1OS<\/strong><\/span><\/p>\n<p class=\"p1\"><strong><span style=\"font-size: 18pt;\">Tan s\u00f3lo por 31 a\u00f1os Luis Echeverr\u00eda se benefici\u00f3 de la pensi\u00f3n para expresidente, la cual la recibi\u00f3 desde 1987 y hasta el pasado 2018.<\/span><\/strong><\/p>\n<p class=\"p1\"><span style=\"font-size: 18pt;\"><strong>Seg\u00fan informaci\u00f3n de\u00a0expansi\u00f3n pol\u00edtica, el expresidente recibi\u00f3 poco m\u00e1s de\u00a0161 millones de pesos\u00a0s\u00f3lo por el concepto de la pensi\u00f3n vitalicia.\u00a0<\/strong><\/span><\/p>\n<p class=\"p1\"><span style=\"font-size: 14pt;\">Adem\u00e1s el gobierno mexicano se hac\u00eda cargo, de la manutenci\u00f3n de diferentes empleados como guardaespaldas, choferes, chefs, mensajeros y m\u00e1s.<\/span><\/p>\n<p class=\"p1\"><span style=\"font-size: 14pt;\">Este calculo de la pensi\u00f3n corresponde a datos obtenidos por el mencionado medio a trav\u00e9s del Instituto Nacional de Transparencia y Acceso a la Informaci\u00f3n.<\/span><\/p>\n<p>&nbsp;<\/p>\n<p>&nbsp;<\/p>\n<p>&nbsp;<\/p>\n<p>&nbsp;<\/p>\n<p>&nbsp;<\/p>\n<p>&nbsp;<\/p>\n<p>&nbsp;<\/p>\n<p>&nbsp;<\/p>\n<p>&nbsp;<\/p>\n<p>&nbsp;<\/p>\n<p>&nbsp;<\/p>\n","protected":false},"excerpt":{"rendered":"<p>&nbsp; CIUDAD DE M\u00c9XICO. Luis Echeverr\u00eda \u00c1lvarez muere este viernes en su casa de Cuernavaca. Ten\u00eda 100 a\u00f1os. Su muerte<\/p>\n","protected":false},"author":4,"featured_media":6001,"comment_status":"closed","ping_status":"closed","sticky":false,"template":"","format":"standard","meta":{"colormag_page_container_layout":"default_layout","colormag_page_sidebar_layout":"default_layout","_jetpack_memberships_contains_paid_content":false,"footnotes":"","jetpack_publicize_message":"","jetpack_publicize_feature_enabled":true,"jetpack_social_post_already_shared":false,"jetpack_social_options":{"image_generator_settings":{"template":"highway","default_image_id":0,"font":"","enabled":false},"version":2}},"categories":[4],"tags":[1050,31],"class_list":["post-6000","post","type-post","status-publish","format-standard","has-post-thumbnail","hentry","category-nacional","tag-luis-echeverria","tag-mexico"],"jetpack_publicize_connections":[],"jetpack_featured_media_url":"https:\/\/noticiasveracruz.com\/wp-content\/uploads\/2022\/07\/P-LUISECHEVERRIA1.png","jetpack_sharing_enabled":true,"publishpress_future_action":{"enabled":false,"date":"2026-05-05 21:11:37","action":"change-status","newStatus":"draft","terms":[],"taxonomy":"category","extraData":[]},"publishpress_future_workflow_manual_trigger":{"enabledWorkflows":[]},"_links":{"self":[{"href":"https:\/\/noticiasveracruz.com\/index.php\/wp-json\/wp\/v2\/posts\/6000","targetHints":{"allow":["GET"]}}],"collection":[{"href":"https:\/\/noticiasveracruz.com\/index.php\/wp-json\/wp\/v2\/posts"}],"about":[{"href":"https:\/\/noticiasveracruz.com\/index.php\/wp-json\/wp\/v2\/types\/post"}],"author":[{"embeddable":true,"href":"https:\/\/noticiasveracruz.com\/index.php\/wp-json\/wp\/v2\/users\/4"}],"replies":[{"embeddable":true,"href":"https:\/\/noticiasveracruz.com\/index.php\/wp-json\/wp\/v2\/comments?post=6000"}],"version-history":[{"count":0,"href":"https:\/\/noticiasveracruz.com\/index.php\/wp-json\/wp\/v2\/posts\/6000\/revisions"}],"wp:featuredmedia":[{"embeddable":true,"href":"https:\/\/noticiasveracruz.com\/index.php\/wp-json\/wp\/v2\/media\/6001"}],"wp:attachment":[{"href":"https:\/\/noticiasveracruz.com\/index.php\/wp-json\/wp\/v2\/media?parent=6000"}],"wp:term":[{"taxonomy":"category","embeddable":true,"href":"https:\/\/noticiasveracruz.com\/index.php\/wp-json\/wp\/v2\/categories?post=6000"},{"taxonomy":"post_tag","embeddable":true,"href":"https:\/\/noticiasveracruz.com\/index.php\/wp-json\/wp\/v2\/tags?post=6000"}],"curies":[{"name":"wp","href":"https:\/\/api.w.org\/{rel}","templated":true}]}}