{"id":59580,"date":"2025-07-01T00:08:53","date_gmt":"2025-07-01T06:08:53","guid":{"rendered":"https:\/\/noticiasveracruz.com\/?p=59580"},"modified":"2025-06-30T20:14:39","modified_gmt":"2025-07-01T02:14:39","slug":"diputados-aprueban-ley-contra-el-lavado-de-dinero","status":"publish","type":"post","link":"https:\/\/noticiasveracruz.com\/index.php\/2025\/07\/01\/diputados-aprueban-ley-contra-el-lavado-de-dinero\/","title":{"rendered":"Diputados aprueban Ley contra el lavado de dinero"},"content":{"rendered":"<p class=\"nota-justify\">La C\u00e1mara de Diputados aprob\u00f3 esta tarde en lo general y en lo particular la reforma a la Ley contra el lavado de dinero y al C\u00f3digo Penal Federal, que endurece las medidas contra el manejo de recursos financieros il\u00edcitos, as\u00ed como operaciones de compra de inmuebles, joyas y dep\u00f3sitos en tarjetas de cr\u00e9dito y d\u00e9bito.<\/p>\n<p class=\"nota-justify\">Con la reforma, tambi\u00e9n se permite la intervenci\u00f3n de la Guardia Nacional y de la Secretar\u00eda de Seguridad y Protecci\u00f3n Ciudadana contra ese delito.<\/p>\n<p class=\"nota-justify\">\u201cSe cierra el paso al dinero sucio\u201d, expres\u00f3 en tribuna Karina del R\u00edo Zenteno (Morena).<\/p>\n<p class=\"nota-justify\">En ese sentido, la diputada Maricarmen Bernal (PT) tambi\u00e9n manifest\u00f3: \u201cNi un paso para m\u00e1s para la impunidad; ni un peso m\u00e1s para el crimen organizado\u201d.<\/p>\n<p class=\"nota-justify\">Sin pasar por comisiones y al considerar que la minuta enviada la semana anterior por la C\u00e1mara de Senadores era de urgente y obvia resoluci\u00f3n, la mayor\u00eda de Morena y sus aliados dio entrada al documento y comenz\u00f3 el debate.<\/p>\n<p class=\"nota-justify\">En lo general, la minuta se vot\u00f3 despu\u00e9s de 22 minutos en que se mantuvo abierto el sistema de votaci\u00f3n, que registr\u00f3 fallas y se apag\u00f3 tres veces debido a una falla \u2013seg\u00fan explic\u00f3 la mesa directiva- en el servicio de Internet.<\/p>\n<p class=\"nota-justify\">De esta manera, se aprob\u00f3 con 297 votos de Morena y sus aliados; 37 en contra del PRI. Para no votar en contra, PAN y MC se abstuvieron.<\/p>\n<p class=\"nota-justify\">Desde la tribuna, PAN, PRI y MC resaltaron que la reforma implica el riesgo de persecuci\u00f3n pol\u00edtica contra los opositores y cuestionaron que la Guardia Nacional ahora tenga funciones financieras.<\/p>\n<p class=\"nota-justify\">Asimismo, se\u00f1alaron que la nueva definici\u00f3n de personas pol\u00edticamente expuestas podr\u00eda someter a vigilancia a funcionarios de todos los niveles, incluso a dirigentes de los partidos pol\u00edticos.<\/p>\n<p class=\"nota-justify\">Con las modificaciones a la ley y al C\u00f3digo Penal se define como \u201cpersona pol\u00edticamente expuesta, a aquella persona f\u00edsica que desempe\u00f1a o ha desempe\u00f1ado funciones p\u00fablicas en territorio nacional o en un pa\u00eds extranjero, as\u00ed como a las personas relacionadas con ellas que cumplan con las condiciones y caracter\u00edsticas que la Secretar\u00eda (de Hacienda) establezca en reglas o disposiciones de car\u00e1cter general\u201d.<\/p>\n<p class=\"nota-justify\">Esto es, expresaron diputados de MC, la vigilancia se puede extender a socios, familiares y allegados y la informaci\u00f3n que se obtenga por parte de las dos secretar\u00edas y de la Guardia nacional \u201cse puede utilizar con discrecionalidad\u201d.<\/p>\n<p class=\"nota-justify\">El PRI envi\u00f3 a hablar en contra de la reforma a Christian Castro, sobrino del dirigente nacional de ese partido, Alejandro Moreno C\u00e1rdenas, quien fue acusado en 2022 por la fiscal\u00eda de Campeche por presunto enriquecimiento il\u00edcito.<\/p>\n<p class=\"nota-justify\">Castro -ex candidato al gobierno de esa entidad- sostuvo que la modificaci\u00f3n \u201ces para perseguir enemigos y proteger a los amigos\u201d.<\/p>\n<p class=\"nota-justify\">En contraste, Julio C\u00e9sar Moreno Rivera (Morena), se\u00f1al\u00f3 que se busca impedir casos como el financiamiento a la campa\u00f1a \u201cdel c\u00ednico de (Vicente) Fox\u201d o bien cerrare el paso a las transferencias de fondos desde el erario como ocurri\u00f3 con el\u00a0<i>Pemexgate<\/i>, que sustent\u00f3 el gasto de la promoci\u00f3n de Francisco Labastida; e incluso se repitan operaciones como la de Odebrecht y \u201cel uso de empresas fantasma que financiaron a Enrique Pe\u00f1a\u201d y ya en su sexenio la transferencia de fondos de universidades a firmas inexistentes.<\/p>\n<p class=\"nota-justify\">El pleno comenz\u00f3 el desahogo de reservas con once oradores en tribuna.<\/p>\n<p>En lo particular intervinieron once oradores y el pleno no acept\u00f3 ning\u00fan cambio. As\u00ed, y una vez corregidas las fallas del servicio de Internet, la minuta se vot\u00f3 con 349 votos en favor de la mayor\u00eda; 91 abstenciones de PAN y MC, y 37 votos en contra del PRI y una m\u00e1s del emecista Miguel \u00c1ngel Conchas.<\/p>\n<p class=\"nota-justify\">El proyecto de decreto se enviar\u00e1 al Ejecutivo para su publicaci\u00f3n en el Diario Oficial de la Federaci\u00f3n y entrada en vigor.<\/p>\n","protected":false},"excerpt":{"rendered":"<p>La C\u00e1mara de Diputados aprob\u00f3 esta tarde en lo general y en lo particular la reforma a la Ley contra<\/p>\n","protected":false},"author":4,"featured_media":59581,"comment_status":"closed","ping_status":"closed","sticky":false,"template":"","format":"standard","meta":{"colormag_page_container_layout":"default_layout","colormag_page_sidebar_layout":"default_layout","_jetpack_memberships_contains_paid_content":false,"footnotes":"","jetpack_publicize_message":"","jetpack_publicize_feature_enabled":true,"jetpack_social_post_already_shared":true,"jetpack_social_options":{"image_generator_settings":{"template":"highway","default_image_id":0,"font":"","enabled":false},"version":2}},"categories":[4],"tags":[],"class_list":["post-59580","post","type-post","status-publish","format-standard","has-post-thumbnail","hentry","category-nacional"],"jetpack_publicize_connections":[],"jetpack_featured_media_url":"https:\/\/noticiasveracruz.com\/wp-content\/uploads\/2025\/06\/Pleno-camara.jpeg","jetpack_sharing_enabled":true,"publishpress_future_action":{"enabled":false,"date":"2026-05-10 03:43:42","action":"change-status","newStatus":"draft","terms":[],"taxonomy":"category","extraData":[]},"publishpress_future_workflow_manual_trigger":{"enabledWorkflows":[]},"_links":{"self":[{"href":"https:\/\/noticiasveracruz.com\/index.php\/wp-json\/wp\/v2\/posts\/59580","targetHints":{"allow":["GET"]}}],"collection":[{"href":"https:\/\/noticiasveracruz.com\/index.php\/wp-json\/wp\/v2\/posts"}],"about":[{"href":"https:\/\/noticiasveracruz.com\/index.php\/wp-json\/wp\/v2\/types\/post"}],"author":[{"embeddable":true,"href":"https:\/\/noticiasveracruz.com\/index.php\/wp-json\/wp\/v2\/users\/4"}],"replies":[{"embeddable":true,"href":"https:\/\/noticiasveracruz.com\/index.php\/wp-json\/wp\/v2\/comments?post=59580"}],"version-history":[{"count":0,"href":"https:\/\/noticiasveracruz.com\/index.php\/wp-json\/wp\/v2\/posts\/59580\/revisions"}],"wp:featuredmedia":[{"embeddable":true,"href":"https:\/\/noticiasveracruz.com\/index.php\/wp-json\/wp\/v2\/media\/59581"}],"wp:attachment":[{"href":"https:\/\/noticiasveracruz.com\/index.php\/wp-json\/wp\/v2\/media?parent=59580"}],"wp:term":[{"taxonomy":"category","embeddable":true,"href":"https:\/\/noticiasveracruz.com\/index.php\/wp-json\/wp\/v2\/categories?post=59580"},{"taxonomy":"post_tag","embeddable":true,"href":"https:\/\/noticiasveracruz.com\/index.php\/wp-json\/wp\/v2\/tags?post=59580"}],"curies":[{"name":"wp","href":"https:\/\/api.w.org\/{rel}","templated":true}]}}