{"id":59577,"date":"2025-07-01T00:07:01","date_gmt":"2025-07-01T06:07:01","guid":{"rendered":"https:\/\/noticiasveracruz.com\/?p=59577"},"modified":"2025-06-30T20:07:43","modified_gmt":"2025-07-01T02:07:43","slug":"pan-presenta-denuncia-ante-fgr-por-lavado-de-dinero-senalan-a-empresa-vector","status":"publish","type":"post","link":"https:\/\/noticiasveracruz.com\/index.php\/2025\/07\/01\/pan-presenta-denuncia-ante-fgr-por-lavado-de-dinero-senalan-a-empresa-vector\/","title":{"rendered":"PAN presenta denuncia ante FGR por lavado de dinero; se\u00f1alan a empresa Vector"},"content":{"rendered":"<p class=\"nota-justify\">El presidente nacional y representantes del Partido Acci\u00f3n Nacional (PAN) presentaron este lunes una denuncia ante la Fiscal\u00eda General de la Rep\u00fablica (FGR), en la que solicitan investigar a la empresa Vector Casa de Bolsa y a quien resulte responsable por los presuntos delitos de encubrimiento y lavado de dinero vinculado al narcotr\u00e1fico. En su denuncia, se\u00f1alan directamente al due\u00f1o de la empresa y exjefe de la Oficina de la Presidencia, Alfonso Romo.<\/p>\n<p class=\"nota-justify\">Cuestionado en conferencia de prensa, el coordinador panista Jorge Romero asegur\u00f3 que el PAN tiene autocr\u00edtica, ya que Vector tambi\u00e9n habr\u00eda operado recursos para Genaro Garc\u00eda Luna, ex secretario de Seguridad P\u00fablica durante el gobierno de Felipe Calder\u00f3n. Sin embargo, advirti\u00f3 que el oficialismo deber\u00eda reflexionar antes de usar ese argumento, pues Romo fue colaborador cercano del expresidente Andr\u00e9s Manuel L\u00f3pez Obrador.<\/p>\n<p class=\"nota-justify\">Romero Herrera, acompa\u00f1ado por la senadora Kenia L\u00f3pez, Santiago Torreblanca, coordinador jur\u00eddico del CEN, y Jorge Triana, vocero del PAN, descart\u00f3 que su partido tema que la denuncia alcance a ex funcionarios de los gobiernos de Calder\u00f3n o Vicente Fox, en los que sirvi\u00f3 Garc\u00eda Luna.<\/p>\n<p class=\"nota-justify\">\u201cNo venimos crom\u00e1tizadamente. A quien sea que sea que tenga una conducta que sea ilegal, indebida, por supuesto que tiene que proceder el Estado de derecho, da absolutamente igual de qu\u00e9 color estamos hablando. Es una denuncia gen\u00e9rica y aplica por igual para todos\u201d, declar\u00f3 afuera de la sede de la FGR en la Ciudad de M\u00e9xico.<\/p>\n<p class=\"nota-justify\">Respecto a las pruebas, indic\u00f3 que el partido no cuenta con nuevos elementos, pero la denuncia se sustenta en las acusaciones y sanciones de autoridades de Estados Unidos contra CiBanco, Intercam y Vector, as\u00ed como en investigaciones previas de la Unidad de Inteligencia Financiera (UIF). No obstante, aclar\u00f3 que el PAN enfoc\u00f3 su denuncia \u00fanicamente en Vector, porque las operaciones irregulares presuntamente ocurrieron mientras su due\u00f1o era funcionario del gobierno federal.<\/p>\n<p class=\"nota-justify\">\u201cLa presidenta Claudia Sheinbaum dice en sus ma\u00f1aneras: \u2018\u00bfD\u00f3nde est\u00e1n las pruebas?, que presenten pruebas contundentes\u2019. Aqu\u00ed les decimos dos cosas al respecto: las pruebas contundentes las gener\u00f3 la UIF desde hace un a\u00f1o, cuando alert\u00f3 sobre m\u00e1s de 30 transacciones por casi 50 millones de d\u00f3lares. Ah\u00ed est\u00e1n, son pruebas de su propio gobierno\u201d, afirm\u00f3.<\/p>\n<p class=\"nota-justify\">Por su parte, Santiago Torreblanca detall\u00f3 que la denuncia contempla dos delitos: operaciones con recursos de procedencia il\u00edcita, que conlleva penas de 5 a 15 a\u00f1os de prisi\u00f3n, y encubrimiento, sancionado con 1 a 3 a\u00f1os.<\/p>\n<p class=\"nota-justify\">\u201cPero ojo: por el medio de comisi\u00f3n, es decir, si participaron m\u00e1s de tres personas de manera organizada y coludidas con otras, el delito se configura como delincuencia organizada\u201d, explic\u00f3.<\/p>\n<p class=\"nota-justify\">Los panistas se\u00f1alaron que esperan que la FGR inicie una investigaci\u00f3n y presente avances en un plazo no mayor a seis meses, de lo contrario \u2014advirtieron\u2014 se generar\u00e1n sospechas sobre la imparcialidad del proceso.<\/p>\n","protected":false},"excerpt":{"rendered":"<p>El presidente nacional y representantes del Partido Acci\u00f3n Nacional (PAN) presentaron este lunes una denuncia ante la Fiscal\u00eda General de<\/p>\n","protected":false},"author":4,"featured_media":59578,"comment_status":"closed","ping_status":"closed","sticky":false,"template":"","format":"standard","meta":{"colormag_page_container_layout":"default_layout","colormag_page_sidebar_layout":"default_layout","_jetpack_memberships_contains_paid_content":false,"footnotes":"","jetpack_publicize_message":"","jetpack_publicize_feature_enabled":true,"jetpack_social_post_already_shared":true,"jetpack_social_options":{"image_generator_settings":{"template":"highway","default_image_id":0,"font":"","enabled":false},"version":2}},"categories":[4],"tags":[],"class_list":["post-59577","post","type-post","status-publish","format-standard","has-post-thumbnail","hentry","category-nacional"],"jetpack_publicize_connections":[],"jetpack_featured_media_url":"https:\/\/noticiasveracruz.com\/wp-content\/uploads\/2025\/06\/PANADAQHAC.jpg","jetpack_sharing_enabled":true,"publishpress_future_action":{"enabled":false,"date":"2026-05-05 23:07:08","action":"change-status","newStatus":"draft","terms":[],"taxonomy":"category","extraData":[]},"publishpress_future_workflow_manual_trigger":{"enabledWorkflows":[]},"_links":{"self":[{"href":"https:\/\/noticiasveracruz.com\/index.php\/wp-json\/wp\/v2\/posts\/59577","targetHints":{"allow":["GET"]}}],"collection":[{"href":"https:\/\/noticiasveracruz.com\/index.php\/wp-json\/wp\/v2\/posts"}],"about":[{"href":"https:\/\/noticiasveracruz.com\/index.php\/wp-json\/wp\/v2\/types\/post"}],"author":[{"embeddable":true,"href":"https:\/\/noticiasveracruz.com\/index.php\/wp-json\/wp\/v2\/users\/4"}],"replies":[{"embeddable":true,"href":"https:\/\/noticiasveracruz.com\/index.php\/wp-json\/wp\/v2\/comments?post=59577"}],"version-history":[{"count":0,"href":"https:\/\/noticiasveracruz.com\/index.php\/wp-json\/wp\/v2\/posts\/59577\/revisions"}],"wp:featuredmedia":[{"embeddable":true,"href":"https:\/\/noticiasveracruz.com\/index.php\/wp-json\/wp\/v2\/media\/59578"}],"wp:attachment":[{"href":"https:\/\/noticiasveracruz.com\/index.php\/wp-json\/wp\/v2\/media?parent=59577"}],"wp:term":[{"taxonomy":"category","embeddable":true,"href":"https:\/\/noticiasveracruz.com\/index.php\/wp-json\/wp\/v2\/categories?post=59577"},{"taxonomy":"post_tag","embeddable":true,"href":"https:\/\/noticiasveracruz.com\/index.php\/wp-json\/wp\/v2\/tags?post=59577"}],"curies":[{"name":"wp","href":"https:\/\/api.w.org\/{rel}","templated":true}]}}