{"id":59574,"date":"2025-07-01T00:06:00","date_gmt":"2025-07-01T06:06:00","guid":{"rendered":"https:\/\/noticiasveracruz.com\/?p=59574"},"modified":"2025-06-30T20:05:46","modified_gmt":"2025-07-01T02:05:46","slug":"cuestiona-oposicion-nombramiento-de-lopez-gatell-como-representante-ante-oms","status":"publish","type":"post","link":"https:\/\/noticiasveracruz.com\/index.php\/2025\/07\/01\/cuestiona-oposicion-nombramiento-de-lopez-gatell-como-representante-ante-oms\/","title":{"rendered":"Cuestiona oposici\u00f3n nombramiento de L\u00f3pez Gatell como representante ante OMS"},"content":{"rendered":"<p class=\"nota-justify\">La oposici\u00f3n en el Senado tron\u00f3 contra el nombramiento de Hugo L\u00f3pez Gatell como representante de M\u00e9xico ante la Organizaci\u00f3n Mundial de Salud (OMS), al confirmar que esta c\u00e1mara no tiene facultades para poner a votaci\u00f3n su ratificaci\u00f3n.<\/p>\n<p class=\"nota-justify\">En contrapartida, Morena celebro la designaci\u00f3n y dijo que se le hace justicia a una persona que ha aportado mucho, luego de que PRI y MC cuestionaron la actuaci\u00f3n del funcionario durante la pandemia de Covid19 e incluso lo responsabilizaron de la muerte de m\u00e1s de 800 mil personas a causa del virus y de que 215 mil ni\u00f1os hayan quedado en la orfandad.<\/p>\n<p class=\"nota-justify\">El presidente del Senado, Gerardo Fern\u00e1ndez Noro\u00f1a, se\u00f1al\u00f3 que las denuncias contra el epidemi\u00f3logo son \u201cpuro golpeteo pol\u00edtico\u201d, adem\u00e1s de que la oposici\u00f3n es muy hip\u00f3crita.<\/p>\n<p class=\"nota-justify\">Hablan contra la Guardia Nacional y las fuerzas armadas, \u201cpero se toman a foto\u201d con ellos. La oposici\u00f3n \u201cest\u00e1 actuando con mucha incongruencia; la tiene muy dif\u00edcil hagan lo que hagan\u201d. Si van en alianza en 2027 \u201cse los va a chupar la bruja y si van separados se los va a chupar la bruja\u201d, abund\u00f3 el morenista.<\/p>\n<p class=\"nota-justify\">El coordinador del PRI, Manuel A\u00f1orve, estim\u00f3 que el nombramiento de L\u00f3pez Gatell es una recomendaci\u00f3n del ex presidente Andr\u00e9s Manuel L\u00f3pez Obrador a la actual titular del ejecutivo, Claudia Sheinbaum.<\/p>\n<p class=\"nota-justify\">En lugar de premiarlo con esa designaci\u00f3n, apunt\u00f3 que el ex funcionario deber\u00eda estar en la c\u00e1rcel, pues se trata de \u201cun asesino\u201d. Provoc\u00f3 la muerte de 800 mil mexicanos, insisti\u00f3 al dar a conocer que presentar\u00e1 denuncia contra L\u00f3pez Gatell. Sumado a ello, consider\u00f3 que la OMS puede rechazar este nombramiento.<\/p>\n<p class=\"nota-justify\">Por su lado, Clemente Casta\u00f1eda, coordinador de Movimiento Ciudadano en el Senado, se\u00f1al\u00f3 que el ex subsecretario de salud tuvo un manejo criminal de la pandemia, por lo que pidi\u00f3 que sea procesado penalmente.<\/p>\n<p class=\"nota-justify\">Confirm\u00f3 que el nombramiento del representante de M\u00e9xico ante la OMS es decisi\u00f3n exclusiva del ejecutivo; no pasa por la c\u00e1mara alta.<\/p>\n","protected":false},"excerpt":{"rendered":"<p>La oposici\u00f3n en el Senado tron\u00f3 contra el nombramiento de Hugo L\u00f3pez Gatell como representante de M\u00e9xico ante la Organizaci\u00f3n<\/p>\n","protected":false},"author":4,"featured_media":59575,"comment_status":"closed","ping_status":"closed","sticky":false,"template":"","format":"standard","meta":{"colormag_page_container_layout":"default_layout","colormag_page_sidebar_layout":"default_layout","_jetpack_memberships_contains_paid_content":false,"footnotes":"","jetpack_publicize_message":"","jetpack_publicize_feature_enabled":true,"jetpack_social_post_already_shared":true,"jetpack_social_options":{"image_generator_settings":{"template":"highway","default_image_id":0,"font":"","enabled":false},"version":2}},"categories":[4],"tags":[],"class_list":["post-59574","post","type-post","status-publish","format-standard","has-post-thumbnail","hentry","category-nacional"],"jetpack_publicize_connections":[],"jetpack_featured_media_url":"https:\/\/noticiasveracruz.com\/wp-content\/uploads\/2025\/06\/GAT.jpg","jetpack_sharing_enabled":true,"publishpress_future_action":{"enabled":false,"date":"2026-05-05 22:58:25","action":"change-status","newStatus":"draft","terms":[],"taxonomy":"category","extraData":[]},"publishpress_future_workflow_manual_trigger":{"enabledWorkflows":[]},"_links":{"self":[{"href":"https:\/\/noticiasveracruz.com\/index.php\/wp-json\/wp\/v2\/posts\/59574","targetHints":{"allow":["GET"]}}],"collection":[{"href":"https:\/\/noticiasveracruz.com\/index.php\/wp-json\/wp\/v2\/posts"}],"about":[{"href":"https:\/\/noticiasveracruz.com\/index.php\/wp-json\/wp\/v2\/types\/post"}],"author":[{"embeddable":true,"href":"https:\/\/noticiasveracruz.com\/index.php\/wp-json\/wp\/v2\/users\/4"}],"replies":[{"embeddable":true,"href":"https:\/\/noticiasveracruz.com\/index.php\/wp-json\/wp\/v2\/comments?post=59574"}],"version-history":[{"count":0,"href":"https:\/\/noticiasveracruz.com\/index.php\/wp-json\/wp\/v2\/posts\/59574\/revisions"}],"wp:featuredmedia":[{"embeddable":true,"href":"https:\/\/noticiasveracruz.com\/index.php\/wp-json\/wp\/v2\/media\/59575"}],"wp:attachment":[{"href":"https:\/\/noticiasveracruz.com\/index.php\/wp-json\/wp\/v2\/media?parent=59574"}],"wp:term":[{"taxonomy":"category","embeddable":true,"href":"https:\/\/noticiasveracruz.com\/index.php\/wp-json\/wp\/v2\/categories?post=59574"},{"taxonomy":"post_tag","embeddable":true,"href":"https:\/\/noticiasveracruz.com\/index.php\/wp-json\/wp\/v2\/tags?post=59574"}],"curies":[{"name":"wp","href":"https:\/\/api.w.org\/{rel}","templated":true}]}}