{"id":59571,"date":"2025-07-01T00:05:14","date_gmt":"2025-07-01T06:05:14","guid":{"rendered":"https:\/\/noticiasveracruz.com\/?p=59571"},"modified":"2025-06-30T20:03:24","modified_gmt":"2025-07-01T02:03:24","slug":"aprueba-senado-nueva-ley-de-guardia-nacional","status":"publish","type":"post","link":"https:\/\/noticiasveracruz.com\/index.php\/2025\/07\/01\/aprueba-senado-nueva-ley-de-guardia-nacional\/","title":{"rendered":"Aprueba Senado nueva Ley de Guardia Nacional"},"content":{"rendered":"<p class=\"nota-justify\">El Senado de la Rep\u00fablica aprob\u00f3 hoy la legislaci\u00f3n secundaria que regir\u00e1 la actuaci\u00f3n de la Guardia Nacional (GN) como Fuerza Armada Permanente, bajo la conducci\u00f3n de la Secretar\u00eda de la Defensa Nacional (Sedena), la que tendr\u00e1 a su cargo administrar y organizar a esa corporaci\u00f3n, a fin de que cumpla con la responsabilidad de combatir al crimen organizado.<\/p>\n<p class=\"nota-justify\">Pas\u00f3 con 75 votos a favor y 34 en contra, en medio de una defensa f\u00e9rrea de Morena y aliados al papel que la GN ha tenido en sus seis a\u00f1os de existencia para frenar la violencia y la inseguridad, frente a la afirmaci\u00f3n reiterada de la oposici\u00f3n de que se militariza al pa\u00eds y a un Estado autoritario.<\/p>\n<p class=\"nota-justify\">La minuta proveniente de la C\u00e1mara de Diputados se aprob\u00f3 sin cambios y fue turnada a la presidencia de la rep\u00fablica, para su promulgaci\u00f3n.<\/p>\n<p class=\"nota-justify\">Durante el debate, panistas, pri\u00edstas y senadores de MC cuestionaron que la GN tenga facultades en materia de investigaci\u00f3n de delitos, de actuar en asuntos migratorios y que sus integrantes puedan aspirar a cargos de representaci\u00f3n popular, entre ellos para diputados y senadores, previa licencia al cargo.<\/p>\n<p class=\"nota-justify\">En el dictamen se establece que en base a la reforma constitucional publicada el 30 de septiembre de 2024, la Guardia Nacional se define \u201c como una fuerza de seguridad p\u00fablica permanente, profesional, integrada por personal militar con formaci\u00f3n polic\u00eda\u201d, dependiente de la Sedena<\/p>\n<p class=\"nota-justify\">Se integrar\u00e1 tambi\u00e9n con personal civil de confianza para tareas t\u00e9cnicas y administrativas , regido por la Ley Federal de los Trabajadores al Servicio del Estado, el mando operativo y estrat\u00e9gico recaer\u00e1 en la estructura militar.<\/p>\n<p class=\"nota-justify\">La presidenta de la Rep\u00fablica ostentar\u00e1 el Mando Supremo, mientras que el Alto Mando corresponder\u00e1 a la persona titular de la Sedena.<\/p>\n<p class=\"nota-justify\">Esta \u00faltima dependencia ser\u00e1 la dependencia responsable de organizar, equipar, educar, adiestrar, capacitar, administrar y desarrollar a la Guardia Nacional<\/p>\n<p class=\"nota-justify\">Se asigna asimismo a la Sedena las tareas de: generar, operar, procesar y utilizar informaci\u00f3n en materia de Seguridad Nacional para advertir riesgos y prevenir amenazas mediante los organismos de inteligencia.<\/p>\n<p class=\"nota-justify\">Igualmente, requerir e intercambiar informaci\u00f3n en materia de seguridad nacional, previa coordinaci\u00f3n con las instancias del Consejo de Segundad Nacional.<\/p>\n<p class=\"nota-justify\">En relaci\u00f3n con la GN , establecer coordinaci\u00f3n con el Centro Nacional de Inteligencia y el Centro Nacional de Informaci\u00f3n, para generar, compartir y obtener informaci\u00f3n, que permita a cumplir con los fines de la Estrategia Nacional de Seguridad P\u00fablica, entre otras vinculadas con la supervisi\u00f3n y verificaci\u00f3n del correcto cumplimiento de las tareas de la Guardia.<\/p>\n<p class=\"nota-justify\">El mando de la Guardia Nacional deja de ser civil para recaer en un General de Divisi\u00f3n en activo designado por el Ejecutivo Federal a propuesta de la persona titular de la Secretar\u00eda de la Defensa Nacional. La oposici\u00f3n reprob\u00f3 la presunta militarizaci\u00f3n de la seguridad p\u00fablica.<\/p>\n<p class=\"nota-justify\">El debate polariz\u00f3 posturas, los pri\u00edstas y panistas no dejaron de repetir que el pa\u00eds se militariza, sin que haya paz. \u201cla delincuencia organizada impone reglas en colonias y comunidades y a la Guardia Nacional la est\u00e1n utilizando para intimidar a los adversarios, reprimir protestas, vigilar opositores e inclusive hasta para impedir eventos culturales\u201d, recalc\u00f3 la senadora del PRI, Karla Toledo.<\/p>\n<p class=\"nota-justify\">En tanto, el senador del PAN, Enrique Vargas del Villar, dijo no es la a soluci\u00f3n para la seguridad p\u00fablica en M\u00e9xico y pregunt\u00f3 , \u201cqu\u00e9 pas\u00f3 en Culiac\u00e1n ayer, 16 cuerpos, cuatro en un puente, cuando la Guardia Nacional est\u00e1 ah\u00ed 24 horas. Entiendan que esta no es la soluci\u00f3n\u201d. Present\u00f3 adem\u00e1s videos del ex presidente Andr\u00e9s Manuel L\u00f3pez Obrador y otros funcionarios de Morena, con declaraciones de a\u00f1os pasadas en contra del empleo de las fuerzas armadas en tareas de seguridad.<\/p>\n<p class=\"nota-justify\">\u201cLa militarizaci\u00f3n es una salida falsa para escapar de la espiral de violencia y de inseguridad, y no contribuye en absoluto a la construcci\u00f3n de la paz\u201d, recalc\u00f3 el coordinador de MC, Clemente Casta\u00f1eda.<\/p>\n<p class=\"nota-justify\">En respuesta, el senador de Morena, Luis Fernando Salazar, les hizo notar que los argumentos de la oposici\u00f3n son falsos, y que eran de otras \u00e9pocas, del sexenio de Felipe Calder\u00f3n, cuando se emple\u00f3 al ej\u00e9rcito en su fallida guerra\u201d contra el narcotr\u00e1fico, sin un marco jur\u00eddico que lo respaldara.<\/p>\n<p class=\"nota-justify\">\u201cHoy el verdadero reto es consolidar esta instituci\u00f3n como una fuerza s\u00f3lida y permanente, por eso no es casual que su consolidaci\u00f3n sea uno de los ejes centrales de seguridad p\u00fablica\u201d, recalc\u00f3.<\/p>\n<p class=\"nota-justify\">La tambi\u00e9n Morenista Nora Ruvalcaba hizo notar que la GN tiene un nivel de aceptaci\u00f3n del 64 por ciento entre la poblaci\u00f3n y su compa\u00f1ero de bancada, Emmanuel Reyes destac\u00f3 que gracias a esa corporaci\u00f3n se ha logrado frenar la violencia en Guanajuato, en medio de la coordinaci\u00f3n entre el gobierno local panista y el federal.<\/p>\n<p class=\"nota-justify\">Legisladores del PRI y MC presentaron reservas, fin de eliminar la posibilidad de que los miembros de la GN accedan a cargos de representaci\u00f3n popular, ya que en la reforma se establece que se les dar\u00e1 licencia, lo que fue rechazado por la mayor\u00eda de la 4T.<\/p>\n","protected":false},"excerpt":{"rendered":"<p>El Senado de la Rep\u00fablica aprob\u00f3 hoy la legislaci\u00f3n secundaria que regir\u00e1 la actuaci\u00f3n de la Guardia Nacional (GN) como<\/p>\n","protected":false},"author":4,"featured_media":59572,"comment_status":"closed","ping_status":"closed","sticky":false,"template":"","format":"standard","meta":{"colormag_page_container_layout":"default_layout","colormag_page_sidebar_layout":"default_layout","_jetpack_memberships_contains_paid_content":false,"footnotes":"","jetpack_publicize_message":"","jetpack_publicize_feature_enabled":true,"jetpack_social_post_already_shared":true,"jetpack_social_options":{"image_generator_settings":{"template":"highway","default_image_id":0,"font":"","enabled":false},"version":2}},"categories":[4],"tags":[],"class_list":["post-59571","post","type-post","status-publish","format-standard","has-post-thumbnail","hentry","category-nacional"],"jetpack_publicize_connections":[],"jetpack_featured_media_url":"https:\/\/noticiasveracruz.com\/wp-content\/uploads\/2025\/06\/GN.jpg","jetpack_sharing_enabled":true,"publishpress_future_action":{"enabled":false,"date":"2026-05-05 22:52:38","action":"change-status","newStatus":"draft","terms":[],"taxonomy":"category","extraData":[]},"publishpress_future_workflow_manual_trigger":{"enabledWorkflows":[]},"_links":{"self":[{"href":"https:\/\/noticiasveracruz.com\/index.php\/wp-json\/wp\/v2\/posts\/59571","targetHints":{"allow":["GET"]}}],"collection":[{"href":"https:\/\/noticiasveracruz.com\/index.php\/wp-json\/wp\/v2\/posts"}],"about":[{"href":"https:\/\/noticiasveracruz.com\/index.php\/wp-json\/wp\/v2\/types\/post"}],"author":[{"embeddable":true,"href":"https:\/\/noticiasveracruz.com\/index.php\/wp-json\/wp\/v2\/users\/4"}],"replies":[{"embeddable":true,"href":"https:\/\/noticiasveracruz.com\/index.php\/wp-json\/wp\/v2\/comments?post=59571"}],"version-history":[{"count":0,"href":"https:\/\/noticiasveracruz.com\/index.php\/wp-json\/wp\/v2\/posts\/59571\/revisions"}],"wp:featuredmedia":[{"embeddable":true,"href":"https:\/\/noticiasveracruz.com\/index.php\/wp-json\/wp\/v2\/media\/59572"}],"wp:attachment":[{"href":"https:\/\/noticiasveracruz.com\/index.php\/wp-json\/wp\/v2\/media?parent=59571"}],"wp:term":[{"taxonomy":"category","embeddable":true,"href":"https:\/\/noticiasveracruz.com\/index.php\/wp-json\/wp\/v2\/categories?post=59571"},{"taxonomy":"post_tag","embeddable":true,"href":"https:\/\/noticiasveracruz.com\/index.php\/wp-json\/wp\/v2\/tags?post=59571"}],"curies":[{"name":"wp","href":"https:\/\/api.w.org\/{rel}","templated":true}]}}