{"id":59568,"date":"2025-07-01T00:04:22","date_gmt":"2025-07-01T06:04:22","guid":{"rendered":"https:\/\/noticiasveracruz.com\/?p=59568"},"modified":"2025-06-30T19:55:51","modified_gmt":"2025-07-01T01:55:51","slug":"conagua-y-conafor-reforestan-veracruz-con-mas-de-2500-arboles-en-el-dia-mundial-del-arbol","status":"publish","type":"post","link":"https:\/\/noticiasveracruz.com\/index.php\/2025\/07\/01\/conagua-y-conafor-reforestan-veracruz-con-mas-de-2500-arboles-en-el-dia-mundial-del-arbol\/","title":{"rendered":"Conagua y Conafor reforestan Veracruz con m\u00e1s de 2,500 \u00e1rboles en el D\u00eda Mundial del \u00c1rbol"},"content":{"rendered":"<p>En el marco del D\u00eda Mundial del \u00c1rbol y como parte del Acuerdo Nacional por el Derecho Humano al Agua y la Sustentabilidad, la Comisi\u00f3n Nacional del Agua (Conagua) y la Comisi\u00f3n Nacional Forestal (Conafor) llevaron a cabo una jornada de reforestaci\u00f3n en el municipio de Acultzingo, Veracruz.<\/p>\n<p>El evento se desarroll\u00f3 en la localidad de Acatla y reuni\u00f3 a m\u00e1s de 500 participantes, entre ellos autoridades ambientales, representantes del sector empresarial, estudiantes de todos los niveles educativos y legisladores como el diputado federal Jonathan Puertos Chimalhua y la diputada local Dulce Mar\u00eda Hern\u00e1ndez Tepole.<\/p>\n<p>Durante su intervenci\u00f3n, Pablo Rafael Robles Barajas, director del Organismo de Cuenca Golfo Centro de la Conagua, destac\u00f3 que el prop\u00f3sito de la jornada va m\u00e1s all\u00e1 de la reforestaci\u00f3n, pues responde al compromiso nacional por el agua y la sostenibilidad. Subray\u00f3 adem\u00e1s que el r\u00edo Blanco ha sido definido como un afluente prioritario, por lo que las acciones se enfocar\u00e1n en su recuperaci\u00f3n, conservaci\u00f3n y manejo sustentable.<\/p>\n<p>Al finalizar la jornada, se logr\u00f3 la siembra de aproximadamente 2,500 \u00e1rboles de especies como jacaranda, roble, primavera y guaje. La iniciativa forma parte de los compromisos derivados del acuerdo firmado en noviembre de 2024 por la presidenta Claudia Sheinbaum, que busca fortalecer la gesti\u00f3n sostenible del agua a trav\u00e9s de la colaboraci\u00f3n entre gobierno, sociedad, academia e industria.<\/p>\n","protected":false},"excerpt":{"rendered":"<p>En el marco del D\u00eda Mundial del \u00c1rbol y como parte del Acuerdo Nacional por el Derecho Humano al Agua<\/p>\n","protected":false},"author":4,"featured_media":59569,"comment_status":"closed","ping_status":"closed","sticky":false,"template":"","format":"standard","meta":{"colormag_page_container_layout":"default_layout","colormag_page_sidebar_layout":"default_layout","_jetpack_memberships_contains_paid_content":false,"footnotes":"","jetpack_publicize_message":"","jetpack_publicize_feature_enabled":true,"jetpack_social_post_already_shared":true,"jetpack_social_options":{"image_generator_settings":{"template":"highway","default_image_id":0,"font":"","enabled":false},"version":2}},"categories":[356],"tags":[],"class_list":["post-59568","post","type-post","status-publish","format-standard","has-post-thumbnail","hentry","category-veracruz"],"jetpack_publicize_connections":[],"jetpack_featured_media_url":"https:\/\/noticiasveracruz.com\/wp-content\/uploads\/2025\/06\/REFO.jpg","jetpack_sharing_enabled":true,"publishpress_future_action":{"enabled":false,"date":"2026-05-05 22:43:45","action":"change-status","newStatus":"draft","terms":[],"taxonomy":"category","extraData":[]},"publishpress_future_workflow_manual_trigger":{"enabledWorkflows":[]},"_links":{"self":[{"href":"https:\/\/noticiasveracruz.com\/index.php\/wp-json\/wp\/v2\/posts\/59568","targetHints":{"allow":["GET"]}}],"collection":[{"href":"https:\/\/noticiasveracruz.com\/index.php\/wp-json\/wp\/v2\/posts"}],"about":[{"href":"https:\/\/noticiasveracruz.com\/index.php\/wp-json\/wp\/v2\/types\/post"}],"author":[{"embeddable":true,"href":"https:\/\/noticiasveracruz.com\/index.php\/wp-json\/wp\/v2\/users\/4"}],"replies":[{"embeddable":true,"href":"https:\/\/noticiasveracruz.com\/index.php\/wp-json\/wp\/v2\/comments?post=59568"}],"version-history":[{"count":0,"href":"https:\/\/noticiasveracruz.com\/index.php\/wp-json\/wp\/v2\/posts\/59568\/revisions"}],"wp:featuredmedia":[{"embeddable":true,"href":"https:\/\/noticiasveracruz.com\/index.php\/wp-json\/wp\/v2\/media\/59569"}],"wp:attachment":[{"href":"https:\/\/noticiasveracruz.com\/index.php\/wp-json\/wp\/v2\/media?parent=59568"}],"wp:term":[{"taxonomy":"category","embeddable":true,"href":"https:\/\/noticiasveracruz.com\/index.php\/wp-json\/wp\/v2\/categories?post=59568"},{"taxonomy":"post_tag","embeddable":true,"href":"https:\/\/noticiasveracruz.com\/index.php\/wp-json\/wp\/v2\/tags?post=59568"}],"curies":[{"name":"wp","href":"https:\/\/api.w.org\/{rel}","templated":true}]}}