{"id":59559,"date":"2025-07-01T00:01:59","date_gmt":"2025-07-01T06:01:59","guid":{"rendered":"https:\/\/noticiasveracruz.com\/?p=59559"},"modified":"2025-06-30T19:50:32","modified_gmt":"2025-07-01T01:50:32","slug":"no-descarta-vicente-aguilar-buscar-la-reeleccion-en-dirigencia-estatal-del-pt","status":"publish","type":"post","link":"https:\/\/noticiasveracruz.com\/index.php\/2025\/07\/01\/no-descarta-vicente-aguilar-buscar-la-reeleccion-en-dirigencia-estatal-del-pt\/","title":{"rendered":"No descarta Vicente Aguilar buscar la reelecci\u00f3n en dirigencia estatal del PT"},"content":{"rendered":"<p>Con miras al congreso estatal del Partido del Trabajo (PT), que se estima se celebrar\u00eda en dos meses m\u00e1s, la dirigencia estatal lleva a cabo la renovaci\u00f3n de los comit\u00e9s municipales, inform\u00f3 Vicente Aguilar Aguilar, coordinador de la Comisi\u00f3n Ejecutiva Estatal de este instituto pol\u00edtico.<\/p>\n<p>No descart\u00f3 buscar la reelecci\u00f3n en el cargo que ostenta, tema que se abordar\u00e1 en el consejo estatal en donde los integrantes del PT decidir\u00e1n si continuar\u00e1 al frente del partido. \u201cNo s\u00e9 todav\u00eda, ya estoy cascarita, a ver si aguanto\u201d, argument\u00f3.<\/p>\n<p>Revel\u00f3 que hay una mujer que podr\u00eda estar al frente del partido, pero eso lo decidir\u00e1n los consejeros, pero que las posibilidades est\u00e1n abiertas para que una f\u00e9mina lo presida pr\u00f3ximamente.<\/p>\n<p>\u201cSer coordinador creen que es f\u00e1cil. No quisiera estar en el lugar de quien aspire a suplirme. Hay que recorrer todo el estado, hay que meterle lana y equipo, as\u00ed como mucho esfuerzo. Est\u00e1 dif\u00edcil y se cansa uno mucho\u201d, resalt\u00f3.<\/p>\n<p>Pese a todo eso, no descart\u00f3 la posibilidad de mantenerse en el cargo. \u201cSin embargo, hay que dar paso a las nuevas generaciones y ver, tambi\u00e9n qui\u00e9nes son, porque tambi\u00e9n hay oportunistas\u201d.<\/p>\n<p>Sin mencionar nombres, expuso: \u201cSe van a dar cuenta (qui\u00e9nes son los oportunistas), pero vamos a ver qu\u00e9 dice el congreso primero, porque lo van a determinar los delegados\u201d.<\/p>\n<p>A\u00f1adi\u00f3 que en este momento se est\u00e1 en la conformaci\u00f3n de las comisiones municipales. Para ello, dijo que se est\u00e1 invitando a aspirantes, presidentes electos, dirigentes del partido y a la sociedad, entre otros. \u201cHan llegado dirigentes de sindicatos, deportistas que les interesa la pol\u00edtica y muchos m\u00e1s\u201d.<\/p>\n<p>Finalmente, agradeci\u00f3 el apoyo brindado por el dirigente nacional del partido, Alberto Anaya, a quien reconoci\u00f3 como un gran l\u00edder nacional e internacional, y quien dio un \u201csalvaje apoyo\u201d para ganar los 30 municipios veracruzanos en las pasadas elecciones municipales, concluy\u00f3.<\/p>\n","protected":false},"excerpt":{"rendered":"<p>Con miras al congreso estatal del Partido del Trabajo (PT), que se estima se celebrar\u00eda en dos meses m\u00e1s, la<\/p>\n","protected":false},"author":4,"featured_media":59560,"comment_status":"closed","ping_status":"closed","sticky":false,"template":"","format":"standard","meta":{"colormag_page_container_layout":"default_layout","colormag_page_sidebar_layout":"default_layout","_jetpack_memberships_contains_paid_content":false,"footnotes":"","jetpack_publicize_message":"","jetpack_publicize_feature_enabled":true,"jetpack_social_post_already_shared":true,"jetpack_social_options":{"image_generator_settings":{"template":"highway","default_image_id":0,"font":"","enabled":false},"version":2}},"categories":[356],"tags":[],"class_list":["post-59559","post","type-post","status-publish","format-standard","has-post-thumbnail","hentry","category-veracruz"],"jetpack_publicize_connections":[],"jetpack_featured_media_url":"https:\/\/noticiasveracruz.com\/wp-content\/uploads\/2025\/06\/vicente-aguilar-aguilar-696x645-1.jpg","jetpack_sharing_enabled":true,"publishpress_future_action":{"enabled":false,"date":"2026-05-05 22:16:17","action":"change-status","newStatus":"draft","terms":[],"taxonomy":"category","extraData":[]},"publishpress_future_workflow_manual_trigger":{"enabledWorkflows":[]},"_links":{"self":[{"href":"https:\/\/noticiasveracruz.com\/index.php\/wp-json\/wp\/v2\/posts\/59559","targetHints":{"allow":["GET"]}}],"collection":[{"href":"https:\/\/noticiasveracruz.com\/index.php\/wp-json\/wp\/v2\/posts"}],"about":[{"href":"https:\/\/noticiasveracruz.com\/index.php\/wp-json\/wp\/v2\/types\/post"}],"author":[{"embeddable":true,"href":"https:\/\/noticiasveracruz.com\/index.php\/wp-json\/wp\/v2\/users\/4"}],"replies":[{"embeddable":true,"href":"https:\/\/noticiasveracruz.com\/index.php\/wp-json\/wp\/v2\/comments?post=59559"}],"version-history":[{"count":0,"href":"https:\/\/noticiasveracruz.com\/index.php\/wp-json\/wp\/v2\/posts\/59559\/revisions"}],"wp:featuredmedia":[{"embeddable":true,"href":"https:\/\/noticiasveracruz.com\/index.php\/wp-json\/wp\/v2\/media\/59560"}],"wp:attachment":[{"href":"https:\/\/noticiasveracruz.com\/index.php\/wp-json\/wp\/v2\/media?parent=59559"}],"wp:term":[{"taxonomy":"category","embeddable":true,"href":"https:\/\/noticiasveracruz.com\/index.php\/wp-json\/wp\/v2\/categories?post=59559"},{"taxonomy":"post_tag","embeddable":true,"href":"https:\/\/noticiasveracruz.com\/index.php\/wp-json\/wp\/v2\/tags?post=59559"}],"curies":[{"name":"wp","href":"https:\/\/api.w.org\/{rel}","templated":true}]}}