{"id":59548,"date":"2025-06-30T00:29:05","date_gmt":"2025-06-30T06:29:05","guid":{"rendered":"https:\/\/noticiasveracruz.com\/?p=59548"},"modified":"2025-06-29T23:22:27","modified_gmt":"2025-06-30T05:22:27","slug":"aranceles-asesinan-el-tratado","status":"publish","type":"post","link":"https:\/\/noticiasveracruz.com\/index.php\/2025\/06\/30\/aranceles-asesinan-el-tratado\/","title":{"rendered":"Aranceles asesinan el tratado"},"content":{"rendered":"<p><strong>Trump como dice una cosa dice otra, lo \u00fanico que no cambia en \u00e9l es el color de su cabello<\/strong><\/p>\n<p><strong>Por \u00c1ngel \u00c1lvaro Pe\u00f1a<\/strong><\/p>\n<p>&nbsp;<\/p>\n<p>Es posible que ni el propio Donald Trump sepa, a ciencia cierta, si la despedida que le hizo a Canad\u00e1 del TMEC se la haya tomado a pecho el primer ministro Mark Carney, o lo deje pasar como si nada hubiera pasado y seguir las negociaciones.<\/p>\n<p>Hasta el momento se desconoce si se trata de una tregua o de un pleito, con Trump no se sabe, lo cierto es que Estados Unidos tendr\u00e1 que buscar la cara de Carney para que se sume a las maniobras de la OTAN y otorgue el 5 por ciento del PIB a la guerra y su lucha contra Ir\u00e1n y los pa\u00edses que pueden unirse para hacer un frente com\u00fan con Israel y Estados Unidos. Pero hasta en esto hay discrepancias, porque no hace poco, Canad\u00e1 est\u00e1 en conversaciones avanzadas con la Uni\u00f3n Europea para unirse al nuevo proyecto del bloque para expandir su industria militar, una medida que permitir\u00eda a Canad\u00e1 ser parte de la construcci\u00f3n de aviones de combate europeos y otros equipos militares en sus propias instalaciones industriales, con el objetivo de reducir su dependencia de Estados Unidos, impulsar\u00eda a los fabricantes militares de Canad\u00e1 y ofrecer\u00eda al pa\u00eds un nuevo mercado en un momento en que su relaci\u00f3n con Estados Unidos se ha deteriorado.<\/p>\n<p>En una cumbre dise\u00f1ada a la medida del presidente estadounidense Donald\u202fTrump, los 32 pa\u00edses miembros de la OTAN se comprometieron a elevar su gasto en defensa hasta el 5\u202f% del PIB para 2035, una decisi\u00f3n sin precedente impulsada por presi\u00f3n de Estados Unidos. Hasta ahora, el objetivo exigido era solo del 2\u202f%, y 22 pa\u00edses ya lo hab\u00edan alcanzado el a\u00f1o pasado.<\/p>\n<p>Sin embargo, los t\u00e9rminos generaron tensiones. Trump critic\u00f3 duramente a Espa\u00f1a por considerarla \u201cinjusta\u201d con un gasto inferior al 5\u202f%, y advirti\u00f3 que el pa\u00eds podr\u00eda enfrentar mayores restricciones comerciales.<\/p>\n<p>Es decir, que el alto mando de la OTAN, siempre es un estadounidense, pero eso no quiere decir que tenga un solo jefe, se trata de un organismo entre pares, donde el mando es consensuado y ahora Trump toma decisiones y condiciona a los pa\u00edses miembros al decir que si no destina un 5 por ciento del PIB a su industria militar ser\u00e1n castigados con aranceles altos.<\/p>\n<p>La inconsistencia de Trump, hace que sus socios lo vean pr\u00e1cticamente como un loco al que el queda muy grande la corona de rey.<\/p>\n<p>Lo cierto es que Canad\u00e1, cambi\u00f3 de mando y el nuevo primer ministro ya vislumbra otros horizontes comerciales para su pa\u00eds, dejando en el T-MEC a Estados Unidos y M\u00e9xico. No es ning\u00fan honor para nadie ser el mejor socio comercial de Estados Unidos en estos momentos.<\/p>\n<p>Atr\u00e1s quedaron los tiempos en los que era primer ministro Justin Trudeau y quer\u00eda sacar del tratado a M\u00e9xico, argumentando que nuestro territorio era la puerta de entrada de los productos chinos que merman la eficacia y ganancias de las mercanc\u00edas que lo integraban.<\/p>\n<p>Ahora Canad\u00e1 ha abierto la puerta a aumentar aranceles sobre acero y aluminio estadounidenses en julio si las negociaciones comerciales con la administraci\u00f3n Trump se estancan.<\/p>\n<p>Estados Unidos aplica aranceles del 50 por ciento al acero y el aluminio extranjeros, y Canad\u00e1 aplica actualmente aranceles compensatorios del 25 por ciento a los productos de acero y aluminio fabricados en Estados Unidos. Sin embargo, ambos pa\u00edses est\u00e1n negociando un acuerdo comercial, cuya fecha l\u00edmite provisional es mediados de julio.<\/p>\n<p>\u201cContinuaremos estas negociaciones, por supuesto, de buena fe\u201d, declar\u00f3 el primer ministro Mark Carney en una conferencia de prensa. \u201cParalelamente, debemos reforzar nuestra posici\u00f3n en el pa\u00eds y proteger a los trabajadores y las empresas canadienses de los injustos aranceles estadounidenses vigentes\u201d.<\/p>\n<p>Pero, Trump suma enemigos que debieron ser siempre amigos. La necesidad de armonizar en los mercados en este momento obliga a conservar lo que hay y, por grande que sea la crisis que se le avecina, buscar alternativas viables antes que afectar a otros pa\u00edses.<\/p>\n<p>Cuando se le pregunt\u00f3 al primer ministro de Canad\u00e1 si su pa\u00eds estar\u00eda dispuesto a aceptar algunos aranceles estadounidenses como parte de un acuerdo, Carney respondi\u00f3 que el verdadero libre comercio es lo mejor para ambos pa\u00edses.<\/p>\n<p>Las cifras juegan a favor de M\u00e9xico entre los pa\u00edses del T-MEC. Y que Canad\u00e1 se beneficia m\u00e1s de Estados Unidos que de M\u00e9xico, al primero le vende 309,337 millones de d\u00f3lares, y al segundo, 9,600 millones; estas cifras son las registradas entre enero y septiembre de 2024, seg\u00fan la Oficina del Censo de Estados Unidos y de Banxico.<\/p>\n<p>Los golpes contra el T-MEC vienen de todos lados menos de M\u00e9xico. La unidad comercial la sabotean tanto Estados Unidos como Canad\u00e1, y la sobrevivencia del tratado parece llegar a la etapa terminal. En el primero Trump, desesperado por la crisis econ\u00f3mica, no le importa subir aranceles por todas las mercanc\u00eda habidas y por haber; en cuanto a Canad\u00e1, se ve en la necesidad de mostrar que el rumbo ha cambiado y que el obediente e inexperto Trudeau ha quedado en el pasado y Carney quiere que su pa\u00eds tenga voz y voto firme en la decisi\u00f3n del aumento a los aranceles.<\/p>\n<p>Se suma a M\u00e9xico en una postura de dignidad ante Trump, hace equipo, pero, al mismo tiempo, depende de Estados Unidos en lo militar.<\/p>\n<p>La reconstrucci\u00f3n del T-MEC es una nueva tarea para Claudia Sheinbaum, cuya popularidad, dentro y fuera de las fronteras mexicanas, aumentar\u00eda si logra, de nuevo la armon\u00eda entre los tres pa\u00edses.<\/p>\n","protected":false},"excerpt":{"rendered":"<p>Trump como dice una cosa dice otra, lo \u00fanico que no cambia en \u00e9l es el color de su cabello<\/p>\n","protected":false},"author":4,"featured_media":59549,"comment_status":"closed","ping_status":"closed","sticky":false,"template":"","format":"standard","meta":{"colormag_page_container_layout":"default_layout","colormag_page_sidebar_layout":"default_layout","_jetpack_memberships_contains_paid_content":false,"footnotes":"","jetpack_publicize_message":"","jetpack_publicize_feature_enabled":true,"jetpack_social_post_already_shared":true,"jetpack_social_options":{"image_generator_settings":{"template":"highway","default_image_id":0,"font":"","enabled":false},"version":2}},"categories":[6],"tags":[],"class_list":["post-59548","post","type-post","status-publish","format-standard","has-post-thumbnail","hentry","category-columnistas"],"jetpack_publicize_connections":[],"jetpack_featured_media_url":"https:\/\/noticiasveracruz.com\/wp-content\/uploads\/2025\/06\/julia-gonzalez-cre-plazos-terminos-legales-tmec-750x375-1.jpg","jetpack_sharing_enabled":true,"publishpress_future_action":{"enabled":false,"date":"2026-05-05 22:25:33","action":"change-status","newStatus":"draft","terms":[],"taxonomy":"category","extraData":[]},"publishpress_future_workflow_manual_trigger":{"enabledWorkflows":[]},"_links":{"self":[{"href":"https:\/\/noticiasveracruz.com\/index.php\/wp-json\/wp\/v2\/posts\/59548","targetHints":{"allow":["GET"]}}],"collection":[{"href":"https:\/\/noticiasveracruz.com\/index.php\/wp-json\/wp\/v2\/posts"}],"about":[{"href":"https:\/\/noticiasveracruz.com\/index.php\/wp-json\/wp\/v2\/types\/post"}],"author":[{"embeddable":true,"href":"https:\/\/noticiasveracruz.com\/index.php\/wp-json\/wp\/v2\/users\/4"}],"replies":[{"embeddable":true,"href":"https:\/\/noticiasveracruz.com\/index.php\/wp-json\/wp\/v2\/comments?post=59548"}],"version-history":[{"count":0,"href":"https:\/\/noticiasveracruz.com\/index.php\/wp-json\/wp\/v2\/posts\/59548\/revisions"}],"wp:featuredmedia":[{"embeddable":true,"href":"https:\/\/noticiasveracruz.com\/index.php\/wp-json\/wp\/v2\/media\/59549"}],"wp:attachment":[{"href":"https:\/\/noticiasveracruz.com\/index.php\/wp-json\/wp\/v2\/media?parent=59548"}],"wp:term":[{"taxonomy":"category","embeddable":true,"href":"https:\/\/noticiasveracruz.com\/index.php\/wp-json\/wp\/v2\/categories?post=59548"},{"taxonomy":"post_tag","embeddable":true,"href":"https:\/\/noticiasveracruz.com\/index.php\/wp-json\/wp\/v2\/tags?post=59548"}],"curies":[{"name":"wp","href":"https:\/\/api.w.org\/{rel}","templated":true}]}}