{"id":59546,"date":"2025-06-30T00:28:23","date_gmt":"2025-06-30T06:28:23","guid":{"rendered":"https:\/\/noticiasveracruz.com\/?p=59546"},"modified":"2025-06-30T01:11:00","modified_gmt":"2025-06-30T07:11:00","slug":"morena-reorganizacion-y-acuerdos-de-poder","status":"publish","type":"post","link":"https:\/\/noticiasveracruz.com\/index.php\/2025\/06\/30\/morena-reorganizacion-y-acuerdos-de-poder\/","title":{"rendered":"Morena: Reorganizaci\u00f3n y Acuerdos de Poder"},"content":{"rendered":"<p><em>\u201cQue el principal serm\u00f3n de tu vida lo predique tu conducta.\u201d \u2013 C.H.Spurgeon.<\/em><\/p>\n<p><strong>\u00a0<\/strong><\/p>\n<p><strong>Tras la reciente celebraci\u00f3n del Consejo Pol\u00edtico Estatal de Morena en Veracruz, el partido guinda ha comenzado una etapa de recomposici\u00f3n interna marcada por se\u00f1ales de unidad, reacomodo estrat\u00e9gico y acuerdos de poder.<\/strong><\/p>\n<p><strong>La presencia de la gobernadora Roc\u00edo Nahle Garc\u00eda no solo revisti\u00f3 el acto de legitimidad institucional, sino que envi\u00f3 un mensaje claro: Morena se prepara desde ahora para el proceso electoral de 2027, el primero que depender\u00e1 enteramente de su gobierno estatal.<\/strong><\/p>\n<p><strong>En el encuentro, los principales liderazgos del partido convergieron como pocas veces ocurre en la vida interna de Morena. Desde la mandataria estatal, pasando por alcaldes, diputados locales y federales, hasta operadores territoriales y fundadores del movimiento, todos coincidieron en el llamado a cerrar filas.<\/strong><\/p>\n<p><strong>Nahle no solo hizo acto de presencia, sino que ofreci\u00f3 un respaldo expl\u00edcito a Esteban Ram\u00edrez Zepeta como dirigente estatal, enviando una se\u00f1al de continuidad y disciplina partidaria en momentos donde la institucionalidad del partido ser\u00e1 clave.<\/strong><\/p>\n<p><strong>Aun cuando algunos dentro de Morena ya se tallan las manos por realizar un cambio de dirigencia que les represente mejores posiciones.<\/strong><\/p>\n<p><strong>Uno de los puntos m\u00e1s comentados en los pasillos pol\u00edticos fue el visible acercamiento entre el presidente de la Junta de Coordinaci\u00f3n Pol\u00edtica del Congreso local, Esteban Bautista Hern\u00e1ndez, y el delegado de Bienestar, Juan Javier G\u00f3mez Cazar\u00edn.<\/strong><\/p>\n<p><strong>Ambos actores, conocidos por su influencia territorial y peso pol\u00edtico, podr\u00edan estar explorando un acuerdo de corresponsabilidad en la ruta hacia el 2027. La fotograf\u00eda del saludo entre ambos no fue casual: es una postal del pragmatismo que empieza a imponerse sobre las viejas diferencias.<\/strong><\/p>\n<p><strong>En paralelo, militantes de base y algunos cuadros fundadores han comenzado a expresar inquietudes respecto al rol del senador Manuel Huerta Ladr\u00f3n de Guevara, figura pol\u00e9mica, pero con capital pol\u00edtico propio.<\/strong><\/p>\n<p><strong>Si bien no estuvo presente en el Consejo, su nombre fue tema obligado en corrillos y mesas privadas. \u00bfSer\u00e1 incorporado formalmente al reordenamiento interno o continuar\u00e1 orbitando como figura cr\u00edtica desde la periferia del partido? La definici\u00f3n de su papel es crucial para evitar rupturas futuras.<\/strong><\/p>\n<p><strong>Lo que queda claro es que Morena en Veracruz ha comenzado a caminar hacia su siguiente gran prueba electoral. Con la fuerza institucional del gobierno estatal, pero tambi\u00e9n con los desaf\u00edos de la gesti\u00f3n p\u00fablica, la disciplina interna y la diversidad de intereses, el reto ser\u00e1 conservar la cohesi\u00f3n.<\/strong><\/p>\n<p><strong>El llamado de Roc\u00edo Nahle a la unidad no es ret\u00f3rico. En el 2027 no habr\u00e1 pretextos: los \u00e9xitos o los fracasos ser\u00e1n, por primera vez, enteramente responsabilidad de quienes hoy gobiernan.<\/strong><\/p>\n<p><strong>\u00a0<\/strong><\/p>\n<p><strong>Al tiempo.<\/strong><\/p>\n<p><img loading=\"lazy\" decoding=\"async\" class=\"alignnone wp-image-59532 size-full\" src=\"http:\/\/noticiasveracruz.com\/wp-content\/uploads\/2025\/06\/FIRMA-EDITORIAL-PD-8.jpg\" alt=\"\" width=\"1024\" height=\"125\" srcset=\"https:\/\/noticiasveracruz.com\/wp-content\/uploads\/2025\/06\/FIRMA-EDITORIAL-PD-8.jpg 1024w, https:\/\/noticiasveracruz.com\/wp-content\/uploads\/2025\/06\/FIRMA-EDITORIAL-PD-8-300x37.jpg 300w, https:\/\/noticiasveracruz.com\/wp-content\/uploads\/2025\/06\/FIRMA-EDITORIAL-PD-8-768x94.jpg 768w\" sizes=\"auto, (max-width: 1024px) 100vw, 1024px\" \/><\/p>\n","protected":false},"excerpt":{"rendered":"<p>\u201cQue el principal serm\u00f3n de tu vida lo predique tu conducta.\u201d \u2013 C.H.Spurgeon. \u00a0 Tras la reciente celebraci\u00f3n del Consejo<\/p>\n","protected":false},"author":4,"featured_media":30989,"comment_status":"closed","ping_status":"closed","sticky":false,"template":"","format":"standard","meta":{"colormag_page_container_layout":"default_layout","colormag_page_sidebar_layout":"default_layout","_jetpack_memberships_contains_paid_content":false,"footnotes":"","jetpack_publicize_message":"","jetpack_publicize_feature_enabled":true,"jetpack_social_post_already_shared":true,"jetpack_social_options":{"image_generator_settings":{"template":"highway","default_image_id":0,"font":"","enabled":false},"version":2}},"categories":[6],"tags":[],"class_list":["post-59546","post","type-post","status-publish","format-standard","has-post-thumbnail","hentry","category-columnistas"],"jetpack_publicize_connections":[],"jetpack_featured_media_url":"https:\/\/noticiasveracruz.com\/wp-content\/uploads\/2024\/05\/LUIS-RAMIREZ-BAQUEIRO-800x445-1.png","jetpack_sharing_enabled":true,"publishpress_future_action":{"enabled":false,"date":"2026-05-05 22:34:27","action":"change-status","newStatus":"draft","terms":[],"taxonomy":"category","extraData":[]},"publishpress_future_workflow_manual_trigger":{"enabledWorkflows":[]},"_links":{"self":[{"href":"https:\/\/noticiasveracruz.com\/index.php\/wp-json\/wp\/v2\/posts\/59546","targetHints":{"allow":["GET"]}}],"collection":[{"href":"https:\/\/noticiasveracruz.com\/index.php\/wp-json\/wp\/v2\/posts"}],"about":[{"href":"https:\/\/noticiasveracruz.com\/index.php\/wp-json\/wp\/v2\/types\/post"}],"author":[{"embeddable":true,"href":"https:\/\/noticiasveracruz.com\/index.php\/wp-json\/wp\/v2\/users\/4"}],"replies":[{"embeddable":true,"href":"https:\/\/noticiasveracruz.com\/index.php\/wp-json\/wp\/v2\/comments?post=59546"}],"version-history":[{"count":0,"href":"https:\/\/noticiasveracruz.com\/index.php\/wp-json\/wp\/v2\/posts\/59546\/revisions"}],"wp:featuredmedia":[{"embeddable":true,"href":"https:\/\/noticiasveracruz.com\/index.php\/wp-json\/wp\/v2\/media\/30989"}],"wp:attachment":[{"href":"https:\/\/noticiasveracruz.com\/index.php\/wp-json\/wp\/v2\/media?parent=59546"}],"wp:term":[{"taxonomy":"category","embeddable":true,"href":"https:\/\/noticiasveracruz.com\/index.php\/wp-json\/wp\/v2\/categories?post=59546"},{"taxonomy":"post_tag","embeddable":true,"href":"https:\/\/noticiasveracruz.com\/index.php\/wp-json\/wp\/v2\/tags?post=59546"}],"curies":[{"name":"wp","href":"https:\/\/api.w.org\/{rel}","templated":true}]}}