{"id":59534,"date":"2025-06-30T00:22:45","date_gmt":"2025-06-30T06:22:45","guid":{"rendered":"https:\/\/noticiasveracruz.com\/?p=59534"},"modified":"2025-06-29T23:08:26","modified_gmt":"2025-06-30T05:08:26","slug":"rendicion-de-cuentas","status":"publish","type":"post","link":"https:\/\/noticiasveracruz.com\/index.php\/2025\/06\/30\/rendicion-de-cuentas\/","title":{"rendered":"Rendici\u00f3n de cuentas"},"content":{"rendered":"<p>El alud de demandas en contra de ciudadanos y el acoso en contra de periodistas cr\u00edticos que exhiben la opacidad en obras de infraestructura p\u00fablica, -o en compras gubernamentales-, tienden a crear un ambiente de autocensura derivada de una velada y no aceptada represi\u00f3n por parte de servidores p\u00fablicos hoy poderosos.<\/p>\n<p>Si bien lo que hoy se est\u00e1 practicando no constituye un acto de censura al estilo tradicional, si es equiparable a esta pr\u00e1ctica de un pasado autoritario.<\/p>\n<p>Podemos decir que el resultado final de la censura de antes y de la represi\u00f3n de hoy es el mismo.<\/p>\n<p>La censura que antiguamente se ejerc\u00eda en contra de la prensa consist\u00eda en impedir la publicaci\u00f3n o difusi\u00f3n de noticias en contra de alg\u00fan funcionario p\u00fablico.<\/p>\n<p>Importante destacar\u00a0 que la censura en contra del ciudadano antiguamente no exist\u00eda, pues \u00e9ste no ten\u00eda acceso a los medios de comunicaci\u00f3n masiva, que eran pocos y estaban centralizados. Adem\u00e1s, en esas \u00e9pocas no exist\u00edan las redes sociales.<\/p>\n<p>En contraste hoy las redes sociales han dado gran participaci\u00f3n al ciudadano.<\/p>\n<p>Hoy vemos un nuevo fen\u00f3meno. Hay ciudadanos que han sido demandados por gente poderosa de la pol\u00edtica, que argument\u00f3 sentirse agraviada por tuits publicados en la red social \u201cX\u201d, con comentarios sarc\u00e1sticos que se interpretaron como ofensas. Esto nunca antes hab\u00eda sucedido.<\/p>\n<p>Sin embargo, este precedente abre graves riesgos para la democracia pues puede ser utilizado para evadir la rendici\u00f3n de cuentas de funcionarios p\u00fablicos y criminalizar muchas conductas pol\u00edticamente inmorales.<\/p>\n<p>Esta es la nueva forma de reprimir la libertad de expresi\u00f3n. Demandar a quien cuestione a un servidor p\u00fablico, a partir del argumento de da\u00f1o a su reputaci\u00f3n y a su honor. Lo peor es que las autoridades judiciales han dado la raz\u00f3n al funcionario p\u00fablico demandante y han castigado al ciudadano a reparar el da\u00f1o de honor con una compensaci\u00f3n econ\u00f3mica fuerte. Las ciudadanas Laisha Wilkins y Karla Estrella han sido demandadas y castigadas, no s\u00f3lo a ofrecer disculpas, sino a pagar una compensaci\u00f3n econ\u00f3mica. El TEPJF ha sido la autoridad que emiti\u00f3 este veredicto.<\/p>\n<p>A partir de ahora exigir rendici\u00f3n de cuentas a un funcionario, -sobre su trabajo-, podr\u00eda ser considerado una ofensa que amerite una remuneraci\u00f3n.<\/p>\n<p>Siempre el funcionario p\u00fablico y el pol\u00edtico hab\u00edan estado sujetos a la rendici\u00f3n de cuentas escrutinio de su actividad p\u00fablica. Sin embargo, hoy esta pr\u00e1ctica democr\u00e1tica se est\u00e1 reprimiendo.<\/p>\n<p>Debe revisarse la legislaci\u00f3n pues no puede considerarse democr\u00e1tico un pa\u00eds donde el derecho ciudadano a exigir rendici\u00f3n de cuentas termine siendo castigado por un juez, o un organismo p\u00fablico como lo es el Tribunal Electoral Del Poder Judicial de la Federaci\u00f3n.<\/p>\n<p>Los funcionarios p\u00fablicos y los pol\u00edticos deben estar sujetos al escrutinio continuo de su actividad.<\/p>\n<p>Sin embargo, el actual r\u00e9gimen denominado 4T ha empezado a desaparecer los organismos p\u00fablicos aut\u00f3nomos que salvaguardaban el derecho ciudadano a exigir la rendici\u00f3n de cuentas, de modo tal que el mismo gobierno se convierte en juez y parte pues ya no tiene un contrapeso que garantice la transparencia, como lo hac\u00edan los organismos p\u00fablicos aut\u00f3nomos, hoy en proceso de extinci\u00f3n.<\/p>\n<p>La opacidad hoy se ha convertido en la forma natural de un gobierno que se comprometi\u00f3 inicialmente a combatir la corrupci\u00f3n y por eso gan\u00f3 leg\u00edtimamente las elecciones. Sin embargo, hoy ha olvidado ese compromiso.<\/p>\n<p><img loading=\"lazy\" decoding=\"async\" class=\"alignnone wp-image-59532 size-full\" src=\"http:\/\/noticiasveracruz.com\/wp-content\/uploads\/2025\/06\/FIRMA-EDITORIAL-PD-8.jpg\" alt=\"\" width=\"1024\" height=\"125\" srcset=\"https:\/\/noticiasveracruz.com\/wp-content\/uploads\/2025\/06\/FIRMA-EDITORIAL-PD-8.jpg 1024w, https:\/\/noticiasveracruz.com\/wp-content\/uploads\/2025\/06\/FIRMA-EDITORIAL-PD-8-300x37.jpg 300w, https:\/\/noticiasveracruz.com\/wp-content\/uploads\/2025\/06\/FIRMA-EDITORIAL-PD-8-768x94.jpg 768w\" sizes=\"auto, (max-width: 1024px) 100vw, 1024px\" \/><\/p>\n","protected":false},"excerpt":{"rendered":"<p>El alud de demandas en contra de ciudadanos y el acoso en contra de periodistas cr\u00edticos que exhiben la opacidad<\/p>\n","protected":false},"author":4,"featured_media":44976,"comment_status":"closed","ping_status":"closed","sticky":false,"template":"","format":"standard","meta":{"colormag_page_container_layout":"default_layout","colormag_page_sidebar_layout":"default_layout","_jetpack_memberships_contains_paid_content":false,"footnotes":"","jetpack_publicize_message":"","jetpack_publicize_feature_enabled":true,"jetpack_social_post_already_shared":true,"jetpack_social_options":{"image_generator_settings":{"template":"highway","default_image_id":0,"font":"","enabled":false},"version":2}},"categories":[6],"tags":[],"class_list":["post-59534","post","type-post","status-publish","format-standard","has-post-thumbnail","hentry","category-columnistas"],"jetpack_publicize_connections":[],"jetpack_featured_media_url":"https:\/\/noticiasveracruz.com\/wp-content\/uploads\/2024\/11\/NV-RICARDO-HOMS.jpg","jetpack_sharing_enabled":true,"publishpress_future_action":{"enabled":false,"date":"2026-05-08 04:25:42","action":"change-status","newStatus":"draft","terms":[],"taxonomy":"category","extraData":[]},"publishpress_future_workflow_manual_trigger":{"enabledWorkflows":[]},"_links":{"self":[{"href":"https:\/\/noticiasveracruz.com\/index.php\/wp-json\/wp\/v2\/posts\/59534","targetHints":{"allow":["GET"]}}],"collection":[{"href":"https:\/\/noticiasveracruz.com\/index.php\/wp-json\/wp\/v2\/posts"}],"about":[{"href":"https:\/\/noticiasveracruz.com\/index.php\/wp-json\/wp\/v2\/types\/post"}],"author":[{"embeddable":true,"href":"https:\/\/noticiasveracruz.com\/index.php\/wp-json\/wp\/v2\/users\/4"}],"replies":[{"embeddable":true,"href":"https:\/\/noticiasveracruz.com\/index.php\/wp-json\/wp\/v2\/comments?post=59534"}],"version-history":[{"count":0,"href":"https:\/\/noticiasveracruz.com\/index.php\/wp-json\/wp\/v2\/posts\/59534\/revisions"}],"wp:featuredmedia":[{"embeddable":true,"href":"https:\/\/noticiasveracruz.com\/index.php\/wp-json\/wp\/v2\/media\/44976"}],"wp:attachment":[{"href":"https:\/\/noticiasveracruz.com\/index.php\/wp-json\/wp\/v2\/media?parent=59534"}],"wp:term":[{"taxonomy":"category","embeddable":true,"href":"https:\/\/noticiasveracruz.com\/index.php\/wp-json\/wp\/v2\/categories?post=59534"},{"taxonomy":"post_tag","embeddable":true,"href":"https:\/\/noticiasveracruz.com\/index.php\/wp-json\/wp\/v2\/tags?post=59534"}],"curies":[{"name":"wp","href":"https:\/\/api.w.org\/{rel}","templated":true}]}}