{"id":59528,"date":"2025-06-30T00:20:52","date_gmt":"2025-06-30T06:20:52","guid":{"rendered":"https:\/\/noticiasveracruz.com\/?p=59528"},"modified":"2025-06-29T22:59:37","modified_gmt":"2025-06-30T04:59:37","slug":"jamenei-asegura-que-trump-exagera-sobre-impacto-de-ataques-de-eu","status":"publish","type":"post","link":"https:\/\/noticiasveracruz.com\/index.php\/2025\/06\/30\/jamenei-asegura-que-trump-exagera-sobre-impacto-de-ataques-de-eu\/","title":{"rendered":"Jamenei asegura que Trump exagera sobre impacto de ataques de EU"},"content":{"rendered":"<p>El l\u00edder supremo de Ir\u00e1n, el ayatol\u00e1 Al\u00ed Jamenei, ha considerado este domingo que el presidente de Estados Unidos, Donald Trump, ha exagerado los resultados del ataque efectuado la semana pasada contra las instalaciones nucleares del pa\u00eds, en el \u00faltimo episodio de un cruce de declaraciones entre ambos l\u00edderes sobre las consecuencias de los bombardeos.<\/p>\n<p>Mientras este mismo domingo Trump &#8212; que lleg\u00f3 a llamar \u00abmentiroso\u00bb al l\u00edder iran\u00ed por decir que Ir\u00e1n hab\u00eda ganado la guerra contra Israel &#8212; defend\u00eda una vez m\u00e1s el \u00e9xito de los ataques, en particular en las instalaciones subterr\u00e1neas de Fordo, alcanzadas por una bomba de penetraci\u00f3n, Jamenei ha insistido en que el mandatario \u00abest\u00e1 empleando exageraciones poco convencionales al describir lo sucedido\u00bb.<\/p>\n<p>Jamenei, en un mensaje publicado en su cuenta oficial en la red X, vio \u00abnecesario\u00bb que Trump haya exagerado sus palabras, en su opini\u00f3n, \u00abporque cualquiera que las escuche se va a dar cuenta de que hay otra verdad tras ellas\u00bb. \u00abComo no consiguieron nada\u00bb, ha asegurado el ayatol\u00e1, los estadounidenses \u00abexageraron para ocultar la verdad y mantenerla en secreto\u00bb.<\/p>\n<p>Por contra, y en entrevista a\u00a0<i>Fox News,<\/i>\u00a0Trump ha asegurado que Fordo no solo ha quedado destruida sino que los responsables iran\u00edes no tuvieron tiempo de sacar el uranio enriquecido de las entra\u00f1as de la monta\u00f1a donde se encuentra la instalaci\u00f3n.<\/p>\n<p>\u00abNo trasladaron nada porque no se cre\u00edan que lo que conseguimos era posible. Y lo hicimos. Hicimos algo extraordinario: miles de toneladas de roca sepultan ahora ese lugar. Ese sitio est\u00e1 completamente destruido\u00bb, ha insistido antes de justificar sus ataques una vez m\u00e1s.<\/p>\n<p>\u00abLos iran\u00edes nos dijeron que quer\u00edan enriquecer uranio, y enriquecer uranio no es lo mismo que instalar un aire acondicionado o arreglar el coche. &#8216;Enriquecimiento&#8217; es una palabra muy mala y no pod\u00eda dejar que eso sucediera\u00bb, ha indicado el mandatario estadunidense.<\/p>\n","protected":false},"excerpt":{"rendered":"<p>El l\u00edder supremo de Ir\u00e1n, el ayatol\u00e1 Al\u00ed Jamenei, ha considerado este domingo que el presidente de Estados Unidos, Donald<\/p>\n","protected":false},"author":4,"featured_media":59529,"comment_status":"closed","ping_status":"closed","sticky":false,"template":"","format":"standard","meta":{"colormag_page_container_layout":"default_layout","colormag_page_sidebar_layout":"default_layout","_jetpack_memberships_contains_paid_content":false,"footnotes":"","jetpack_publicize_message":"","jetpack_publicize_feature_enabled":true,"jetpack_social_post_already_shared":true,"jetpack_social_options":{"image_generator_settings":{"template":"highway","default_image_id":0,"font":"","enabled":false},"version":2}},"categories":[355],"tags":[],"class_list":["post-59528","post","type-post","status-publish","format-standard","has-post-thumbnail","hentry","category-internacional"],"jetpack_publicize_connections":[],"jetpack_featured_media_url":"https:\/\/noticiasveracruz.com\/wp-content\/uploads\/2025\/06\/JAME.jpg","jetpack_sharing_enabled":true,"publishpress_future_action":{"enabled":false,"date":"2026-05-08 06:06:06","action":"change-status","newStatus":"draft","terms":[],"taxonomy":"category","extraData":[]},"publishpress_future_workflow_manual_trigger":{"enabledWorkflows":[]},"_links":{"self":[{"href":"https:\/\/noticiasveracruz.com\/index.php\/wp-json\/wp\/v2\/posts\/59528","targetHints":{"allow":["GET"]}}],"collection":[{"href":"https:\/\/noticiasveracruz.com\/index.php\/wp-json\/wp\/v2\/posts"}],"about":[{"href":"https:\/\/noticiasveracruz.com\/index.php\/wp-json\/wp\/v2\/types\/post"}],"author":[{"embeddable":true,"href":"https:\/\/noticiasveracruz.com\/index.php\/wp-json\/wp\/v2\/users\/4"}],"replies":[{"embeddable":true,"href":"https:\/\/noticiasveracruz.com\/index.php\/wp-json\/wp\/v2\/comments?post=59528"}],"version-history":[{"count":0,"href":"https:\/\/noticiasveracruz.com\/index.php\/wp-json\/wp\/v2\/posts\/59528\/revisions"}],"wp:featuredmedia":[{"embeddable":true,"href":"https:\/\/noticiasveracruz.com\/index.php\/wp-json\/wp\/v2\/media\/59529"}],"wp:attachment":[{"href":"https:\/\/noticiasveracruz.com\/index.php\/wp-json\/wp\/v2\/media?parent=59528"}],"wp:term":[{"taxonomy":"category","embeddable":true,"href":"https:\/\/noticiasveracruz.com\/index.php\/wp-json\/wp\/v2\/categories?post=59528"},{"taxonomy":"post_tag","embeddable":true,"href":"https:\/\/noticiasveracruz.com\/index.php\/wp-json\/wp\/v2\/tags?post=59528"}],"curies":[{"name":"wp","href":"https:\/\/api.w.org\/{rel}","templated":true}]}}