{"id":59321,"date":"2025-06-27T00:02:22","date_gmt":"2025-06-27T06:02:22","guid":{"rendered":"https:\/\/noticiasveracruz.com\/?p=59321"},"modified":"2025-06-26T22:37:00","modified_gmt":"2025-06-27T04:37:00","slug":"buscan-prohibir-reeleccion-y-nepotismo-electoral-en-cargos-de-eleccion-popular","status":"publish","type":"post","link":"https:\/\/noticiasveracruz.com\/index.php\/2025\/06\/27\/buscan-prohibir-reeleccion-y-nepotismo-electoral-en-cargos-de-eleccion-popular\/","title":{"rendered":"Buscan prohibir reelecci\u00f3n y nepotismo electoral en cargos de elecci\u00f3n popular"},"content":{"rendered":"<p>Diputadas y diputados propusieron reformar cuatro art\u00edculos de la Constituci\u00f3n Pol\u00edtica del estado de Veracruz y armonizarla con la Carta Magna federal, a fin de fortalecer el ejercicio de los derechos pol\u00edticos, al prohibir la reelecci\u00f3n inmediata para legisladores y ediles, y al incorporar el concepto de \u201cnepotismo electoral\u201d como impedimento para el acceso a cargos de elecci\u00f3n popular garantizado una representaci\u00f3n m\u00e1s efectiva, equitativa y transparente.<\/p>\n<p>El Grupo Legislativo del Partido Verde Ecologista de M\u00e9xico (PVEM), en voz de su coordinador, diputado Carlos Marcelo Ruiz S\u00e1nchez, present\u00f3 dicho proyecto en la Novena Sesi\u00f3n Ordinaria.<\/p>\n<p>Primeramente, proponen que las diputadas y los diputados locales no puedan ser reelectos para el per\u00edodo inmediato posterior al ejercicio de su mandato. Se precisa que la prohibici\u00f3n de la reelecci\u00f3n inmediata se implementar\u00e1 a partir de los procesos electorales de 2030, en sincron\u00eda con el calendario federal para dicho efecto.<\/p>\n<p>Adem\u00e1s, que no tengan o hayan tenido en los \u00faltimos tres a\u00f1os anteriores al d\u00eda de la elecci\u00f3n un v\u00ednculo de matrimonio o concubinato o uni\u00f3n de hecho, o de parentesco por consanguinidad o civil en l\u00ednea recta sin limitaci\u00f3n de grado y en l\u00ednea colateral hasta el cuarto grado o de afinidad hasta el segundo grado, con quien est\u00e9 ejerciendo la titularidad de la diputaci\u00f3n en el distrito por el que se postula o de la Legislatura del estado.<\/p>\n<p>Los mismos criterios aplican en los casos de la titularidad del Poder Ejecutivo federal o del estado y de la presidencia municipal, regidur\u00eda o sindicatura en el mismo ayuntamiento al que se postula.<\/p>\n<p>Esta propuesta, destacan sus proponentes, abona a la fortaleza de las instituciones y al pleno respeto de los derechos de las veracruzanas y los veracruzanos a estar debida y eficazmente representados.<\/p>\n<p>Con la adhesi\u00f3n del Grupo Legislativo de Morena, la Iniciativa con Proyecto de Decreto por el que se reforman los art\u00edculos 21, 22, 43 y 69 de la Constituci\u00f3n Pol\u00edtica del estado fue turnada a las Comisiones Permanentes Unidas de Justicia y Puntos Constitucionales y de Organizaci\u00f3n Pol\u00edtica y Procesos Electorales.<\/p>\n","protected":false},"excerpt":{"rendered":"<p>Diputadas y diputados propusieron reformar cuatro art\u00edculos de la Constituci\u00f3n Pol\u00edtica del estado de Veracruz y armonizarla con la Carta<\/p>\n","protected":false},"author":4,"featured_media":59322,"comment_status":"closed","ping_status":"closed","sticky":false,"template":"","format":"standard","meta":{"colormag_page_container_layout":"default_layout","colormag_page_sidebar_layout":"default_layout","_jetpack_memberships_contains_paid_content":false,"footnotes":"","jetpack_publicize_message":"","jetpack_publicize_feature_enabled":true,"jetpack_social_post_already_shared":true,"jetpack_social_options":{"image_generator_settings":{"template":"highway","default_image_id":0,"font":"","enabled":false},"version":2}},"categories":[356],"tags":[],"class_list":["post-59321","post","type-post","status-publish","format-standard","has-post-thumbnail","hentry","category-veracruz"],"jetpack_publicize_connections":[],"jetpack_featured_media_url":"https:\/\/noticiasveracruz.com\/wp-content\/uploads\/2025\/06\/WhatsApp-Image-2025-06-26-at-17.12.27.jpeg","jetpack_sharing_enabled":true,"publishpress_future_action":{"enabled":false,"date":"2026-05-10 06:41:21","action":"change-status","newStatus":"draft","terms":[],"taxonomy":"category","extraData":[]},"publishpress_future_workflow_manual_trigger":{"enabledWorkflows":[]},"_links":{"self":[{"href":"https:\/\/noticiasveracruz.com\/index.php\/wp-json\/wp\/v2\/posts\/59321","targetHints":{"allow":["GET"]}}],"collection":[{"href":"https:\/\/noticiasveracruz.com\/index.php\/wp-json\/wp\/v2\/posts"}],"about":[{"href":"https:\/\/noticiasveracruz.com\/index.php\/wp-json\/wp\/v2\/types\/post"}],"author":[{"embeddable":true,"href":"https:\/\/noticiasveracruz.com\/index.php\/wp-json\/wp\/v2\/users\/4"}],"replies":[{"embeddable":true,"href":"https:\/\/noticiasveracruz.com\/index.php\/wp-json\/wp\/v2\/comments?post=59321"}],"version-history":[{"count":0,"href":"https:\/\/noticiasveracruz.com\/index.php\/wp-json\/wp\/v2\/posts\/59321\/revisions"}],"wp:featuredmedia":[{"embeddable":true,"href":"https:\/\/noticiasveracruz.com\/index.php\/wp-json\/wp\/v2\/media\/59322"}],"wp:attachment":[{"href":"https:\/\/noticiasveracruz.com\/index.php\/wp-json\/wp\/v2\/media?parent=59321"}],"wp:term":[{"taxonomy":"category","embeddable":true,"href":"https:\/\/noticiasveracruz.com\/index.php\/wp-json\/wp\/v2\/categories?post=59321"},{"taxonomy":"post_tag","embeddable":true,"href":"https:\/\/noticiasveracruz.com\/index.php\/wp-json\/wp\/v2\/tags?post=59321"}],"curies":[{"name":"wp","href":"https:\/\/api.w.org\/{rel}","templated":true}]}}