{"id":59318,"date":"2025-06-27T00:01:08","date_gmt":"2025-06-27T06:01:08","guid":{"rendered":"https:\/\/noticiasveracruz.com\/?p=59318"},"modified":"2025-06-26T22:35:52","modified_gmt":"2025-06-27T04:35:52","slug":"mas-del-80-de-servidores-publicos-cumplieron-con-su-declaracion-patrimonial-cge","status":"publish","type":"post","link":"https:\/\/noticiasveracruz.com\/index.php\/2025\/06\/27\/mas-del-80-de-servidores-publicos-cumplieron-con-su-declaracion-patrimonial-cge\/","title":{"rendered":"M\u00e1s del 80 % de servidores p\u00fablicos cumplieron con su declaraci\u00f3n patrimonial: CGE"},"content":{"rendered":"<p>M\u00e1s del 80 por ciento de las personas servidoras p\u00fablicas de la administraci\u00f3n estatal cumplieron en tiempo y forma con la presentaci\u00f3n de su Declaraci\u00f3n de Situaci\u00f3n Patrimonial y de Intereses 2025.<\/p>\n<p>La Contralor\u00eda General del Estado (CGE) destac\u00f3 que este porcentaje, a\u00fan podr\u00eda aumentar con los registros extempor\u00e1neos; adem\u00e1s es reflejo del compromiso con la legalidad, transparencia y rendici\u00f3n de cuentas, pilares esenciales para fortalecer la confianza ciudadana en las instituciones del Estado.<\/p>\n<p>Para facilitar el llenado de esta obligaci\u00f3n legal, la Contralor\u00eda implement\u00f3 una serie de estrategias de acompa\u00f1amiento y difusi\u00f3n, entre las que destacan los m\u00f3dulos informativos y de asesor\u00eda instalados en distintas dependencias, con personal capacitado para brindar asistencia directa.<\/p>\n<p>El lanzamiento de un nuevo micrositio, con gu\u00edas paso a paso, videos tutoriales y una secci\u00f3n de preguntas frecuentes; la campa\u00f1a informativa en redes sociales, para sensibilizar a las y los servidores p\u00fablicos.<\/p>\n<p>La traducci\u00f3n de materiales a lenguas ind\u00edgenas, para asegurar el acceso a la informaci\u00f3n en contextos pluriculturales y el env\u00edo de notificaciones personalizadas por correo electr\u00f3nico y oficios, informando sobre esta obligaci\u00f3n.<\/p>\n<p>La coordinaci\u00f3n entre la Direcci\u00f3n de Responsabilidades Administrativas y la Direcci\u00f3n General de Fiscalizaci\u00f3n, permitieron ampliar la cobertura institucional y facilitar el proceso para miles de personas servidoras p\u00fablicas.<\/p>\n<p>La CGE reconoce el esfuerzo conjunto de las dependencias del Poder Ejecutivo, que actuaron de manera corresponsable para impulsar una cultura de legalidad dentro de sus estructuras.<\/p>\n<p>Asimismo, se invita a quienes no hayan presentado su declaraci\u00f3n dentro del periodo ordinario a acercarse a sus \u00d3rganos Internos de Control o contactar directamente a la dependencia, a fin de recibir orientaci\u00f3n para regularizar su situaci\u00f3n conforme a la Ley General de Responsabilidades Administrativas.<\/p>\n","protected":false},"excerpt":{"rendered":"<p>M\u00e1s del 80 por ciento de las personas servidoras p\u00fablicas de la administraci\u00f3n estatal cumplieron en tiempo y forma con<\/p>\n","protected":false},"author":4,"featured_media":59319,"comment_status":"closed","ping_status":"closed","sticky":false,"template":"","format":"standard","meta":{"colormag_page_container_layout":"default_layout","colormag_page_sidebar_layout":"default_layout","_jetpack_memberships_contains_paid_content":false,"footnotes":"","jetpack_publicize_message":"","jetpack_publicize_feature_enabled":true,"jetpack_social_post_already_shared":true,"jetpack_social_options":{"image_generator_settings":{"template":"highway","default_image_id":0,"font":"","enabled":false},"version":2}},"categories":[356],"tags":[],"class_list":["post-59318","post","type-post","status-publish","format-standard","has-post-thumbnail","hentry","category-veracruz"],"jetpack_publicize_connections":[],"jetpack_featured_media_url":"https:\/\/noticiasveracruz.com\/wp-content\/uploads\/2025\/06\/WhatsApp-Image-2025-06-26-at-19.39.26.jpeg","jetpack_sharing_enabled":true,"publishpress_future_action":{"enabled":false,"date":"2026-05-07 23:59:16","action":"change-status","newStatus":"draft","terms":[],"taxonomy":"category","extraData":[]},"publishpress_future_workflow_manual_trigger":{"enabledWorkflows":[]},"_links":{"self":[{"href":"https:\/\/noticiasveracruz.com\/index.php\/wp-json\/wp\/v2\/posts\/59318","targetHints":{"allow":["GET"]}}],"collection":[{"href":"https:\/\/noticiasveracruz.com\/index.php\/wp-json\/wp\/v2\/posts"}],"about":[{"href":"https:\/\/noticiasveracruz.com\/index.php\/wp-json\/wp\/v2\/types\/post"}],"author":[{"embeddable":true,"href":"https:\/\/noticiasveracruz.com\/index.php\/wp-json\/wp\/v2\/users\/4"}],"replies":[{"embeddable":true,"href":"https:\/\/noticiasveracruz.com\/index.php\/wp-json\/wp\/v2\/comments?post=59318"}],"version-history":[{"count":0,"href":"https:\/\/noticiasveracruz.com\/index.php\/wp-json\/wp\/v2\/posts\/59318\/revisions"}],"wp:featuredmedia":[{"embeddable":true,"href":"https:\/\/noticiasveracruz.com\/index.php\/wp-json\/wp\/v2\/media\/59319"}],"wp:attachment":[{"href":"https:\/\/noticiasveracruz.com\/index.php\/wp-json\/wp\/v2\/media?parent=59318"}],"wp:term":[{"taxonomy":"category","embeddable":true,"href":"https:\/\/noticiasveracruz.com\/index.php\/wp-json\/wp\/v2\/categories?post=59318"},{"taxonomy":"post_tag","embeddable":true,"href":"https:\/\/noticiasveracruz.com\/index.php\/wp-json\/wp\/v2\/tags?post=59318"}],"curies":[{"name":"wp","href":"https:\/\/api.w.org\/{rel}","templated":true}]}}