{"id":59238,"date":"2025-06-25T00:00:37","date_gmt":"2025-06-25T06:00:37","guid":{"rendered":"https:\/\/noticiasveracruz.com\/?p=59238"},"modified":"2025-06-24T23:33:38","modified_gmt":"2025-06-25T05:33:38","slug":"urge-ley-electoral","status":"publish","type":"post","link":"https:\/\/noticiasveracruz.com\/index.php\/2025\/06\/25\/urge-ley-electoral\/","title":{"rendered":"Urge ley electoral"},"content":{"rendered":"<p><span style=\"font-family: arial, helvetica, sans-serif; font-size: 14pt;\"><strong>ALMA GRANDE<\/strong><\/span><\/p>\n<p><span style=\"font-family: arial, helvetica, sans-serif; font-size: 14pt;\"><strong>Por \u00c1ngel \u00c1lvaro Pe\u00f1a<\/strong><\/span><\/p>\n<p><span style=\"font-family: arial, helvetica, sans-serif; font-size: 14pt;\">Cuando as\u00ed conviene a la oposici\u00f3n se\u00f1ala que el presupuesto del INE es muy alto, cuando el gobierno quiere reducirlo asegura que es muy poco lo que tiene, de tal suerte que la oposici\u00f3n es totalmente previsible en cualquiera de los intentos de reforma constitucional que pueda impulsar una reforma electoral.<\/span><\/p>\n<p><span style=\"font-family: arial, helvetica, sans-serif; font-size: 14pt;\">El periodo extraordinario de sesiones que comenz\u00f3 el martes 24 y terminar\u00e1 los primeros d\u00edas de julio, tendr\u00e1 m\u00e1s de 16 cambios estructurales en la Carta Magna, pero la sorpresa que surgi\u00f3 el primer d\u00eda de sesiones fue que se inclu\u00eda la reforma electoral, donde se debatir\u00e1 sobre la existencia de los plurinominales en el Congreso y la reducci\u00f3n del presupuesto al INE, y, por lo tanto, a los partidos, que sin representar a nadie ni tener v\u00ednculos con la poblaci\u00f3n reciben un subsidio que pagamos todos los mexicanos; para que tengan oficinas, computadoras, camionetas, choferes, gasolina y altos salarios. Un claro ejemplo de esto es el caso del PRD, al que todav\u00eda en algunos estados de la Rep\u00fablica se le sostiene con dinero para que impulse lo que le queda de poder.<\/span><\/p>\n<p><span style=\"font-family: arial, helvetica, sans-serif; font-size: 14pt;\">Desde luego la oposici\u00f3n, como siempre, recurre a su imaginaci\u00f3n y coloca en el debate supuestos que nada tienen que ver con la realidad, ni con el marco hist\u00f3rico ni con la ley.<\/span><\/p>\n<p><span style=\"font-family: arial, helvetica, sans-serif; font-size: 14pt;\">Aseguran que la propuesta gener\u00f3 posiciones encontradas entre integrantes de las principales fuerzas pol\u00edticas en el\u00a0Senado<strong>:<\/strong><\/span><\/p>\n<p><span style=\"font-family: arial, helvetica, sans-serif; font-size: 14pt;\">\u201cQuieren un control absoluto de nuestras decisiones, preferencias y datos personales, y eso no es democracia\u201d, a\u00f1adi\u00f3 un nost\u00e1lgico legislador priista que s\u00f3lo le queda la voz porque su voto en el Congreso es s\u00f3lo simb\u00f3lico.<\/span><\/p>\n<p><span style=\"font-family: arial, helvetica, sans-serif; font-size: 14pt;\">De inmediato surgieron cr\u00edticas, de todos los partidos al INE ante las deficiencias que tuvo en la elecci\u00f3n del Poder Judicial, asegurando que no estuvo a la altura del reto.<\/span><\/p>\n<p><span style=\"font-family: arial, helvetica, sans-serif; font-size: 14pt;\">La ley electoral se mantiene rezagada de manera permanente. Cada jornada de comicios arroja un aprendizaje y una experiencia nueva que los consejeros electorales deben entender como lecciones de la realidad que tienen la obligaci\u00f3n de adoptar. Pero el INE se limita a dar el nombre del ganador sin darse cuenta que los principales perdedores son los consejeros electorales que no han entendido, a pesar de sus m\u00faltiples t\u00edtulos nobiliarios, que una verdadera ley electoral debe renovarse cada tres a\u00f1os por lo menos.<\/span><\/p>\n<p><span style=\"font-family: arial, helvetica, sans-serif; font-size: 14pt;\">La falta de autocr\u00edtica es un factor importante en toda la estructura del INE. S\u00f3lo se han molestado en protestar cuando trataron de reducirles el salario, eran tiempos del impresentable Lorenzo C\u00f3rdova, y su alianza con la derecha no s\u00f3lo era evidente sino tan s\u00f3lida que rayaba en el delito electoral.<\/span><\/p>\n<p><span style=\"font-family: arial, helvetica, sans-serif; font-size: 14pt;\">La reforma electoral es un debate urgente, hay mucho rezago y nadie puede hablar de democracia cuando las leyes que rigen las elecciones, que son la esencia de la vida democr\u00e1tica, no se actualizan.<\/span><\/p>\n<p><span style=\"font-family: arial, helvetica, sans-serif; font-size: 14pt;\">Deber\u00e1 decirse adi\u00f3s a las plurinominales, porque su existencia pertenece a un tiempo en el que aquella oposici\u00f3n del siglo pasado carec\u00eda de espacios en el Congreso.<\/span><\/p>\n<p><span style=\"font-family: arial, helvetica, sans-serif; font-size: 14pt;\"><strong>PEGA Y CORRE.-<\/strong> Si el PRIAN anunci\u00f3 que en este periodo de sesiones extraordinarias votar\u00edan todo en contra, deber\u00edan abstenerse de participar en la tribuna, porque no tiene caso, al conocerse finalmente que votar\u00e1n en contra y s\u00f3lo quitan el tiempo a la din\u00e1mica del Congreso que tiene mucho trabajo\u2026Esta columna se publica los lunes, mi\u00e9rcoles y viernes.<\/span><\/p>\n<p><img loading=\"lazy\" decoding=\"async\" class=\"alignnone wp-image-59069 size-full\" src=\"http:\/\/noticiasveracruz.com\/wp-content\/uploads\/2025\/06\/FIRMA-EDITORIAL-PD-6.jpg\" alt=\"\" width=\"1024\" height=\"125\" srcset=\"https:\/\/noticiasveracruz.com\/wp-content\/uploads\/2025\/06\/FIRMA-EDITORIAL-PD-6.jpg 1024w, https:\/\/noticiasveracruz.com\/wp-content\/uploads\/2025\/06\/FIRMA-EDITORIAL-PD-6-300x37.jpg 300w, https:\/\/noticiasveracruz.com\/wp-content\/uploads\/2025\/06\/FIRMA-EDITORIAL-PD-6-768x94.jpg 768w\" sizes=\"auto, (max-width: 1024px) 100vw, 1024px\" \/><\/p>\n","protected":false},"excerpt":{"rendered":"<p>ALMA GRANDE Por \u00c1ngel \u00c1lvaro Pe\u00f1a Cuando as\u00ed conviene a la oposici\u00f3n se\u00f1ala que el presupuesto del INE es muy<\/p>\n","protected":false},"author":4,"featured_media":59089,"comment_status":"closed","ping_status":"closed","sticky":false,"template":"","format":"standard","meta":{"colormag_page_container_layout":"default_layout","colormag_page_sidebar_layout":"default_layout","_jetpack_memberships_contains_paid_content":false,"footnotes":"","jetpack_publicize_message":"","jetpack_publicize_feature_enabled":true,"jetpack_social_post_already_shared":true,"jetpack_social_options":{"image_generator_settings":{"template":"highway","default_image_id":0,"font":"","enabled":false},"version":2}},"categories":[6],"tags":[],"class_list":["post-59238","post","type-post","status-publish","format-standard","has-post-thumbnail","hentry","category-columnistas"],"jetpack_publicize_connections":[],"jetpack_featured_media_url":"https:\/\/noticiasveracruz.com\/wp-content\/uploads\/2025\/06\/BANNER-LOPEZ-DORIGA-DIGITAL-3.jpg","jetpack_sharing_enabled":true,"publishpress_future_action":{"enabled":false,"date":"2026-05-05 20:50:24","action":"change-status","newStatus":"draft","terms":[],"taxonomy":"category","extraData":[]},"publishpress_future_workflow_manual_trigger":{"enabledWorkflows":[]},"_links":{"self":[{"href":"https:\/\/noticiasveracruz.com\/index.php\/wp-json\/wp\/v2\/posts\/59238","targetHints":{"allow":["GET"]}}],"collection":[{"href":"https:\/\/noticiasveracruz.com\/index.php\/wp-json\/wp\/v2\/posts"}],"about":[{"href":"https:\/\/noticiasveracruz.com\/index.php\/wp-json\/wp\/v2\/types\/post"}],"author":[{"embeddable":true,"href":"https:\/\/noticiasveracruz.com\/index.php\/wp-json\/wp\/v2\/users\/4"}],"replies":[{"embeddable":true,"href":"https:\/\/noticiasveracruz.com\/index.php\/wp-json\/wp\/v2\/comments?post=59238"}],"version-history":[{"count":0,"href":"https:\/\/noticiasveracruz.com\/index.php\/wp-json\/wp\/v2\/posts\/59238\/revisions"}],"wp:featuredmedia":[{"embeddable":true,"href":"https:\/\/noticiasveracruz.com\/index.php\/wp-json\/wp\/v2\/media\/59089"}],"wp:attachment":[{"href":"https:\/\/noticiasveracruz.com\/index.php\/wp-json\/wp\/v2\/media?parent=59238"}],"wp:term":[{"taxonomy":"category","embeddable":true,"href":"https:\/\/noticiasveracruz.com\/index.php\/wp-json\/wp\/v2\/categories?post=59238"},{"taxonomy":"post_tag","embeddable":true,"href":"https:\/\/noticiasveracruz.com\/index.php\/wp-json\/wp\/v2\/tags?post=59238"}],"curies":[{"name":"wp","href":"https:\/\/api.w.org\/{rel}","templated":true}]}}