{"id":59234,"date":"2025-06-24T22:53:35","date_gmt":"2025-06-25T04:53:35","guid":{"rendered":"https:\/\/noticiasveracruz.com\/?p=59234"},"modified":"2025-06-24T22:53:35","modified_gmt":"2025-06-25T04:53:35","slug":"la-uv-bajo-secuestro","status":"publish","type":"post","link":"https:\/\/noticiasveracruz.com\/index.php\/2025\/06\/24\/la-uv-bajo-secuestro\/","title":{"rendered":"La UV bajo secuestro"},"content":{"rendered":"<p style=\"font-weight: 400;\"><em>\u201cNada m\u00e1s elocuente que la acci\u00f3n.\u201d \u2013 William Shakespeare.<\/em><\/p>\n<p style=\"font-weight: 400;\"><strong>La reciente decisi\u00f3n de la Junta de Gobierno de la Universidad Veracruzana (UV) de otorgar una pr\u00f3rroga al actual rector Mart\u00edn Aguilar S\u00e1nchez para continuar por otro periodo al frente de la instituci\u00f3n no solo resulta cuestionable, sino que constituye una violaci\u00f3n flagrante a los principios que rigen la vida universitaria.<\/strong><\/p>\n<p style=\"font-weight: 400;\"><strong>El rector, cuya edad rebasa los l\u00edmites marcados por la normatividad interna para ser elegible, ha sido ratificado bajo un procedimiento opaco, sospechoso y profundamente lesivo para la autonom\u00eda de la M\u00e1xima Casa de Estudios de Veracruz.<\/strong><\/p>\n<p style=\"font-weight: 400;\"><strong>Lo que est\u00e1 en juego aqu\u00ed no es un simple nombramiento, sino el respeto por la legalidad y la autonom\u00eda que durante d\u00e9cadas cost\u00f3 construir.<\/strong><\/p>\n<p style=\"font-weight: 400;\"><strong>La Junta de Gobierno, \u00f3rgano supuestamente garante de la vida acad\u00e9mica y de los procesos institucionales, ha optado por doblegarse ante intereses oscuros, desoyendo incluso a la propia gobernadora Roc\u00edo Nahle Garc\u00eda, quien con claridad expres\u00f3 su desacuerdo con la reelecci\u00f3n, mostrando respeto por los procesos internos de la UV. Esa expresi\u00f3n no fue solo una sugerencia pol\u00edtica, sino una postura institucional que fue despreciada sin pudor.<\/strong><\/p>\n<p style=\"font-weight: 400;\"><strong>M\u00e1s grave a\u00fan resulta el hecho de que la Junta de Gobierno haya ignorado a ex rectores, acad\u00e9micos, investigadores y aspirantes que manifestaron su preocupaci\u00f3n por este atropello.<\/strong><\/p>\n<p style=\"font-weight: 400;\"><strong>Lejos de abrir un di\u00e1logo respetuoso y plural, optaron por sellar una decisi\u00f3n que ya parec\u00eda escrita desde antes de iniciado el proceso.<\/strong><\/p>\n<p style=\"font-weight: 400;\"><strong>\u00bfD\u00f3nde qued\u00f3 el principio de m\u00e9rito acad\u00e9mico, la transparencia en la evaluaci\u00f3n de perfiles y el compromiso con la comunidad universitaria?<\/strong><\/p>\n<p style=\"font-weight: 400;\"><strong>La UV ha sido, hist\u00f3ricamente, un baluarte del pensamiento cr\u00edtico y la formaci\u00f3n de generaciones de veracruzanos. Hoy, lamentablemente, parece estar a merced de una estructura cupular que act\u00faa con visos de corrupci\u00f3n, perpetuando un modelo de poder sin contrapesos.<\/strong><\/p>\n<p style=\"font-weight: 400;\"><strong>La pr\u00f3rroga otorgada al rector Aguilar S\u00e1nchez no s\u00f3lo viola el reglamento, sino que deslegitima a la propia Junta de Gobierno, que se ha conducido de forma negligente, irresponsable y c\u00f3mplice.<\/strong><\/p>\n<p style=\"font-weight: 400;\"><strong>Este atropello no debe pasar desapercibido. Las universidades p\u00fablicas son pilares de la democracia, pero tambi\u00e9n reflejo de la salud institucional de un estado.<\/strong><\/p>\n<p style=\"font-weight: 400;\"><strong>Si la UV claudica en sus principios, si permite que intereses personales o facciones internas dictan el rumbo de su rector\u00eda, entonces Veracruz pierde mucho m\u00e1s que un proceso acad\u00e9mico: pierde credibilidad, confianza y un s\u00edmbolo de su vida intelectual.<\/strong><\/p>\n<p style=\"font-weight: 400;\"><strong>Ha llegado el momento de exigir rendici\u00f3n de cuentas. La autonom\u00eda universitaria no puede ser el pretexto para legalizar abusos.<\/strong><\/p>\n<p style=\"font-weight: 400;\"><strong>Hoy, la UV no es m\u00e1s aut\u00f3noma, es reh\u00e9n de una Junta de Gobierno que ha pisoteado su legado y que hoy debieran ser castigados y sancionados por tan manoseado proceso electivo.<\/strong><\/p>\n<p style=\"font-weight: 400;\"><strong>\u00a0<\/strong><\/p>\n<p style=\"font-weight: 400;\"><strong>Al tiempo.<\/strong><\/p>\n<p><img loading=\"lazy\" decoding=\"async\" class=\"alignnone wp-image-59069 size-full\" src=\"http:\/\/noticiasveracruz.com\/wp-content\/uploads\/2025\/06\/FIRMA-EDITORIAL-PD-6.jpg\" alt=\"\" width=\"1024\" height=\"125\" srcset=\"https:\/\/noticiasveracruz.com\/wp-content\/uploads\/2025\/06\/FIRMA-EDITORIAL-PD-6.jpg 1024w, https:\/\/noticiasveracruz.com\/wp-content\/uploads\/2025\/06\/FIRMA-EDITORIAL-PD-6-300x37.jpg 300w, https:\/\/noticiasveracruz.com\/wp-content\/uploads\/2025\/06\/FIRMA-EDITORIAL-PD-6-768x94.jpg 768w\" sizes=\"auto, (max-width: 1024px) 100vw, 1024px\" \/><\/p>\n","protected":false},"excerpt":{"rendered":"<p>\u201cNada m\u00e1s elocuente que la acci\u00f3n.\u201d \u2013 William Shakespeare. La reciente decisi\u00f3n de la Junta de Gobierno de la Universidad<\/p>\n","protected":false},"author":4,"featured_media":30989,"comment_status":"closed","ping_status":"closed","sticky":false,"template":"","format":"standard","meta":{"colormag_page_container_layout":"default_layout","colormag_page_sidebar_layout":"default_layout","_jetpack_memberships_contains_paid_content":false,"footnotes":"","jetpack_publicize_message":"","jetpack_publicize_feature_enabled":true,"jetpack_social_post_already_shared":true,"jetpack_social_options":{"image_generator_settings":{"template":"highway","default_image_id":0,"font":"","enabled":false},"version":2}},"categories":[6],"tags":[],"class_list":["post-59234","post","type-post","status-publish","format-standard","has-post-thumbnail","hentry","category-columnistas"],"jetpack_publicize_connections":[],"jetpack_featured_media_url":"https:\/\/noticiasveracruz.com\/wp-content\/uploads\/2024\/05\/LUIS-RAMIREZ-BAQUEIRO-800x445-1.png","jetpack_sharing_enabled":true,"publishpress_future_action":{"enabled":false,"date":"2026-05-05 20:35:47","action":"change-status","newStatus":"draft","terms":[],"taxonomy":"category","extraData":[]},"publishpress_future_workflow_manual_trigger":{"enabledWorkflows":[]},"_links":{"self":[{"href":"https:\/\/noticiasveracruz.com\/index.php\/wp-json\/wp\/v2\/posts\/59234","targetHints":{"allow":["GET"]}}],"collection":[{"href":"https:\/\/noticiasveracruz.com\/index.php\/wp-json\/wp\/v2\/posts"}],"about":[{"href":"https:\/\/noticiasveracruz.com\/index.php\/wp-json\/wp\/v2\/types\/post"}],"author":[{"embeddable":true,"href":"https:\/\/noticiasveracruz.com\/index.php\/wp-json\/wp\/v2\/users\/4"}],"replies":[{"embeddable":true,"href":"https:\/\/noticiasveracruz.com\/index.php\/wp-json\/wp\/v2\/comments?post=59234"}],"version-history":[{"count":0,"href":"https:\/\/noticiasveracruz.com\/index.php\/wp-json\/wp\/v2\/posts\/59234\/revisions"}],"wp:featuredmedia":[{"embeddable":true,"href":"https:\/\/noticiasveracruz.com\/index.php\/wp-json\/wp\/v2\/media\/30989"}],"wp:attachment":[{"href":"https:\/\/noticiasveracruz.com\/index.php\/wp-json\/wp\/v2\/media?parent=59234"}],"wp:term":[{"taxonomy":"category","embeddable":true,"href":"https:\/\/noticiasveracruz.com\/index.php\/wp-json\/wp\/v2\/categories?post=59234"},{"taxonomy":"post_tag","embeddable":true,"href":"https:\/\/noticiasveracruz.com\/index.php\/wp-json\/wp\/v2\/tags?post=59234"}],"curies":[{"name":"wp","href":"https:\/\/api.w.org\/{rel}","templated":true}]}}