{"id":59232,"date":"2025-06-24T22:51:04","date_gmt":"2025-06-25T04:51:04","guid":{"rendered":"https:\/\/noticiasveracruz.com\/?p=59232"},"modified":"2025-06-24T22:51:04","modified_gmt":"2025-06-25T04:51:04","slug":"rector-espurio","status":"publish","type":"post","link":"https:\/\/noticiasveracruz.com\/index.php\/2025\/06\/24\/rector-espurio\/","title":{"rendered":"Rector espurio"},"content":{"rendered":"<p>No fue inesperado que la Junta de Gobierno terminara aprobando la ilegal \u201cpr\u00f3rroga\u201d autom\u00e1tica que, sin estar contemplada como una opci\u00f3n espec\u00edfica en ninguna norma interna de la Universidad Veracruzana, solicit\u00f3 Mart\u00edn Aguilar S\u00e1nchez para enquistarse en la rector\u00eda otros cuatro a\u00f1os, a pesar de que ya no cumple con el requisito de la edad ni tiene m\u00e9rito alguno para seguir ah\u00ed.<\/p>\n<p>Desde que se supo de la intenci\u00f3n de torcer la ley para que el peor rector de la historia de la Universidad Veracruzana se quedara otros cuatro a\u00f1os sin someterse al escrutinio de la comunidad universitaria, impidiendo que otros aspirantes pudiesen postularse en su leg\u00edtimo derecho, era previsible que los perpetradores ten\u00edan la decisi\u00f3n tomada y que todo lo dem\u00e1s ser\u00eda una simulaci\u00f3n, muy al estilo de la \u201c4t\u201d, para darle alg\u00fan aire de legitimidad a lo que, en los hechos, es una burda imposici\u00f3n.<\/p>\n<p>As\u00ed fue. Mart\u00edn Aguilar y sus \u201ccilindreros\u201d se \u201cinterpretaron\u201d un supuesto \u201cderecho\u201d a prorrogar de manera directa un periodo rectoral, lo cual no existe en ninguna de las leyes internas invocadas para \u201csustentar\u201d, falazmente, este gigantesco fraude a la legalidad.<\/p>\n<p>Si bien se incluye en las leyes org\u00e1nica y de autonom\u00eda que el periodo de un rector puede prorrogarse una sola vez, en ning\u00fan lado se establece que pueda hacerse a petici\u00f3n del interesado y de manera directa. En cambio, las normas de la UV marcan cu\u00e1l es el procedimiento para el cambio de periodo en la rector\u00eda, que comienza con la emisi\u00f3n de una convocatoria y la inscripci\u00f3n de todos los interesados en participar. Precisamente, lo que Aguilar y su hoy fraudulenta Junta de Gobierno evitaron a toda costa.<\/p>\n<p>Pero no obstante lo anterior, lo hicieron de la manera m\u00e1s desaseada posible. Por principio de cuentas, desoyeron las voces de la comunidad universitaria que exig\u00edan apegarse a la legalidad, en especial, a las que se expresaron claramente y de frente durante la sesi\u00f3n del Consejo Universitario General y que en su cara le dijeron a Mart\u00edn Aguilar \u201c\u00a1Pr\u00f3rroga No!\u201d.<\/p>\n<p>Adem\u00e1s, se inventaron un procedimiento de supuesta \u201cconsulta\u201d a la comunidad UV que tampoco cuenta con sustento legal alguno. En ninguna normatividad se contempla la opci\u00f3n con la que la Junta de Gobierno pretendi\u00f3 legitimar la decisi\u00f3n que ya ten\u00eda tomada.<\/p>\n<p>Y ni as\u00ed lograron darle ni un gramo de autenticidad a ese montaje. De acuerdo con los datos dados a conocer por la propia Junta de Gobierno, en la \u201cconsulta\u201d hechiza participaron en total dos mil 839 personas, de la cuales, las que \u201caprobaron\u201d la continuidad de Mart\u00edn Aguilar fueron mil 676, lo que representa el 1.65 por ciento del total de la comunidad universitaria en las cinco regiones del estado de Veracruz. Un completo fiasco. Estilo elecci\u00f3n judicial.<\/p>\n<p>No es todo. De esas personas que participaron en la simulaci\u00f3n de consulta y avalaron la pr\u00f3rroga, la mayor\u00eda lo hicieron bajo coacci\u00f3n, con la amenaza de la p\u00e9rdida de prestaciones y del empleo mismo, para lo cual la rector\u00eda cont\u00f3 con la complicidad de los sindicatos, principalmente el de los acad\u00e9micos, el Fesapauv, cuyo sempiterno l\u00edder Enrique Levet Gorozpe, trans\u00f3 con Aguilar. Finalmente, fue una muestra cruda y en tiempo real de c\u00f3mo se ha sostenido al frente del organismo gremial durante m\u00e1s de tres d\u00e9cadas.<\/p>\n<p>El culmen del descr\u00e9dito y el desprestigio lo aport\u00f3 directamente la Junta de Gobierno. Dos de sus integrantes, las acad\u00e9micas Mar\u00eda Ang\u00e9lica Buend\u00eda y Hayde\u00e9 Zizumbo Ram\u00edrez, se negaron a avalar la imposici\u00f3n de Mart\u00edn Aguilar y en los d\u00edas previos renunciaron a ese cuerpo colegiado, que oper\u00f3 m\u00e1s bien como una pandilla mafiosa para consumar el golpe a la Universidad Veracruzana.<\/p>\n<p>Los aspirantes a la rector\u00eda desplazados llamaron a una protesta para este mi\u00e9rcoles por la ma\u00f1ana afuera de la rector\u00eda. De su poder de convocatoria, las acciones que decidan tomar y el apoyo que reciban depender\u00e1 el futuro mismo de una instituci\u00f3n que hoy es reh\u00e9n de un grupo pol\u00edtico abiertamente af\u00edn al r\u00e9gimen, con todo lo que eso implica.<\/p>\n<p>Si la comunidad no responde con la contundencia que amerita el caso, la Universidad estar\u00e1 perdida y se merecer\u00e1n tener otros cuatro a\u00f1os no solo a un rector pusil\u00e1nime, sin talento ni capacidad, sino a uno que es capaz de poner en riesgo a estudiantes, acad\u00e9micos y personal administrativo solo por hacerse el \u201cmacho\u201d, como sucedi\u00f3 este fin de semana cuando se pas\u00f3 por el \u201carco del triunfo\u201d la suspensi\u00f3n de clases decretada por el gobierno estatal, y las instalaciones de la Facultad de Ciencias Administrativas y Sociales se inundaron por las fuertes lluvias que azotaron Xalapa y que estaban pronosticadas.<\/p>\n<p>Pero por encima de todo, tendr\u00e1n un rector espurio, cobarde y violador de la ley.<\/p>\n<p>&nbsp;<\/p>\n<p><strong>Nahle, damnificada del affaire UV<\/strong><\/p>\n<p><strong>\u00a0<\/strong>Si la gobernadora Roc\u00edo Nahle no se hubiese pronunciado en ning\u00fan sentido sobre la sucesi\u00f3n rectoral \u2013como le correspond\u00eda haber hecho-, nadie tendr\u00eda algo que reclamarle, pues habr\u00eda respetado la autonom\u00eda de la Universidad.<\/p>\n<p>Pero s\u00ed lo hizo y se manifest\u00f3 a favor de que se respetara la legalidad y se cumpliera con el requisito de la edad para el rector que entra en funciones, claramente en contra de la permanencia de Mart\u00edn Aguilar.<\/p>\n<p>La decisi\u00f3n de sostenerlo \u2013ilegalmente-, representa un golpe pol\u00edtico dur\u00edsimo para la gobernadora. No solo porque no la pelaron, sino porque el \u201ccilindrero\u201d detr\u00e1s de Mart\u00edn Aguilar es el senador Manuel Huerta Ladr\u00f3n de Guevara, quien le disput\u00f3 a Nahle la candidatura de Morena a la gubernatura y, en t\u00e9rminos estrictos, se la gan\u00f3. Solo que hubo un \u201cdedito\u201d que la se\u00f1al\u00f3 a ella.<\/p>\n<p>Nahle qued\u00f3 evidenciada en su debilidad pol\u00edtica ante su principal adversario que, contra lo que muchos piensan, no se apellida Yunes.<\/p>\n<p><img loading=\"lazy\" decoding=\"async\" class=\"alignnone wp-image-59069 size-full\" src=\"http:\/\/noticiasveracruz.com\/wp-content\/uploads\/2025\/06\/FIRMA-EDITORIAL-PD-6.jpg\" alt=\"\" width=\"1024\" height=\"125\" srcset=\"https:\/\/noticiasveracruz.com\/wp-content\/uploads\/2025\/06\/FIRMA-EDITORIAL-PD-6.jpg 1024w, https:\/\/noticiasveracruz.com\/wp-content\/uploads\/2025\/06\/FIRMA-EDITORIAL-PD-6-300x37.jpg 300w, https:\/\/noticiasveracruz.com\/wp-content\/uploads\/2025\/06\/FIRMA-EDITORIAL-PD-6-768x94.jpg 768w\" sizes=\"auto, (max-width: 1024px) 100vw, 1024px\" \/><\/p>\n","protected":false},"excerpt":{"rendered":"<p>No fue inesperado que la Junta de Gobierno terminara aprobando la ilegal \u201cpr\u00f3rroga\u201d autom\u00e1tica que, sin estar contemplada como una<\/p>\n","protected":false},"author":4,"featured_media":39719,"comment_status":"closed","ping_status":"closed","sticky":false,"template":"","format":"standard","meta":{"colormag_page_container_layout":"default_layout","colormag_page_sidebar_layout":"default_layout","_jetpack_memberships_contains_paid_content":false,"footnotes":"","jetpack_publicize_message":"","jetpack_publicize_feature_enabled":true,"jetpack_social_post_already_shared":true,"jetpack_social_options":{"image_generator_settings":{"template":"highway","default_image_id":0,"font":"","enabled":false},"version":2}},"categories":[6],"tags":[],"class_list":["post-59232","post","type-post","status-publish","format-standard","has-post-thumbnail","hentry","category-columnistas"],"jetpack_publicize_connections":[],"jetpack_featured_media_url":"https:\/\/noticiasveracruz.com\/wp-content\/uploads\/2024\/09\/NV-RUBICA-2.jpg","jetpack_sharing_enabled":true,"publishpress_future_action":{"enabled":false,"date":"2026-05-05 20:18:23","action":"change-status","newStatus":"draft","terms":[],"taxonomy":"category","extraData":[]},"publishpress_future_workflow_manual_trigger":{"enabledWorkflows":[]},"_links":{"self":[{"href":"https:\/\/noticiasveracruz.com\/index.php\/wp-json\/wp\/v2\/posts\/59232","targetHints":{"allow":["GET"]}}],"collection":[{"href":"https:\/\/noticiasveracruz.com\/index.php\/wp-json\/wp\/v2\/posts"}],"about":[{"href":"https:\/\/noticiasveracruz.com\/index.php\/wp-json\/wp\/v2\/types\/post"}],"author":[{"embeddable":true,"href":"https:\/\/noticiasveracruz.com\/index.php\/wp-json\/wp\/v2\/users\/4"}],"replies":[{"embeddable":true,"href":"https:\/\/noticiasveracruz.com\/index.php\/wp-json\/wp\/v2\/comments?post=59232"}],"version-history":[{"count":0,"href":"https:\/\/noticiasveracruz.com\/index.php\/wp-json\/wp\/v2\/posts\/59232\/revisions"}],"wp:featuredmedia":[{"embeddable":true,"href":"https:\/\/noticiasveracruz.com\/index.php\/wp-json\/wp\/v2\/media\/39719"}],"wp:attachment":[{"href":"https:\/\/noticiasveracruz.com\/index.php\/wp-json\/wp\/v2\/media?parent=59232"}],"wp:term":[{"taxonomy":"category","embeddable":true,"href":"https:\/\/noticiasveracruz.com\/index.php\/wp-json\/wp\/v2\/categories?post=59232"},{"taxonomy":"post_tag","embeddable":true,"href":"https:\/\/noticiasveracruz.com\/index.php\/wp-json\/wp\/v2\/tags?post=59232"}],"curies":[{"name":"wp","href":"https:\/\/api.w.org\/{rel}","templated":true}]}}